{"id":3750,"date":"2011-12-18T06:00:18","date_gmt":"2011-12-18T04:00:18","guid":{"rendered":"http:\/\/kinanen.fi\/wordpress\/?p=3750"},"modified":"2011-12-17T22:32:38","modified_gmt":"2011-12-17T20:32:38","slug":"18-12-neljas-adventti","status":"publish","type":"post","link":"https:\/\/www.kinanen.fi\/nukkekoti\/18-12-neljas-adventti\/","title":{"rendered":"18.12. Nelj\u00e4s adventti"},"content":{"rendered":"<p>Eevert sytytt\u00e4\u00e4 nelj\u00e4nnen kynttil\u00e4n adventti-kynttelik\u00f6\u00f6ns\u00e4.<\/p>\n<p>&nbsp;<\/p>\n<figure id=\"attachment_3846\" aria-describedby=\"caption-attachment-3846\" style=\"width: 500px\" class=\"wp-caption aligncenter\"><a href=\"http:\/\/kinanen.fi\/wordpress\/wp-content\/uploads\/2011\/10\/Adventti_4.jpg\"><img fetchpriority=\"high\" decoding=\"async\" class=\"size-full wp-image-3846\" title=\"Adventti_4\" src=\"http:\/\/kinanen.fi\/wordpress\/wp-content\/uploads\/2011\/10\/Adventti_4.jpg\" alt=\"Nelj\u00e4 kynttil\u00e4\u00e4\" width=\"500\" height=\"375\" \/><\/a><figcaption id=\"caption-attachment-3846\" class=\"wp-caption-text\">Nelj\u00e4 kynttil\u00e4\u00e4<\/figcaption><\/figure>\n<p>&nbsp;<\/p>\n<p>Nelj\u00e4s adventti on omistettu Marialle, lasta odottavalle \u00e4idille. Katsellessaan kynttil\u00e4\u00e4 Eevert pohtii \u00e4itiytt\u00e4 ja sit\u00e4 teht\u00e4v\u00e4\u00e4 mik\u00e4 tuolle nuorelle naiselle oli annettu kertomusten mukaan. Mitk\u00e4 ovat mahtaneetkaan olla nuoren naisen ajatukset tuona aikana. Paljon vastuuta asetettiin hennoille hartioille. Monesti maailmalla vierailtuaan Eevert on Marian tai madonnan hahmojen edess\u00e4 pys\u00e4htynyt ja miettinyt kuinka on omassa el\u00e4m\u00e4ss\u00e4\u00e4n vastaanottanut kaikki ne teht\u00e4v\u00e4t ja vastuut joita eteen on annettu. Rohkea ja luottavainen neito on tuo Maria ollut.<\/p>\n<p>&nbsp;<\/p>\n<figure id=\"attachment_3851\" aria-describedby=\"caption-attachment-3851\" style=\"width: 480px\" class=\"wp-caption aligncenter\"><a href=\"http:\/\/kinanen.fi\/wordpress\/wp-content\/uploads\/2011\/10\/madonna.jpg\"><img decoding=\"async\" class=\"size-full wp-image-3851\" title=\"madonna\" src=\"http:\/\/kinanen.fi\/wordpress\/wp-content\/uploads\/2011\/10\/madonna.jpg\" alt=\"Madonna\" width=\"480\" height=\"640\" \/><\/a><figcaption id=\"caption-attachment-3851\" class=\"wp-caption-text\">Madonna<\/figcaption><\/figure>\n<p>&nbsp;<\/p>\n<p>Pian Eevertin ajatukset palaavat pieneen keitti\u00f6\u00f6ns\u00e4. T\u00e4n\u00e4\u00e4n on tulossa naapurin poika apuun el\u00e4inten jouluappeiden valmistelussa. Jo useampana vuonna on tullut tavaksi puuhastella yhdess\u00e4 ja tehd\u00e4 muillekin kyl\u00e4l\u00e4isille pihapuuhun lintuja varten talipalloja maukkailla siemenill\u00e4.<\/p>\n<p>Viimevuonna olikin hyv\u00e4 resepti. Mist\u00e4s se l\u00f6ytyik\u00e4\u00e4n? Taisi olla jokin ikivanha kirja, mink\u00e4 kellastuneilta sivuilta luetiin el\u00e4inten talviruokinnasta. Ennenvanhaan ei ollut isoja marketteja mist\u00e4 osataa valmiita ev\u00e4it\u00e4. Silloin kaikki tehtiin taloissa valmiiksi. On se vaan aika muuttunut. Mutta toisiaan, se kirja. Eevert l\u00e4hteekin oikop\u00e4\u00e4t\u00e4 tutkimaan ikivanhojen kirjojen osastoaan. Olikohan se Aukusti Juhana Melan kirjoista, vai mist\u00e4&#8230;. mumisee Eevert aarteidensa keskell\u00e4. Melapa hyvinkin, t\u00e4ss\u00e4 h\u00e4n se onkin&#8230; Kokonainen kirja linnuista. Vanhoja papereita tipahtelee hyllyst\u00e4 lattialle kun mies aloittaa keskittyneen matkansa kirjan sivuille.<\/p>\n<p>&nbsp;<\/p>\n<figure id=\"attachment_3848\" aria-describedby=\"caption-attachment-3848\" style=\"width: 500px\" class=\"wp-caption aligncenter\"><a href=\"http:\/\/kinanen.fi\/wordpress\/wp-content\/uploads\/2011\/10\/kirjat1.jpg\"><img decoding=\"async\" class=\"size-full wp-image-3848\" title=\"kirjat\" src=\"http:\/\/kinanen.fi\/wordpress\/wp-content\/uploads\/2011\/10\/kirjat1.jpg\" alt=\"Ikiaikaiset kirjat\" width=\"500\" height=\"375\" \/><\/a><figcaption id=\"caption-attachment-3848\" class=\"wp-caption-text\">Ikiaikaiset kirjat<\/figcaption><\/figure>\n<p>&nbsp;<\/p>\n<p>Pian kuuluu eteisest\u00e4 \u00e4\u00e4ni\u00e4. Naapurin pikkuapulainen sielt\u00e4 jo saapuu ja alkurupattelun j\u00e4lkeen pari aloittaakin t\u00e4rke\u00e4t hommansa. P\u00e4iv\u00e4 kuluu kuin siivill\u00e4.<\/p>\n<p>Melan antamia ohjeita seurataan alkuun hyvinkin tarkasti, mutta pian mielikuvitus saa vallan ja kattilaan sujahtaa kaikkea pikkulintujen herkkuosastolle sopivaa. Ravitsevia jyvi\u00e4 ja suolatonta silavaa. Siit\u00e4 sit\u00e4 syntyy vanhoillakin ohjeilla kelpo ruokaa pakkaseen lintujen nautittavaksi.<\/p>\n<p>&nbsp;<\/p>\n<figure id=\"attachment_3853\" aria-describedby=\"caption-attachment-3853\" style=\"width: 500px\" class=\"wp-caption aligncenter\"><a href=\"http:\/\/kinanen.fi\/wordpress\/wp-content\/uploads\/2011\/10\/Siemenseos.jpg\"><img loading=\"lazy\" decoding=\"async\" class=\"size-full wp-image-3853\" title=\"Siemenseos\" src=\"http:\/\/kinanen.fi\/wordpress\/wp-content\/uploads\/2011\/10\/Siemenseos.jpg\" alt=\"Linnuille apetta\" width=\"500\" height=\"457\" \/><\/a><figcaption id=\"caption-attachment-3853\" class=\"wp-caption-text\">Linnuille apetta<\/figcaption><\/figure>\n<p>&nbsp;<\/p>\n<p>T\u00e4h\u00e4n aikaan vuodesta p\u00e4iv\u00e4 ei pitk\u00e4lle paista ja h\u00e4m\u00e4r\u00e4n saavuttua on ahkeralla kaksikolla kaakaon aika. Kaakao juodaan yhdess\u00e4 ja poika palaa juoksujalkaa kotiin k\u00e4siss\u00e4\u00e4n tuomisia omaan pihaan pikku yst\u00e4vi\u00e4 varten.<\/p>\n<p>Pojan menty\u00e4 Eevert j\u00e4\u00e4 katselemaan palavia nelj\u00e4\u00e4 kynttil\u00e4\u00e4. Marian kynttil\u00e4 lepattaa suurimmalla liekill\u00e4 ja kiinnitt\u00e4\u00e4 Eevertin huomion.<\/p>\n<p>Niin, Maria ja \u00e4idit ovat t\u00e4rkeit\u00e4. P\u00e4iv\u00e4n aikana Eevertin mieleen on tulleet my\u00f6s is\u00e4t. Kuinka merkitt\u00e4v\u00e4\u00e4 onkaan, ett\u00e4 pojalla ja tyt\u00f6ll\u00e4 on is\u00e4 jonka kanssa puuhata p\u00e4ivitt\u00e4isi\u00e4 asioita ja jakaa kokemuksia. Ihan ilman muuta ei ole\u00a0 selv\u00e4\u00e4 n\u00e4in\u00e4 aikoina, ett\u00e4 jokaisella se biologinen is\u00e4 olisi olemassa. Mieskavereita silloin tarvitaan \u2013 v\u00e4h\u00e4n niin kuin t\u00e4n\u00e4\u00e4nkin kun yhdess\u00e4 tehtiin valmisteluja pihan linnuille. Kuinka virkist\u00e4v\u00e4\u00e4 se olikaan vanhan miehen mielest\u00e4.<\/p>\n<p>Adventin ajatukset eiv\u00e4t j\u00e4t\u00e4 Eeverti\u00e4 rauhaan. V\u00e4h\u00e4n v\u00e4li\u00e4 h\u00e4n palaa teemaan. Jotakin on mieleen tulollaan, mutta kovasti se nyt jossakin odotuttaa havahtumistaan. Palauttaessaan vanhaa kirjaa paikoilleen, Eevert huomaa laittialle pudonneet paperit. Pinon seassa on vanhoja joulukortteja. Hetken niit\u00e4 selailtuaan Eevertin huomio kiinnittyy juuri tuohon perheeseen jonka vaihista monet joulunajan kertomukset kertovat. Marialla oli haastava teht\u00e4v\u00e4, mutta niin oli Joosefillakin. Ja t\u00e4m\u00e4n joulukortin kuvasta voi p\u00e4\u00e4tell\u00e4, ett\u00e4 ei se Joosefinkaan teht\u00e4v\u00e4 niin helppo ollut. Mit\u00e4 mahtoikaan Joosefin mieless\u00e4 liikkua kun paimenet talliin tulivat kumartamaan joulun lasta?<\/p>\n<p>&nbsp;<\/p>\n<figure id=\"attachment_3854\" aria-describedby=\"caption-attachment-3854\" style=\"width: 500px\" class=\"wp-caption aligncenter\"><a href=\"http:\/\/kinanen.fi\/wordpress\/wp-content\/uploads\/2011\/10\/Pyh%C3%A4perhe.jpg\"><img loading=\"lazy\" decoding=\"async\" class=\"size-full wp-image-3854\" title=\"Pyh\u00e4perhe\" src=\"http:\/\/kinanen.fi\/wordpress\/wp-content\/uploads\/2011\/10\/Pyh%C3%A4perhe.jpg\" alt=\"Jouluperhe\" width=\"500\" height=\"385\" \/><\/a><figcaption id=\"caption-attachment-3854\" class=\"wp-caption-text\">Jouluperhe - Taddeo Bartoli<\/figcaption><\/figure>\n<p>&nbsp;<\/p>\n<p>Iltaa my\u00f6ten Eevertin pohdinta siirtyy takaisin Joosefiin. Maria odotti lasta ja Joosef tiesi, ett\u00e4 h\u00e4n ei ole lapsen is\u00e4. Siihen maailman aikaan asetelma on ollut hyvin vaikea. Vaikka p\u00e4iv\u00e4 on periaatteessa omistettu Marialle, niin keskeist\u00e4 ehk\u00e4 onkin Joosefin valinta \u2013 my\u00f6ntyminen is\u00e4ksi. Is\u00e4\u00e4 tarvitaan. Eevert p\u00e4\u00e4tyykin ajatukseen, ett\u00e4 p\u00e4iv\u00e4 on my\u00f6s sellaisten isien p\u00e4iv\u00e4, jotka kantavat is\u00e4n vastuun ja ottavat paikkansa is\u00e4n\u00e4 lapsen el\u00e4m\u00e4ss\u00e4. Suostuvat is\u00e4ksi.<\/p>\n<p>&nbsp;<\/p>\n<figure id=\"attachment_3850\" aria-describedby=\"caption-attachment-3850\" style=\"width: 500px\" class=\"wp-caption aligncenter\"><a href=\"http:\/\/kinanen.fi\/wordpress\/wp-content\/uploads\/2011\/10\/makuukamari.jpg\"><img loading=\"lazy\" decoding=\"async\" class=\"size-full wp-image-3850\" title=\"makuukamari\" src=\"http:\/\/kinanen.fi\/wordpress\/wp-content\/uploads\/2011\/10\/makuukamari.jpg\" alt=\"Makuukamari\" width=\"500\" height=\"449\" \/><\/a><figcaption id=\"caption-attachment-3850\" class=\"wp-caption-text\">Makuukamari<\/figcaption><\/figure>\n<p>&nbsp;<\/p>\n<p>Melkoinen luottamusteht\u00e4v\u00e4 meille miehille, ajattelee Eevert ja siirtyy hiljalleen kohti makuukamariaan.<\/p>\n<p>&nbsp;<\/p>\n<p>&nbsp;<\/p>\n","protected":false},"excerpt":{"rendered":"<p>Eevert sytytt\u00e4\u00e4 nelj\u00e4nnen kynttil\u00e4n adventti-kynttelik\u00f6\u00f6ns\u00e4. &nbsp; &nbsp; Nelj\u00e4s adventti on omistettu Marialle, lasta odottavalle \u00e4idille. Katsellessaan kynttil\u00e4\u00e4 Eevert pohtii \u00e4itiytt\u00e4 ja sit\u00e4 teht\u00e4v\u00e4\u00e4 mik\u00e4 tuolle nuorelle naiselle oli annettu kertomusten mukaan. Mitk\u00e4 ovat mahtaneetkaan olla nuoren naisen ajatukset tuona aikana. Paljon vastuuta asetettiin hennoille hartioille. Monesti maailmalla vierailtuaan Eevert on Marian tai madonnan hahmojen edess\u00e4 [&hellip;]<\/p>\n","protected":false},"author":1,"featured_media":0,"comment_status":"open","ping_status":"open","sticky":false,"template":"","format":"standard","meta":{"footnotes":""},"categories":[],"tags":[],"class_list":["post-3750","post","type-post","status-publish","format-standard","hentry"],"_links":{"self":[{"href":"https:\/\/www.kinanen.fi\/nukkekoti\/wp-json\/wp\/v2\/posts\/3750","targetHints":{"allow":["GET"]}}],"collection":[{"href":"https:\/\/www.kinanen.fi\/nukkekoti\/wp-json\/wp\/v2\/posts"}],"about":[{"href":"https:\/\/www.kinanen.fi\/nukkekoti\/wp-json\/wp\/v2\/types\/post"}],"author":[{"embeddable":true,"href":"https:\/\/www.kinanen.fi\/nukkekoti\/wp-json\/wp\/v2\/users\/1"}],"replies":[{"embeddable":true,"href":"https:\/\/www.kinanen.fi\/nukkekoti\/wp-json\/wp\/v2\/comments?post=3750"}],"version-history":[{"count":6,"href":"https:\/\/www.kinanen.fi\/nukkekoti\/wp-json\/wp\/v2\/posts\/3750\/revisions"}],"predecessor-version":[{"id":4228,"href":"https:\/\/www.kinanen.fi\/nukkekoti\/wp-json\/wp\/v2\/posts\/3750\/revisions\/4228"}],"wp:attachment":[{"href":"https:\/\/www.kinanen.fi\/nukkekoti\/wp-json\/wp\/v2\/media?parent=3750"}],"wp:term":[{"taxonomy":"category","embeddable":true,"href":"https:\/\/www.kinanen.fi\/nukkekoti\/wp-json\/wp\/v2\/categories?post=3750"},{"taxonomy":"post_tag","embeddable":true,"href":"https:\/\/www.kinanen.fi\/nukkekoti\/wp-json\/wp\/v2\/tags?post=3750"}],"curies":[{"name":"wp","href":"https:\/\/api.w.org\/{rel}","templated":true}]}}