{"id":3764,"date":"2011-12-25T06:00:50","date_gmt":"2011-12-25T04:00:50","guid":{"rendered":"http:\/\/kinanen.fi\/wordpress\/?p=3764"},"modified":"2011-12-25T00:35:25","modified_gmt":"2011-12-24T22:35:25","slug":"25-12-joulupaiva","status":"publish","type":"post","link":"https:\/\/www.kinanen.fi\/nukkekoti\/25-12-joulupaiva\/","title":{"rendered":"25.12. Joulup\u00e4iv\u00e4"},"content":{"rendered":"<p>Joulup\u00e4iv\u00e4 valkenee. Eevertin kuusen kynttil\u00e4t tervehtiv\u00e4t miest\u00e4 jo heti aamusta. Jouluy\u00f6n\u00e4 s\u00e4hk\u00f6kynttil\u00f6it\u00e4 ei sammuteta ollenkaan, vaan saavat palaa ja levitt\u00e4\u00e4 l\u00e4mmint\u00e4 hohdettaan kautta y\u00f6n. Aamuhetkess\u00e4 ei muuta valoa tarvitakkaan.<\/p>\n<p>Jouluaamuna on monesti her\u00e4tty jolukirkkoon. Aikanaan koko v\u00e4ki siirtyi l\u00e4hikirkkoon kuulemaan joulun sanomaa. Nykyisell\u00e4\u00e4n vanha mies on ottanut vastaan tekniikan mukanaan tuoman mahdollisuuden ja vieraillut radion tai TV:n kautta monissa muissa kirkoissa. Niin nytkin. Aamukahvia juoden ja kirkonmenoja kuunnellen. N\u00e4ytt\u00e4\u00e4 olevankin tuttuja kirkonmiehi\u00e4 t\u00e4n\u00e4 vuonna ty\u00f6vuorossa.<\/p>\n<p>&nbsp;<\/p>\n<figure id=\"attachment_4115\" aria-describedby=\"caption-attachment-4115\" style=\"width: 500px\" class=\"wp-caption aligncenter\"><a href=\"http:\/\/kinanen.fi\/wordpress\/wp-content\/uploads\/2011\/11\/Joulu.jpg\"><img fetchpriority=\"high\" decoding=\"async\" class=\"size-full wp-image-4115\" title=\"Joulu\" src=\"http:\/\/kinanen.fi\/wordpress\/wp-content\/uploads\/2011\/11\/Joulu.jpg\" alt=\"Joulukahvi\" width=\"500\" height=\"362\" \/><\/a><figcaption id=\"caption-attachment-4115\" class=\"wp-caption-text\">Jouluaamun kahvihetki<\/figcaption><\/figure>\n<p>&nbsp;<\/p>\n<p>Joulup\u00e4iv\u00e4 on tunnelmaltaan jo ihan toisenalainen kuin aatto. Silloin rauha ja lepo on hyvin havaittavissa pieness\u00e4kin taloudessa. Lahjapaketit on avattu ja on aika keskitty\u00e4 niihin. Kirjojen parissa Eevert viihtyy hyvin ja saattaa jokunen makoisa suklaapalakin vilahtaa suuhun niit\u00e4 lukiessa, vaikka makeista mies ei juurikaan v\u00e4lit\u00e4. Juhla on juhla, tuumii Eevert poimiessaan viel\u00e4 yhden konvehdin suuhunsa ja avaa joululehden.<\/p>\n<p>&nbsp;<\/p>\n<figure id=\"attachment_4116\" aria-describedby=\"caption-attachment-4116\" style=\"width: 500px\" class=\"wp-caption aligncenter\"><a href=\"http:\/\/kinanen.fi\/wordpress\/wp-content\/uploads\/2011\/11\/Joulu2.jpg\"><img decoding=\"async\" class=\"size-full wp-image-4116\" title=\"Joulu2\" src=\"http:\/\/kinanen.fi\/wordpress\/wp-content\/uploads\/2011\/11\/Joulu2.jpg\" alt=\"Jouluinen lukuhetki\" width=\"500\" height=\"375\" \/><\/a><figcaption id=\"caption-attachment-4116\" class=\"wp-caption-text\">Lukuhetki<\/figcaption><\/figure>\n<p>&nbsp;<\/p>\n<p>P\u00e4iv\u00e4llinen on suuri hetki. Joulup\u00f6yt\u00e4 suorastaan notkuu herkkuja ja makuja. Eevert arvostaa perinteit\u00e4 ja on pyrkinytkin loihtimaan itselleen merkitt\u00e4v\u00e4n kattauksen. Sellaisen, johon muistaa lapsuudessaan istahtaneensa kun \u00e4iti tai iso\u00e4iti oli juhlaa valmistamassa. Jokaiselle l\u00f6ytyi siit\u00e4 p\u00f6yd\u00e4st\u00e4 jokin oma suosikkiherkku.<\/p>\n<p>&nbsp;<\/p>\n<figure id=\"attachment_4117\" aria-describedby=\"caption-attachment-4117\" style=\"width: 500px\" class=\"wp-caption aligncenter\"><a href=\"http:\/\/kinanen.fi\/wordpress\/wp-content\/uploads\/2011\/11\/Aatto5.jpg\"><img decoding=\"async\" class=\"size-full wp-image-4117\" title=\"Aatto5\" src=\"http:\/\/kinanen.fi\/wordpress\/wp-content\/uploads\/2011\/11\/Aatto5.jpg\" alt=\"Joulup\u00f6yt\u00e4\" width=\"500\" height=\"445\" \/><\/a><figcaption id=\"caption-attachment-4117\" class=\"wp-caption-text\">Joulup\u00f6yt\u00e4<\/figcaption><\/figure>\n<p>&nbsp;<\/p>\n<p>Herkkua n\u00e4ytt\u00e4\u00e4 olevankin tarjolla. kurkataanpa hieman l\u00e4hemmin mit\u00e4 p\u00f6yd\u00e4st\u00e4 l\u00f6ytyy.<\/p>\n<p>&nbsp;<\/p>\n<p>Kaloja ja rosollia tietenkin! N\u00e4ytt\u00e4\u00e4 olevan lasimestarin silli\u00e4kin. Ennenvanhaan jouluna esi\u00e4idit &#8211; kukin vuorollaan teki lasimestarinsilli\u00e4 j\u00e4lkipolville kotiin viet\u00e4viksi. Ja joka ainoa joulu ne unohtuivat ottaa mukaan. Sek\u00f6s aina perheitten lapsia jaksoi naurattaa kun kotiin palatessa keksittiin ett\u00e4 taaskin k\u00e4vi n\u00e4in \ud83d\ude09<\/p>\n<p>&nbsp;<\/p>\n<figure id=\"attachment_4118\" aria-describedby=\"caption-attachment-4118\" style=\"width: 500px\" class=\"wp-caption aligncenter\"><a href=\"http:\/\/kinanen.fi\/wordpress\/wp-content\/uploads\/2011\/11\/Aatto16.jpg\"><img loading=\"lazy\" decoding=\"async\" class=\"size-full wp-image-4118\" title=\"Aatto16\" src=\"http:\/\/kinanen.fi\/wordpress\/wp-content\/uploads\/2011\/11\/Aatto16.jpg\" alt=\"Rosollia\" width=\"500\" height=\"417\" \/><\/a><figcaption id=\"caption-attachment-4118\" class=\"wp-caption-text\">Rosollia<\/figcaption><\/figure>\n<p>&nbsp;<\/p>\n<p>Kinkku on komea. Lienee ihan isommasta p\u00e4\u00e4st\u00e4. Eevertin ihan itse paistama ja maustama komeus. Siit\u00e4 kelpaa siipoa ihan kunnon siivuja lautaselle.<\/p>\n<p>&nbsp;<\/p>\n<figure id=\"attachment_4119\" aria-describedby=\"caption-attachment-4119\" style=\"width: 500px\" class=\"wp-caption aligncenter\"><a href=\"http:\/\/kinanen.fi\/wordpress\/wp-content\/uploads\/2011\/11\/Joulu4.jpg\"><img loading=\"lazy\" decoding=\"async\" class=\"size-full wp-image-4119\" title=\"Joulu4\" src=\"http:\/\/kinanen.fi\/wordpress\/wp-content\/uploads\/2011\/11\/Joulu4.jpg\" alt=\"Kinkku\" width=\"500\" height=\"375\" \/><\/a><figcaption id=\"caption-attachment-4119\" class=\"wp-caption-text\">Kinkku on Eevertinkin joulup\u00f6yd\u00e4n kunkku<\/figcaption><\/figure>\n<p>&nbsp;<\/p>\n<p>Ulos on satanut uutta lunta ja tehnyt kaiken niin kauniiksi. Eevert sytytt\u00e4\u00e4 kaikki lyhtyns\u00e4 pihalla. H\u00e4m\u00e4r\u00e4ss\u00e4 ne n\u00e4ytt\u00e4v\u00e4t kauniilta ja n\u00e4in joulunaikaan tuovat viel\u00e4 omia s\u00e4vyj\u00e4\u00e4n mukaan. Aivan kuin lyhtyjen valossa vilahtaisi niin monia jouluun liittyvi\u00e4 hahmojakin. Enkeleit\u00e4 ainakin&#8230;<\/p>\n<p>&nbsp;<\/p>\n<figure id=\"attachment_4120\" aria-describedby=\"caption-attachment-4120\" style=\"width: 500px\" class=\"wp-caption aligncenter\"><a href=\"http:\/\/kinanen.fi\/wordpress\/wp-content\/uploads\/2011\/11\/Aatto10.jpg\"><img loading=\"lazy\" decoding=\"async\" class=\"size-full wp-image-4120\" title=\"Aatto10\" src=\"http:\/\/kinanen.fi\/wordpress\/wp-content\/uploads\/2011\/11\/Aatto10.jpg\" alt=\"Jouluenkeli\" width=\"500\" height=\"499\" \/><\/a><figcaption id=\"caption-attachment-4120\" class=\"wp-caption-text\">Jouluenkeli<\/figcaption><\/figure>\n<p>&nbsp;<\/p>\n<p>Pihalla lumiukko jatkaa vartioimistaan ja aivan kuin hymyilisi vanhan miehen huokauksille. On joulu sent\u00e4\u00e4n mukavaa aikaa. Silloin kun ei tarvitse olla aina ihan vakavana vaan saa el\u00e4\u00e4 niin monessa joulukulttuurissa mukana.<\/p>\n<p>&nbsp;<\/p>\n<figure id=\"attachment_4121\" aria-describedby=\"caption-attachment-4121\" style=\"width: 501px\" class=\"wp-caption aligncenter\"><a href=\"http:\/\/kinanen.fi\/wordpress\/wp-content\/uploads\/2011\/11\/Joulu6.jpg\"><img loading=\"lazy\" decoding=\"async\" class=\"size-full wp-image-4121\" title=\"Joulu6\" src=\"http:\/\/kinanen.fi\/wordpress\/wp-content\/uploads\/2011\/11\/Joulu6.jpg\" alt=\"Pihamaalla\" width=\"501\" height=\"540\" \/><\/a><figcaption id=\"caption-attachment-4121\" class=\"wp-caption-text\">Pihamaalla vartio lumiukko<\/figcaption><\/figure>\n<p>&nbsp;<\/p>\n<p>Eevertin koti on jouluasussa. Enkeleit\u00e4 ja tonttuja l\u00f6ytyy sielt\u00e4 t\u00e4\u00e4lt\u00e4. V\u00e4rej\u00e4 ja tuoksuja, hyv\u00e4\u00e4 tahtoa ja levollisuutta.<\/p>\n<p>Seimen sanoma on l\u00e4hell\u00e4 ja koskettavana juuri t\u00e4n\u00e4\u00e4n.<\/p>\n<p>&nbsp;<\/p>\n<figure id=\"attachment_4122\" aria-describedby=\"caption-attachment-4122\" style=\"width: 500px\" class=\"wp-caption aligncenter\"><a href=\"http:\/\/kinanen.fi\/wordpress\/wp-content\/uploads\/2011\/11\/Aatto7.jpg\"><img loading=\"lazy\" decoding=\"async\" class=\"size-full wp-image-4122\" title=\"Aatto7\" src=\"http:\/\/kinanen.fi\/wordpress\/wp-content\/uploads\/2011\/11\/Aatto7.jpg\" alt=\"Eevertin seimi\" width=\"500\" height=\"627\" \/><\/a><figcaption id=\"caption-attachment-4122\" class=\"wp-caption-text\">Eevertin seimi<\/figcaption><\/figure>\n<p>&nbsp;<\/p>\n<p style=\"text-align: center;\">Kaikuu taivas, kaikuu maa<br \/>\nSuurinta sanomaa.<br \/>\nOn Vapahtaja syntynyt,<br \/>\nSiis riemuin veisatkaa!<\/p>\n<p>&nbsp;<\/p>\n<p>&nbsp;<\/p>\n<p>&nbsp;<\/p>\n<h2 style=\"text-align: center;\"><span style=\"color: #ffcc99;\">\u00a0Eevert toivottaa kaikille lukijoilleen oikein hyv\u00e4\u00e4 Joulua!<\/span><\/h2>\n<p>&nbsp;<\/p>\n<p>_________________________________________________<\/p>\n<p>Kinkku sek\u00e4 valkoiset vuokalaatikot omia, kaikki muut <a href=\"http:\/\/jatanukkekodinruokia.vuodatus.net\/\" target=\"_blank\">Jatan<\/a> taikasormista l\u00e4ht\u00f6isin.<\/p>\n<p>&nbsp;<\/p>\n<p>&nbsp;<\/p>\n<p>&nbsp;<\/p>\n","protected":false},"excerpt":{"rendered":"<p>Joulup\u00e4iv\u00e4 valkenee. Eevertin kuusen kynttil\u00e4t tervehtiv\u00e4t miest\u00e4 jo heti aamusta. Jouluy\u00f6n\u00e4 s\u00e4hk\u00f6kynttil\u00f6it\u00e4 ei sammuteta ollenkaan, vaan saavat palaa ja levitt\u00e4\u00e4 l\u00e4mmint\u00e4 hohdettaan kautta y\u00f6n. Aamuhetkess\u00e4 ei muuta valoa tarvitakkaan. Jouluaamuna on monesti her\u00e4tty jolukirkkoon. Aikanaan koko v\u00e4ki siirtyi l\u00e4hikirkkoon kuulemaan joulun sanomaa. Nykyisell\u00e4\u00e4n vanha mies on ottanut vastaan tekniikan mukanaan tuoman mahdollisuuden ja vieraillut radion [&hellip;]<\/p>\n","protected":false},"author":1,"featured_media":0,"comment_status":"open","ping_status":"open","sticky":false,"template":"","format":"standard","meta":{"footnotes":""},"categories":[],"tags":[],"class_list":["post-3764","post","type-post","status-publish","format-standard","hentry"],"_links":{"self":[{"href":"https:\/\/www.kinanen.fi\/nukkekoti\/wp-json\/wp\/v2\/posts\/3764","targetHints":{"allow":["GET"]}}],"collection":[{"href":"https:\/\/www.kinanen.fi\/nukkekoti\/wp-json\/wp\/v2\/posts"}],"about":[{"href":"https:\/\/www.kinanen.fi\/nukkekoti\/wp-json\/wp\/v2\/types\/post"}],"author":[{"embeddable":true,"href":"https:\/\/www.kinanen.fi\/nukkekoti\/wp-json\/wp\/v2\/users\/1"}],"replies":[{"embeddable":true,"href":"https:\/\/www.kinanen.fi\/nukkekoti\/wp-json\/wp\/v2\/comments?post=3764"}],"version-history":[{"count":10,"href":"https:\/\/www.kinanen.fi\/nukkekoti\/wp-json\/wp\/v2\/posts\/3764\/revisions"}],"predecessor-version":[{"id":4124,"href":"https:\/\/www.kinanen.fi\/nukkekoti\/wp-json\/wp\/v2\/posts\/3764\/revisions\/4124"}],"wp:attachment":[{"href":"https:\/\/www.kinanen.fi\/nukkekoti\/wp-json\/wp\/v2\/media?parent=3764"}],"wp:term":[{"taxonomy":"category","embeddable":true,"href":"https:\/\/www.kinanen.fi\/nukkekoti\/wp-json\/wp\/v2\/categories?post=3764"},{"taxonomy":"post_tag","embeddable":true,"href":"https:\/\/www.kinanen.fi\/nukkekoti\/wp-json\/wp\/v2\/tags?post=3764"}],"curies":[{"name":"wp","href":"https:\/\/api.w.org\/{rel}","templated":true}]}}