{"id":3799,"date":"2011-10-29T08:01:47","date_gmt":"2011-10-29T05:01:47","guid":{"rendered":"http:\/\/kinanen.fi\/wordpress\/?p=3799"},"modified":"2011-10-29T08:41:56","modified_gmt":"2011-10-29T05:41:56","slug":"hetki-elamasta","status":"publish","type":"post","link":"https:\/\/www.kinanen.fi\/nukkekoti\/hetki-elamasta\/","title":{"rendered":"Hetki el\u00e4m\u00e4st\u00e4"},"content":{"rendered":"<p>Eevertin hiljaisuuden hetket ovat takana p\u00e4in ja mukana muistot. Joitakin muistoja Eevert tallensi kameran kautta tuleville p\u00e4iville. Niiden kautta on hyv\u00e4 palauttaa mieleen kokemuksia ja tapahtumia.<\/p>\n<p>Syksyinen maisema aamu-usvineen on kaunis.<\/p>\n<figure id=\"attachment_3800\" aria-describedby=\"caption-attachment-3800\" style=\"width: 500px\" class=\"wp-caption aligncenter\"><a href=\"http:\/\/kinanen.fi\/wordpress\/wp-content\/uploads\/2011\/10\/Heponiemi.jpg\"><img fetchpriority=\"high\" decoding=\"async\" class=\"size-full wp-image-3800\" title=\"Heponiemi\" src=\"http:\/\/kinanen.fi\/wordpress\/wp-content\/uploads\/2011\/10\/Heponiemi.jpg\" alt=\"Aamuj\u00e4rvi\" width=\"500\" height=\"333\" \/><\/a><figcaption id=\"caption-attachment-3800\" class=\"wp-caption-text\">Aamuj\u00e4rvi<\/figcaption><\/figure>\n<p>Samalta paikalta avautui useammanlaisia n\u00e4kymi\u00e4.<\/p>\n<p>&nbsp;<\/p>\n<figure id=\"attachment_3801\" aria-describedby=\"caption-attachment-3801\" style=\"width: 501px\" class=\"wp-caption aligncenter\"><a href=\"http:\/\/kinanen.fi\/wordpress\/wp-content\/uploads\/2011\/10\/Heponiemi2.jpg\"><img decoding=\"async\" class=\"size-full wp-image-3801\" title=\"Heponiemi2\" src=\"http:\/\/kinanen.fi\/wordpress\/wp-content\/uploads\/2011\/10\/Heponiemi2.jpg\" alt=\"Usvan nousu\" width=\"501\" height=\"334\" \/><\/a><figcaption id=\"caption-attachment-3801\" class=\"wp-caption-text\">Usvan hiljainen nousu<\/figcaption><\/figure>\n<p>&nbsp;<\/p>\n<p>Hiljalleen, auringon l\u00e4mmitt\u00e4ess\u00e4 kosteus tiivistyi melkeinp\u00e4 l\u00e4pitunkemattomaksi.<\/p>\n<p>&nbsp;<\/p>\n<figure id=\"attachment_3802\" aria-describedby=\"caption-attachment-3802\" style=\"width: 504px\" class=\"wp-caption aligncenter\"><a href=\"http:\/\/kinanen.fi\/wordpress\/wp-content\/uploads\/2011\/10\/Heponiemi3.jpg\"><img decoding=\"async\" class=\"size-full wp-image-3802\" title=\"Heponiemi3\" src=\"http:\/\/kinanen.fi\/wordpress\/wp-content\/uploads\/2011\/10\/Heponiemi3.jpg\" alt=\"Umpiusva\" width=\"504\" height=\"336\" \/><\/a><figcaption id=\"caption-attachment-3802\" class=\"wp-caption-text\">Umpiusva<\/figcaption><\/figure>\n<p>&nbsp;<\/p>\n<p>Muutamassa minuutissa koko maisema oli j\u00e4lleen kirkastunut ja kylpi auringon s\u00e4teiss\u00e4 kauniina ja hehke\u00e4n\u00e4. Ihmeellinen on luonto.<\/p>\n<p>Tapasipa Eevert mieleisens\u00e4 tomeran em\u00e4nn\u00e4nkin. Seh\u00e4n oli my\u00f6s mukaan saatava &#8211; ainakin kuvana. N\u00e4ytt\u00e4\u00e4 tuo pieni ihmekin nauttivan aamuauringosta ja olemassaolostaan oikein kunnolla. Olipa siin\u00e4 tyytyv\u00e4isen oloinen pieni olento. Ja aivan muistojen mummon n\u00e4k\u00f6inen!<\/p>\n<p>Eevert oikein ihmetteli, kuinka jokin pienen pieni &#8211; vaikka vain pikkuinen keraaminen koriste &#8211; osaakin saattaa hyv\u00e4lle mielelle vain olemassa olollaan. Siin\u00e4 se seisoi p\u00f6yd\u00e4n kulmalla, niinkuin olisi aina siin\u00e4 ollut huvittamassa kanssakulkijoita. Niinp\u00e4 niin, pieni\u00e4 enkeleit\u00e4 taitaa olla monessa paikassa. Emme niit\u00e4 vain aina heti huomaa. Olemme enkeleit\u00e4 toinen toisellemme el\u00e4m\u00e4n varrella. Tuntuu aivan silt\u00e4, kuin er\u00e4s sellainen olisi juuri parhaillaan lukemassa t\u00e4t\u00e4 blogia!<\/p>\n<p>Pienen enkelin my\u00f6t\u00e4 Eevert toivottaa kaikille lukijoilleen oikein hyv\u00e4\u00e4 viikonloppua.<\/p>\n<figure id=\"attachment_3803\" aria-describedby=\"caption-attachment-3803\" style=\"width: 427px\" class=\"wp-caption aligncenter\"><a href=\"http:\/\/kinanen.fi\/wordpress\/wp-content\/uploads\/2011\/10\/Heponiemi5.jpg\"><img loading=\"lazy\" decoding=\"async\" class=\"size-full wp-image-3803\" title=\"Heponiemi5\" src=\"http:\/\/kinanen.fi\/wordpress\/wp-content\/uploads\/2011\/10\/Heponiemi5.jpg\" alt=\"Enkeli\" width=\"427\" height=\"640\" \/><\/a><figcaption id=\"caption-attachment-3803\" class=\"wp-caption-text\">Keraaminen enkeli<\/figcaption><\/figure>\n<p>&nbsp;<\/p>\n<p style=\"text-align: center;\"><span style=\"color: #c0c0c0;\">Puhun enkeleiden kanssa<\/span><br \/>\n<span style=\"color: #c0c0c0;\"> niin kuin puhutaan \u00e4idille, veljelle,<\/span><br \/>\n<span style=\"color: #c0c0c0;\"> pyydet\u00e4\u00e4n apua<\/span><br \/>\n<span style=\"color: #c0c0c0;\"> sellaiseen mik\u00e4 saa<\/span><br \/>\n<span style=\"color: #c0c0c0;\"> sormen jumalankin suuhun<\/span><\/p>\n<p style=\"text-align: center;\"><span style=\"color: #c0c0c0;\">Enkelten nauru jos mik\u00e4\u00e4n<\/span><br \/>\n<span style=\"color: #c0c0c0;\"> kykenee muuttamaan<\/span><br \/>\n<span style=\"color: #c0c0c0;\"> mustan valkoiseksi<\/span><br \/>\n<span style=\"color: #c0c0c0;\"> tekem\u00e4tt\u00e4 v\u00e4\u00e4ryytt\u00e4 yhdellekk\u00e4\u00e4n v\u00e4rille<\/span><\/p>\n<p style=\"text-align: center;\"><span style=\"color: #c0c0c0;\">Enkeleille ihmeet<\/span><br \/>\n<span style=\"color: #c0c0c0;\"> ovat pelkk\u00e4 j\u00e4rjestelykysymys<\/span><br \/>\n<span style=\"color: #c0c0c0;\"> Niin vajaavaiset ovat t\u00e4m\u00e4n vajavaisen p\u00e4\u00e4n<\/span><br \/>\n<span style=\"color: #c0c0c0;\"> kaksi kuumottavaa korvaa,<\/span><br \/>\n<span style=\"color: #c0c0c0;\"> eiv\u00e4t kuule enkelten naurua<\/span><br \/>\n<span style=\"color: #c0c0c0;\"> Kolmas korva on tukossa<\/span><br \/>\n<span style=\"color: #c0c0c0;\"> syv\u00e4st\u00e4 murheesta<\/span><br \/>\n<span style=\"color: #c0c0c0;\"> ja ihmisten typerist\u00e4 puheista<\/span><\/p>\n<p style=\"text-align: center;\"><span style=\"color: #c0c0c0;\">&#8211; Tommy Tabermann-<\/span><\/p>\n","protected":false},"excerpt":{"rendered":"<p>Eevertin hiljaisuuden hetket ovat takana p\u00e4in ja mukana muistot. Joitakin muistoja Eevert tallensi kameran kautta tuleville p\u00e4iville. Niiden kautta on hyv\u00e4 palauttaa mieleen kokemuksia ja tapahtumia. Syksyinen maisema aamu-usvineen on kaunis. Samalta paikalta avautui useammanlaisia n\u00e4kymi\u00e4. &nbsp; &nbsp; Hiljalleen, auringon l\u00e4mmitt\u00e4ess\u00e4 kosteus tiivistyi melkeinp\u00e4 l\u00e4pitunkemattomaksi. &nbsp; &nbsp; Muutamassa minuutissa koko maisema oli j\u00e4lleen kirkastunut ja [&hellip;]<\/p>\n","protected":false},"author":1,"featured_media":0,"comment_status":"open","ping_status":"open","sticky":false,"template":"","format":"standard","meta":{"footnotes":""},"categories":[],"tags":[],"class_list":["post-3799","post","type-post","status-publish","format-standard","hentry"],"_links":{"self":[{"href":"https:\/\/www.kinanen.fi\/nukkekoti\/wp-json\/wp\/v2\/posts\/3799","targetHints":{"allow":["GET"]}}],"collection":[{"href":"https:\/\/www.kinanen.fi\/nukkekoti\/wp-json\/wp\/v2\/posts"}],"about":[{"href":"https:\/\/www.kinanen.fi\/nukkekoti\/wp-json\/wp\/v2\/types\/post"}],"author":[{"embeddable":true,"href":"https:\/\/www.kinanen.fi\/nukkekoti\/wp-json\/wp\/v2\/users\/1"}],"replies":[{"embeddable":true,"href":"https:\/\/www.kinanen.fi\/nukkekoti\/wp-json\/wp\/v2\/comments?post=3799"}],"version-history":[{"count":11,"href":"https:\/\/www.kinanen.fi\/nukkekoti\/wp-json\/wp\/v2\/posts\/3799\/revisions"}],"predecessor-version":[{"id":3806,"href":"https:\/\/www.kinanen.fi\/nukkekoti\/wp-json\/wp\/v2\/posts\/3799\/revisions\/3806"}],"wp:attachment":[{"href":"https:\/\/www.kinanen.fi\/nukkekoti\/wp-json\/wp\/v2\/media?parent=3799"}],"wp:term":[{"taxonomy":"category","embeddable":true,"href":"https:\/\/www.kinanen.fi\/nukkekoti\/wp-json\/wp\/v2\/categories?post=3799"},{"taxonomy":"post_tag","embeddable":true,"href":"https:\/\/www.kinanen.fi\/nukkekoti\/wp-json\/wp\/v2\/tags?post=3799"}],"curies":[{"name":"wp","href":"https:\/\/api.w.org\/{rel}","templated":true}]}}