{"id":4055,"date":"2011-12-24T06:00:55","date_gmt":"2011-12-24T04:00:55","guid":{"rendered":"http:\/\/kinanen.fi\/wordpress\/?p=4055"},"modified":"2011-12-24T07:24:30","modified_gmt":"2011-12-24T05:24:30","slug":"24-12-jouluaatto-2","status":"publish","type":"post","link":"https:\/\/www.kinanen.fi\/nukkekoti\/24-12-jouluaatto-2\/","title":{"rendered":"24.12. Jouluaatto"},"content":{"rendered":"<p>Aattoaamuun liittyy aina aivan omanlaistaan j\u00e4nnityst\u00e4. Koti on siivottu ja saatettu juhlakuntoon. Viimeisi\u00e4, ehk\u00e4 jopa perinteisi\u00e4 askareita kuuluu jouluaaton teht\u00e4viin.<\/p>\n<p>Yksi sellainen Eevertill\u00e4 on kuusen koristelu hyvin varhain aamulla. Mets\u00e4st\u00e4 noudettu kuusi saa kynttil\u00e4t oksilleen. Kauniit joulupallot loistavat kynttil\u00e4iden valossa satumaista hohdettaan. Karkkikaupan piparminttusauvat ovat l\u00f6yt\u00e4neet my\u00f6s tiens\u00e4 kuusen oksille. Ja n\u00e4ytt\u00e4\u00e4 siel\u00e4 olevan t\u00f6tter\u00f6llinen jouluherkkujakin. Makoisan koristeen Eevert onkin l\u00f6yt\u00e4nyt kuuseensa!<\/p>\n<p>&nbsp;<\/p>\n<figure id=\"attachment_4127\" aria-describedby=\"caption-attachment-4127\" style=\"width: 480px\" class=\"wp-caption aligncenter\"><a href=\"http:\/\/kinanen.fi\/wordpress\/wp-content\/uploads\/2011\/12\/Aatto1.jpg\"><img fetchpriority=\"high\" decoding=\"async\" class=\"size-full wp-image-4127\" title=\"Aatto1\" src=\"http:\/\/kinanen.fi\/wordpress\/wp-content\/uploads\/2011\/12\/Aatto1.jpg\" alt=\"Herkkut\u00f6tter\u00f6\" width=\"480\" height=\"640\" \/><\/a><figcaption id=\"caption-attachment-4127\" class=\"wp-caption-text\">Herkkut\u00f6tter\u00f6 kuusessa<\/figcaption><\/figure>\n<p>&nbsp;<\/p>\n<p>Eevertin kuusen huipulla komeilee iso t\u00e4hti, muistuttamassa siit\u00e4 t\u00e4hdest\u00e4 joka aikanaan valaisi taivasta ja johdatti kulkijoita Jeesus-lapsen luo.<\/p>\n<p>&nbsp;<\/p>\n<figure id=\"attachment_4108\" aria-describedby=\"caption-attachment-4108\" style=\"width: 501px\" class=\"wp-caption aligncenter\"><a href=\"http:\/\/kinanen.fi\/wordpress\/wp-content\/uploads\/2011\/11\/Aatto2.jpg\"><img decoding=\"async\" class=\"size-full wp-image-4108\" title=\"Aatto2\" src=\"http:\/\/kinanen.fi\/wordpress\/wp-content\/uploads\/2011\/11\/Aatto2.jpg\" alt=\"Latvat\u00e4hti\" width=\"501\" height=\"554\" \/><\/a><figcaption id=\"caption-attachment-4108\" class=\"wp-caption-text\">Latvat\u00e4hti<\/figcaption><\/figure>\n<p>&nbsp;<\/p>\n<p>Aikansa ahkeroituaan kuusen kanssa siit\u00e4 tulikin oikein komea ja mies on hyvin tyytyv\u00e4inen koristeluun.<\/p>\n<p>&nbsp;<\/p>\n<figure id=\"attachment_4129\" aria-describedby=\"caption-attachment-4129\" style=\"width: 500px\" class=\"wp-caption aligncenter\"><a href=\"http:\/\/kinanen.fi\/wordpress\/wp-content\/uploads\/2011\/12\/Aatto11.jpg\"><img decoding=\"async\" class=\"size-full wp-image-4129\" title=\"Aatto11\" src=\"http:\/\/kinanen.fi\/wordpress\/wp-content\/uploads\/2011\/12\/Aatto11.jpg\" alt=\"Kuusi valmiina\" width=\"500\" height=\"407\" \/><\/a><figcaption id=\"caption-attachment-4129\" class=\"wp-caption-text\">Kuusi valmiina juhlaan<\/figcaption><\/figure>\n<p>&nbsp;<\/p>\n<p>Jouluaattona on my\u00f6s puurop\u00e4iv\u00e4. Aikaisesta, hyvin aikaisesta aamusta on Eeverttil\u00e4n puuropata muhinut. Jotakin erityisen levollista on siin\u00e4 kun saa aamulla kaikessa rauhassa nauttia hyv\u00e4st\u00e4 riisipuurosta ja katsella samalla joulupuun kimmellyst\u00e4, muuten h\u00e4m\u00e4r\u00e4ss\u00e4 salissa. Jouluradiosta kuuluu kauniita jouluisia s\u00e4velmi\u00e4 ja rauha on laskeutunut taloon. Pikkuiset el\u00e4inyst\u00e4v\u00e4tkin ovat levossa ja k\u00e4pertyneen\u00e4 takan edustalle suloiseen l\u00e4mp\u00f6\u00f6n.<\/p>\n<p>&nbsp;<\/p>\n<figure id=\"attachment_4109\" aria-describedby=\"caption-attachment-4109\" style=\"width: 501px\" class=\"wp-caption aligncenter\"><a href=\"http:\/\/www.jouluradio.fi\/\" target=\"_blank\"><img loading=\"lazy\" decoding=\"async\" class=\"size-full wp-image-4109\" title=\"Aatto14\" src=\"http:\/\/kinanen.fi\/wordpress\/wp-content\/uploads\/2011\/11\/Aatto14.jpg\" alt=\"Kirjoitusp\u00f6yt\u00e4\" width=\"501\" height=\"376\" \/><\/a><figcaption id=\"caption-attachment-4109\" class=\"wp-caption-text\">Jouluradio on p\u00e4\u00e4ll\u00e4 - klikkaa kuvaa kuunnellaksesi<\/figcaption><\/figure>\n<p>&nbsp;<\/p>\n<p>Aaton perinteisiin kuuluu sekin, ett\u00e4 kaikki ty\u00f6t on tehty joulurauhan julistukseen menness\u00e4. Silloin istahdetaan talossa television \u00e4\u00e4reen ja kuunnelaan tuo vanha julistus syv\u00e4ll\u00e4 hartaudella. Silloin avataan joulu gl\u00f6gimukin ja piparkakun kanssa. Itsetehty mustaviinimarjagl\u00f6gi sopii tilanteeseen parhaiten.<\/p>\n<p>&nbsp;<\/p>\n<figure id=\"attachment_4110\" aria-describedby=\"caption-attachment-4110\" style=\"width: 500px\" class=\"wp-caption aligncenter\"><a href=\"http:\/\/kinanen.fi\/wordpress\/wp-content\/uploads\/2011\/11\/Aatto.jpg\"><img loading=\"lazy\" decoding=\"async\" class=\"size-full wp-image-4110\" title=\"Aatto\" src=\"http:\/\/kinanen.fi\/wordpress\/wp-content\/uploads\/2011\/11\/Aatto.jpg\" alt=\"Joulun avaus\" width=\"500\" height=\"375\" \/><\/a><figcaption id=\"caption-attachment-4110\" class=\"wp-caption-text\">Joulun avaus<\/figcaption><\/figure>\n<p>&nbsp;<\/p>\n<p>Monelle lapselle ja my\u00f6s Eevertille aatto on pitk\u00e4 p\u00e4iv\u00e4. J\u00e4nnityst\u00e4 on jos jotakin, eik\u00e4 ollenkaan v\u00e4hiten sellaista liity joulupukin tai tonttujen k\u00e4yntiin illalla. Joulupukin kuuma linja on Eevertin suosikkiohjelmia t\u00e4h\u00e4n p\u00e4iv\u00e4\u00e4n. Mik\u00e4 ihana j\u00e4nnitys lasten kautta tarttuukaan my\u00f6s vanhaan mieheen. Silm\u00e4t kostuvat liikutuksesta moneen kertaan. Niin paljon liittyy tunteita ja muistoja n\u00e4ihin aikoihin.<\/p>\n<p>Iltap\u00e4iv\u00e4ll\u00e4 Eevert ottaa esille satukirjan ja lukee joulusadun. (Saman kertomuksen voit lukea klikkaamalla alla olevaa &#8221;<span style=\"color: #ffcc99;\">Read the rest on this entry<\/span>&#8221; painiketta kertomuksen alla.)\u00a0 Sadun j\u00e4lkeen on loistava aika ottaa pienet p\u00e4iv\u00e4unet. Eevert uneksii&#8230;. mist\u00e4 arvelet miehen uneksivan?<\/p>\n<p>&nbsp;<\/p>\n<figure id=\"attachment_4111\" aria-describedby=\"caption-attachment-4111\" style=\"width: 500px\" class=\"wp-caption aligncenter\"><a href=\"http:\/\/kinanen.fi\/wordpress\/wp-content\/uploads\/2011\/11\/Aatto17.jpg\"><img loading=\"lazy\" decoding=\"async\" class=\"size-full wp-image-4111\" title=\"Aatto17\" src=\"http:\/\/kinanen.fi\/wordpress\/wp-content\/uploads\/2011\/11\/Aatto17.jpg\" alt=\"P\u00e4iv\u00e4unet\" width=\"500\" height=\"569\" \/><\/a><figcaption id=\"caption-attachment-4111\" class=\"wp-caption-text\">P\u00e4iv\u00e4uneksija<\/figcaption><\/figure>\n<p>&nbsp;<\/p>\n<p>Hyviss\u00e4ajoin ennen iltaa Eevert ryhtyy saunanl\u00e4mmityspuuhiin. Puusaunassa on aivan erityinen tuntu ja oma rituaalinsa on sen sytytt\u00e4mnenkin. Hartaana Eevert veist\u00e4\u00e4 kauniisti kaartuvia kiehisi\u00e4 ja asettelee ne kuivien koivuklapien kanssa pes\u00e4\u00e4n. Tulitikulla h\u00e4n sytytt\u00e4\u00e4 pikkuisen kiehisen. Pian tuli viri\u00e4\u00e4 pes\u00e4ss\u00e4 ja tuttu ritin\u00e4 t\u00e4ytt\u00e4\u00e4 pikku saunan. Siin\u00e4 on hyv\u00e4 istuskella hetken ja katsella tulen levi\u00e4mist\u00e4 pes\u00e4ss\u00e4.<\/p>\n<p>&nbsp;<\/p>\n<figure id=\"attachment_4133\" aria-describedby=\"caption-attachment-4133\" style=\"width: 500px\" class=\"wp-caption aligncenter\"><a href=\"http:\/\/kinanen.fi\/wordpress\/wp-content\/uploads\/2011\/12\/Aatto12.jpg\"><img loading=\"lazy\" decoding=\"async\" class=\"size-full wp-image-4133\" title=\"Aatto12\" src=\"http:\/\/kinanen.fi\/wordpress\/wp-content\/uploads\/2011\/12\/Aatto12.jpg\" alt=\"Saunapuut\" width=\"500\" height=\"412\" \/><\/a><figcaption id=\"caption-attachment-4133\" class=\"wp-caption-text\">Saunapuut<\/figcaption><\/figure>\n<p>&nbsp;<\/p>\n<p>____________________________________________________<\/p>\n<p>Piparkakkutalo on ihan omaa tuotantoa. Loput sy\u00f6t\u00e4v\u00e4t <a href=\"http:\/\/jatanukkekodinruokia.vuodatus.net\/\" target=\"_blank\">Jatan<\/a> taidetta \ud83d\ude42<\/p>\n<p>&nbsp;<\/p>\n<p><!--more--><\/p>\n<p>&nbsp;<\/p>\n<p>Anni Swanin joulusatu:<\/p>\n<p>Pienen\u00e4 ja avuttomana lep\u00e4si Jeesus-lapsi tallissa kurjalla olkivuoteellaan h\u00e4rkien, lammasten ja aasien vartioimana. Maaria, h\u00e4nen \u00e4itins\u00e4, valvoi seimen luona ja onnellinen hymyily kaunisti h\u00e4nen kalpeita kasvojaan. Joosef oli liitt\u00e4nyt karkeat, ruskeat k\u00e4tens\u00e4 ristiin ja katseli syv\u00e4ll\u00e4 kunnioituksella pienokaista.<\/p>\n<p>Y\u00f6 joutui, ulkona kohisi myrsky ja kylm\u00e4\u00e4 lumir\u00e4nt\u00e4\u00e4 satoi. Usein peitti pilvi suuren kirkkaan joulut\u00e4hden, mutta sen kirkkaus oli niin voimakas, ett\u00e4 se pilvenkin l\u00e4pi valaisi seudun ja loi h\u00e4ik\u00e4isev\u00e4\u00e4 valoaan talliin, jonka seinien sis\u00e4puolella\u00a0ihana salaisuus piili.<\/p>\n<p>Kaukaa it\u00e4isilt\u00e4 mailta oli saapunut ratsain kolme pyh\u00e4\u00e4 kuningasta. Samettiin ja kultakankaisiin verhottuina, kalliilla jalokivill\u00e4 koristettuina he polvistuivat pienen, kirkassilm\u00e4isen lapsen\u00a0eteen, joka ojenteli hentoja k\u00e4si\u00e4\u00e4n heit\u00e4 kohti. He toivat h\u00e4nelle kultaa osoittaakseen h\u00e4nelle, Kuninkaitten Kuninkaalle, alamaisuuttaan, lahjoittivat pyh\u00e4\u00e4 savua, josta levisi ihan tuoksu yli kolkon tallin, ja laskivat seimivuoteen \u00e4\u00e4reen mirhaa kunnioituksensa merkiksi.<\/p>\n<p>Kedolta tulivat my\u00f6s paimenet palvomaan pyh\u00e4\u00e4 pienokaista. Jokainen heist\u00e4 toi mukanaan lahjan, yksi karitsan, toinen vuohenvuonan, kolmas kyyhkysen ja taidokkaasti valmistetun lehm\u00e4nsarven, josta saattoi juoda. Vanhin, valkopartainen ukko, lahjoitti kalleimman aarteensa, puusta veistetyn kalenterin, joka ilmoitti p\u00e4iv\u00e4 ja kuukaudet, ja h\u00e4nen nuori, voimakas toverinsa otti paimenrepustaan kalistimen, jonka h\u00e4n itse oli joutoaikoinaan siroilla leikkauksilla koristanut.<\/p>\n<p>Mutta toisten takana seisoi pieni repalainen paimentytt\u00f6 arkana ja pelokkaana. H\u00e4n kohosi varpailleen voidaakseen h\u00e4nkin n\u00e4hd\u00e4 vilahduksen vastasyntyneest\u00e4. Mutta paimenten leve\u00e4t hartiat peittiv\u00e4t h\u00e4nelt\u00e4 seimen, ja tyt\u00f6n t\u00e4ytyi kumartua\u00a0kurkistamaan miesten s\u00e4\u00e4rien v\u00e4list\u00e4. Silloin h\u00e4n n\u00e4ki olkivuoteella pienokaisen, jonka silm\u00e4t katselivat h\u00e4nt\u00e4 niin ihmeellisell\u00e4 katseella, ett\u00e4 \u00a0h\u00e4n t\u00e4ynn\u00e4 harrasta ihailua polvistui.<\/p>\n<p>Haiken mielin h\u00e4n katseli toisten lahjoja &#8211; mielell\u00e4\u00e4n h\u00e4nkin olisi antanut ihmelapselle pienen pikkuriikkisen lahjan rakkautensa merkiksi. Mutta h\u00e4n oli vain pieni k\u00f6yh\u00e4 paimentytt\u00f6, h\u00e4nen laihat, ty\u00f6n kovettamat \u00a0k\u00e4tens\u00e4 olivat\u00a0tyhj\u00e4t, aivan tyhj\u00e4t. Ei mit\u00e4\u00e4n h\u00e4nell\u00e4 ollut lahjoitettavana.\u00a0Mutta korkealla sinitaivaan laella seisoi enkeli Gabriel. H\u00e4n n\u00e4ki paimentyt\u00f6n surun, ja syv\u00e4sti s\u00e4\u00e4lien h\u00e4n laskeutui\u00a0taivaasta, liiteli hiljaa sis\u00e4\u00e4n kurjaan talliin ja tiedusteli tyt\u00f6n huolen syyt\u00e4.<\/p>\n<p>&#8221;Ah&#8221;, vastasi t\u00e4m\u00e4 , &#8221;haluaisin mielell\u00e4ni lahjoittaa seimen pienokaiselle lahjan, mutta minulla ei ole mit\u00e4\u00e4, jota voisin antaa.&#8221;<\/p>\n<p>&#8221;Mit\u00e4 tahtoisit h\u00e4nelle antaa?&#8221;\u00a0kysyi lempe\u00e4 enkeli\u00e4\u00e4ni.<\/p>\n<p>&#8221;Kuninkaat ja paimenet ovat jo antaneet Jeesus-lapselle niin paljon kauniita lahjoja, ettei h\u00e4nelt\u00e4 varmaankaan mit\u00e4\u00e4n en\u00e4\u00e4 puutu&#8221;, huokasi tytt\u00f6 suruissaan.<\/p>\n<p>&#8221;Eiv\u00e4tk\u00f6 he ole jotakin unohtaneet?&#8221; kyseli enkeli edelleen, &#8221;ajattelepas!&#8221;<\/p>\n<p>Nopeasti paimentytt\u00f6 vastasi: &#8221;Jospa voisin antaa h\u00e4nelle ruusuja, valkeita tai punaisia ruusuja. Eih\u00e4n armas pienokainen ole saanut ainoatakaan kukkaa. Mutta tuiki mahdotontatahan se on, ulkona on kolea talvi ja kev\u00e4t kukkineen on viel\u00e4 kaukana.&#8221;<\/p>\n<p>Silloin enkeli tarttui tyt\u00f6n k\u00e4teen. Ja he astuivat yhdess\u00e4 lumiselle kedolle, ja ihmeellinen valo kirkasti heid\u00e4n ymp\u00e4rill\u00e4\u00e4n olevat vuoret ja laitumet. Enkeli iski sauvansa \u00a0maahan, ja silloin tapahtui ihana ihme. Maasta puhkesi pieni\u00e4 kukkia, suloisia, kumman kauniita ruusuja. Niiden ter\u00e4lehdet olivat hopeanvalkoiset ja kuultavat kuin hienon hieno alabasteri, ja kukkakuvun keskell\u00e4 loisti kultainen risti.<\/p>\n<p>Riemuiten k\u00f6yh\u00e4 paimentytt\u00f6 poimi esiliinansa t\u00e4yteen ihania ruusuja ja juoksi sitten nopasti kedon yli talliin. Seimen luona h\u00e4n siroitti kukkas-aarteensa lapsen yli, niin ett\u00e4 pienokainen tykk\u00e4n\u00e4\u00e4n peittyi tuoksuviin, valkoisiin ruusuihin.<\/p>\n<p>Sen j\u00e4lkeen h\u00e4n polvistui ja palvoi Kristus-lasta syd\u00e4n\u00a0t\u00e4ynn\u00e4 hell\u00e4\u00e4 rakkautta ja harrasta onnea.<\/p>\n<p>Ja h\u00e4n sanoi: &#8221;Nyt min\u00e4 tied\u00e4n, ett\u00e4 Messias on tullut. Taivaan enkeli on puhunut minulle ja min\u00e4 olen n\u00e4hnyt kuninkaitten polvistuvan seimen \u00e4\u00e4ress\u00e4. Ja olen n\u00e4hnyt ruusujen kukkivan talviy\u00f6n\u00e4 h\u00e4nen kunniakseen.<\/p>\n<p>&nbsp;<\/p>\n<p>Eevert uneksii tietenkin samoja asioita kuin monet muutkin!<\/p>\n<p>&nbsp;<\/p>\n<figure id=\"attachment_4131\" aria-describedby=\"caption-attachment-4131\" style=\"width: 500px\" class=\"wp-caption aligncenter\"><a href=\"http:\/\/kinanen.fi\/wordpress\/wp-content\/uploads\/2011\/12\/Lahjat.jpg\"><img loading=\"lazy\" decoding=\"async\" class=\"size-full wp-image-4131\" title=\"Lahjat\" src=\"http:\/\/kinanen.fi\/wordpress\/wp-content\/uploads\/2011\/12\/Lahjat.jpg\" alt=\"Lahjat\" width=\"500\" height=\"375\" \/><\/a><figcaption id=\"caption-attachment-4131\" class=\"wp-caption-text\">Uneksijan lahjat<\/figcaption><\/figure>\n","protected":false},"excerpt":{"rendered":"<p>Aattoaamuun liittyy aina aivan omanlaistaan j\u00e4nnityst\u00e4. Koti on siivottu ja saatettu juhlakuntoon. Viimeisi\u00e4, ehk\u00e4 jopa perinteisi\u00e4 askareita kuuluu jouluaaton teht\u00e4viin. Yksi sellainen Eevertill\u00e4 on kuusen koristelu hyvin varhain aamulla. Mets\u00e4st\u00e4 noudettu kuusi saa kynttil\u00e4t oksilleen. Kauniit joulupallot loistavat kynttil\u00e4iden valossa satumaista hohdettaan. Karkkikaupan piparminttusauvat ovat l\u00f6yt\u00e4neet my\u00f6s tiens\u00e4 kuusen oksille. Ja n\u00e4ytt\u00e4\u00e4 siel\u00e4 olevan t\u00f6tter\u00f6llinen [&hellip;]<\/p>\n","protected":false},"author":1,"featured_media":0,"comment_status":"open","ping_status":"open","sticky":false,"template":"","format":"standard","meta":{"footnotes":""},"categories":[],"tags":[],"class_list":["post-4055","post","type-post","status-publish","format-standard","hentry"],"_links":{"self":[{"href":"https:\/\/www.kinanen.fi\/nukkekoti\/wp-json\/wp\/v2\/posts\/4055","targetHints":{"allow":["GET"]}}],"collection":[{"href":"https:\/\/www.kinanen.fi\/nukkekoti\/wp-json\/wp\/v2\/posts"}],"about":[{"href":"https:\/\/www.kinanen.fi\/nukkekoti\/wp-json\/wp\/v2\/types\/post"}],"author":[{"embeddable":true,"href":"https:\/\/www.kinanen.fi\/nukkekoti\/wp-json\/wp\/v2\/users\/1"}],"replies":[{"embeddable":true,"href":"https:\/\/www.kinanen.fi\/nukkekoti\/wp-json\/wp\/v2\/comments?post=4055"}],"version-history":[{"count":12,"href":"https:\/\/www.kinanen.fi\/nukkekoti\/wp-json\/wp\/v2\/posts\/4055\/revisions"}],"predecessor-version":[{"id":4265,"href":"https:\/\/www.kinanen.fi\/nukkekoti\/wp-json\/wp\/v2\/posts\/4055\/revisions\/4265"}],"wp:attachment":[{"href":"https:\/\/www.kinanen.fi\/nukkekoti\/wp-json\/wp\/v2\/media?parent=4055"}],"wp:term":[{"taxonomy":"category","embeddable":true,"href":"https:\/\/www.kinanen.fi\/nukkekoti\/wp-json\/wp\/v2\/categories?post=4055"},{"taxonomy":"post_tag","embeddable":true,"href":"https:\/\/www.kinanen.fi\/nukkekoti\/wp-json\/wp\/v2\/tags?post=4055"}],"curies":[{"name":"wp","href":"https:\/\/api.w.org\/{rel}","templated":true}]}}