{"id":4268,"date":"2011-12-26T11:35:35","date_gmt":"2011-12-26T09:35:35","guid":{"rendered":"http:\/\/kinanen.fi\/wordpress\/?p=4268"},"modified":"2011-12-26T17:33:29","modified_gmt":"2011-12-26T15:33:29","slug":"pukin-lepohetki","status":"publish","type":"post","link":"https:\/\/www.kinanen.fi\/nukkekoti\/pukin-lepohetki\/","title":{"rendered":"Pukin lepohetki"},"content":{"rendered":"<p>Jouluna on ollut pukilla paljon ty\u00f6t\u00e4. On pit\u00e4nyt enn\u00e4tt\u00e4\u00e4 moneen paikkaan yht\u00e4aikaa ja se jos mik\u00e4 on joulupukillekin kova homma. Pukilla on paljon apulaisia. Ja ilman heid\u00e4n arvokasta panostustaan niin joulusta kuin muustakin el\u00e4m\u00e4st\u00e4 puuttuisi paljon iloa ja sadun taikaa.<\/p>\n<p>Ennen matkalle l\u00e4ht\u00f6\u00e4\u00e4n Pukki piti viel\u00e4 viimehetken palaverin Eevertin sukulaistyt\u00f6n kanssa, joka j\u00e4i pukin l\u00e4hdetty\u00e4 hoitelemaan t\u00e4rkeit\u00e4 juoksevia asioita Korvatunturille. On se tontun hommakin kiireist\u00e4 ja monipuolista n\u00e4in joulunaikaan, tuumii Eevert katsellessaan sukulaistyt\u00f6n l\u00e4hett\u00e4m\u00e4\u00e4 kuvaa aattop\u00e4iv\u00e4lt\u00e4. Jaa-a, on sill\u00e4 pukilla ihan mukavia hetki\u00e4 \ud83d\ude09<\/p>\n<p>&nbsp;<\/p>\n<figure id=\"attachment_4270\" aria-describedby=\"caption-attachment-4270\" style=\"width: 247px\" class=\"wp-caption aligncenter\"><a href=\"http:\/\/kinanen.fi\/wordpress\/wp-content\/uploads\/2011\/12\/Tonttu.jpg\"><img fetchpriority=\"high\" decoding=\"async\" class=\" wp-image-4270\" title=\"Tonttu\" src=\"http:\/\/kinanen.fi\/wordpress\/wp-content\/uploads\/2011\/12\/Tonttu-768x1024.jpg\" alt=\"Pukki ja tonttu\" width=\"247\" height=\"327\" \/><\/a><figcaption id=\"caption-attachment-4270\" class=\"wp-caption-text\">Pukki ja tonttu<\/figcaption><\/figure>\n<p>&nbsp;<\/p>\n<p>Matka oli vauhdikas ja p\u00e4\u00e4sty\u00e4\u00e4n Eeverttil\u00e4\u00e4n saakka pukkia jo hieman hiukaisikin ja h\u00e4n otti ilomielin vastaan Eevertin kutsun yhteiseen joulup\u00f6yt\u00e4\u00e4n. Siin\u00e4 sitten maittavien jouluruokien keskell\u00e4 ehditiin vaihtamaan kuuluminen jos toinenkin vuoden varrelta. Eevertin sukulaistytt\u00f6 on kuulema ollut oikein iloinen ja tunnollinen tonttu. Sellainen tonttu kyll\u00e4 p\u00e4rj\u00e4\u00e4 miss\u00e4 teht\u00e4v\u00e4ss\u00e4 tahansa. T\u00e4ll\u00e4hetkell\u00e4 h\u00e4nen vastuullaan on Korvatunturin pikkutonttukoululaisten opastaminen el\u00e4m\u00e4n saloihin.<\/p>\n<p>Nautittuaan Eevertin kanssa jouluateriaa, raukeus ja rentous valtasi pukin hetkess\u00e4. Takan \u00e4\u00e4ress\u00e4 oli mukavan l\u00e4mmint\u00e4. Niinp\u00e4 salissa kuului rauhallinen hengitys ja vieno kuorsaus tuota pikaa.<\/p>\n<figure id=\"attachment_4269\" aria-describedby=\"caption-attachment-4269\" style=\"width: 500px\" class=\"wp-caption aligncenter\"><a href=\"http:\/\/kinanen.fi\/wordpress\/wp-content\/uploads\/2011\/12\/Nukkuvapukki.jpg\"><img decoding=\"async\" class=\" wp-image-4269\" title=\"Nukkuvapukki\" src=\"http:\/\/kinanen.fi\/wordpress\/wp-content\/uploads\/2011\/12\/Nukkuvapukki.jpg\" alt=\"Uupunut pukki\" width=\"500\" height=\"333\" \/><\/a><figcaption id=\"caption-attachment-4269\" class=\"wp-caption-text\">Uupunut pukki<\/figcaption><\/figure>\n<p>&nbsp;<\/p>\n<p>Eevert lis\u00e4\u00e4 hieman puita takkaan ja j\u00e4tt\u00e4\u00e4 pukin nukkumaan. Kyll\u00e4 mies on unosensa ansainnut. Niin monessa nukkekodissakin on pukki vieraillut t\u00e4n\u00e4 jouluna.<\/p>\n<p>Mutta mit\u00e4 ihmett\u00e4! T\u00e4\u00e4ll\u00e4h\u00e4n on viel\u00e4 yksi lahja toimittamatta. Onkos se pukki nyt her\u00e4tett\u00e4v\u00e4? Eevert miettii p\u00e4\u00e4ns\u00e4 puhki ja lopulta katsoo parhaimmaksi toimittaa paketin itse perille. Onhan Eevert joskus kauan sitten ollut pukin apulaisena itsekin, joten homma hoitunee h\u00e4nelt\u00e4kin viel\u00e4 vanhasta muistosta. Ehk\u00e4.<\/p>\n<p>&nbsp;<\/p>\n<figure id=\"attachment_4271\" aria-describedby=\"caption-attachment-4271\" style=\"width: 500px\" class=\"wp-caption aligncenter\"><a href=\"http:\/\/kinanen.fi\/wordpress\/wp-content\/uploads\/2011\/12\/Nukkuvapukki2.jpg\"><img decoding=\"async\" class=\" wp-image-4271\" title=\"Nukkuvapukki2\" src=\"http:\/\/kinanen.fi\/wordpress\/wp-content\/uploads\/2011\/12\/Nukkuvapukki2.jpg\" alt=\"Paketti\" width=\"500\" height=\"571\" \/><\/a><figcaption id=\"caption-attachment-4271\" class=\"wp-caption-text\">Kenen paketti?<\/figcaption><\/figure>\n<p>&nbsp;<\/p>\n<p>Aikansa pakettia k\u00e4\u00e4nnelty\u00e4\u00e4n l\u00f6ytyy nimi. T\u00e4m\u00e4 paketti on <a href=\"http:\/\/nilikentanminit.vuodatus.net\/\" target=\"_blank\">Ainon<\/a> paketti! Ja t\u00e4ytyykin ottaa heti selville Ainon osoite, ett\u00e4 p\u00e4\u00e4see matkaan.<\/p>\n<p>Onkohan AinoS kuulolla? Haloo Aino kuuluuko sinne? T\u00e4\u00e4ll\u00e4 Eevert, Pukin yksi paketti on j\u00e4\u00e4nyt t\u00e4nne Eeverttil\u00e4\u00e4n.<\/p>\n<p>___________________________________________________________________<\/p>\n<p>Eevertin joulukalenteriin kommentin j\u00e4tt\u00e4neiden kesken on ollut luvassa arvottu paketti. Kaikkiaan kalenteriin j\u00e4i 159 aivan ihastuttavaa kommenttia. Kiitos niist\u00e4 kaikista. On ollut mukavaa kulkea joulua kohden yhdess\u00e4 teid\u00e4n kanssanne t\u00e4n\u00e4kin vuonna. Kalenteri saa jatkoa taas ensi vuonna adventista joulup\u00e4iv\u00e4\u00e4n.<\/p>\n<p>Arvontakone arpoi t\u00e4ll\u00e4 kertaa kaikkien kommenttien joukosta yhden kommentin artikkelista <a href=\"http:\/\/kinanen.fi\/wordpress\/?p=3752\" target=\"_blank\">El\u00e4inten joulu<\/a> . AinoS, laita osoitetta tulemaan niin Eevert p\u00e4\u00e4see postireissulle jakka Dakmar hellitt\u00e4\u00e4 otettaan \ud83d\ude09<\/p>\n<p>&nbsp;<\/p>\n<p>&nbsp;<\/p>\n","protected":false},"excerpt":{"rendered":"<p>Jouluna on ollut pukilla paljon ty\u00f6t\u00e4. On pit\u00e4nyt enn\u00e4tt\u00e4\u00e4 moneen paikkaan yht\u00e4aikaa ja se jos mik\u00e4 on joulupukillekin kova homma. Pukilla on paljon apulaisia. Ja ilman heid\u00e4n arvokasta panostustaan niin joulusta kuin muustakin el\u00e4m\u00e4st\u00e4 puuttuisi paljon iloa ja sadun taikaa. Ennen matkalle l\u00e4ht\u00f6\u00e4\u00e4n Pukki piti viel\u00e4 viimehetken palaverin Eevertin sukulaistyt\u00f6n kanssa, joka j\u00e4i pukin l\u00e4hdetty\u00e4 [&hellip;]<\/p>\n","protected":false},"author":1,"featured_media":0,"comment_status":"open","ping_status":"open","sticky":false,"template":"","format":"standard","meta":{"footnotes":""},"categories":[],"tags":[],"class_list":["post-4268","post","type-post","status-publish","format-standard","hentry"],"_links":{"self":[{"href":"https:\/\/www.kinanen.fi\/nukkekoti\/wp-json\/wp\/v2\/posts\/4268","targetHints":{"allow":["GET"]}}],"collection":[{"href":"https:\/\/www.kinanen.fi\/nukkekoti\/wp-json\/wp\/v2\/posts"}],"about":[{"href":"https:\/\/www.kinanen.fi\/nukkekoti\/wp-json\/wp\/v2\/types\/post"}],"author":[{"embeddable":true,"href":"https:\/\/www.kinanen.fi\/nukkekoti\/wp-json\/wp\/v2\/users\/1"}],"replies":[{"embeddable":true,"href":"https:\/\/www.kinanen.fi\/nukkekoti\/wp-json\/wp\/v2\/comments?post=4268"}],"version-history":[{"count":9,"href":"https:\/\/www.kinanen.fi\/nukkekoti\/wp-json\/wp\/v2\/posts\/4268\/revisions"}],"predecessor-version":[{"id":4280,"href":"https:\/\/www.kinanen.fi\/nukkekoti\/wp-json\/wp\/v2\/posts\/4268\/revisions\/4280"}],"wp:attachment":[{"href":"https:\/\/www.kinanen.fi\/nukkekoti\/wp-json\/wp\/v2\/media?parent=4268"}],"wp:term":[{"taxonomy":"category","embeddable":true,"href":"https:\/\/www.kinanen.fi\/nukkekoti\/wp-json\/wp\/v2\/categories?post=4268"},{"taxonomy":"post_tag","embeddable":true,"href":"https:\/\/www.kinanen.fi\/nukkekoti\/wp-json\/wp\/v2\/tags?post=4268"}],"curies":[{"name":"wp","href":"https:\/\/api.w.org\/{rel}","templated":true}]}}