{"id":4283,"date":"2011-12-28T11:21:25","date_gmt":"2011-12-28T09:21:25","guid":{"rendered":"http:\/\/kinanen.fi\/wordpress\/?p=4283"},"modified":"2011-12-29T17:40:57","modified_gmt":"2011-12-29T15:40:57","slug":"tervehdyksia","status":"publish","type":"post","link":"https:\/\/www.kinanen.fi\/nukkekoti\/tervehdyksia\/","title":{"rendered":"Joulun tervehdyksi\u00e4"},"content":{"rendered":"<p>Joulun v\u00e4lip\u00e4ivin\u00e4 on hyv\u00e4\u00e4 aikaa lukea joulutervehdyksi\u00e4. Siit\u00e4 on tullut oikein tapa viett\u00e4\u00e4 rauhallista p\u00e4iv\u00e4\u00e4. Ulkona myrsky on laantunut ja aamu valkenee seesteisen\u00e4. Aurinkokin hiljalleen pilkahtelee puiden takaa. Aamukahvin lomassa Eevert ryhtyy tutkimaan saamiaan kortteja ja tervehdyksi\u00e4.<\/p>\n<p>Kyll\u00e4 niit\u00e4 on tullutkin!<\/p>\n<p>&nbsp;<\/p>\n<figure id=\"attachment_4284\" aria-describedby=\"caption-attachment-4284\" style=\"width: 500px\" class=\"wp-caption aligncenter\"><a href=\"http:\/\/kinanen.fi\/wordpress\/wp-content\/uploads\/2011\/12\/Kortti5.jpg\"><img fetchpriority=\"high\" decoding=\"async\" class=\" wp-image-4284\" title=\"Kortti5\" src=\"http:\/\/kinanen.fi\/wordpress\/wp-content\/uploads\/2011\/12\/Kortti5.jpg\" alt=\"Joulukortit\" width=\"500\" height=\"333\" \/><\/a><figcaption id=\"caption-attachment-4284\" class=\"wp-caption-text\">Joulukortit<\/figcaption><\/figure>\n<p>&nbsp;<\/p>\n<p>Eevertill\u00e4 on tapana ker\u00e4t\u00e4 kortteja pieneen pussukkaan sein\u00e4ll\u00e4. Aikaa my\u00f6ten kortteja on ker\u00e4\u00e4ntynyt hyv\u00e4t m\u00e4\u00e4r\u00e4t, sill\u00e4 ne tulee aina s\u00e4\u00e4stetty\u00e4 seuraavaan vuoteen. Silloinkaan ne harvemmin p\u00e4\u00e4tyv\u00e4t muualle kuin joulukorttilaatikon pohjalle edellisten vuosien korttien seuraan \ud83d\ude09<\/p>\n<p>&nbsp;<\/p>\n<figure id=\"attachment_4285\" aria-describedby=\"caption-attachment-4285\" style=\"width: 500px\" class=\"wp-caption aligncenter\"><a href=\"http:\/\/kinanen.fi\/wordpress\/wp-content\/uploads\/2011\/12\/Kortti4.jpg\"><img decoding=\"async\" class=\" wp-image-4285\" title=\"Kortti4\" src=\"http:\/\/kinanen.fi\/wordpress\/wp-content\/uploads\/2011\/12\/Kortti4.jpg\" alt=\"Korttien lukemista\" width=\"500\" height=\"502\" \/><\/a><figcaption id=\"caption-attachment-4285\" class=\"wp-caption-text\">Korttien lukemista<\/figcaption><\/figure>\n<p>&nbsp;<\/p>\n<p>Kenelt\u00e4 t\u00e4m\u00e4 hauska joulupukkikortti taas olikaan, mietiskelee mies ja ryhtyy lukemaan uudelleen kaikkia kortteja. Voi, seh\u00e4n on ihastuttavalta Villa Charlotten Rouvalta. Taisimme tavatakin viime kes\u00e4n\u00e4 er\u00e4\u00e4ss\u00e4 kulttuuritapahtumassa Turun seudulla. Oli se vain niin vieh\u00e4tt\u00e4v\u00e4 ja tyylik\u00e4s Rouva, muistelee Eevert posket punertuen mukavasta kohtasamisesta. Ja ett\u00e4 on viel\u00e4\u00a0 muistanut, n\u00e4in pitk\u00e4n ajan j\u00e4lkeen. Saattaapa pienen herkkyyskyyneleen huomata miehen poskelta vier\u00e4ht\u00e4v\u00e4n.<\/p>\n<p>Kovin on tunteikasta t\u00e4m\u00e4 korttien lukeminen t\u00e4ll\u00e4kertaa.<\/p>\n<p>Toinen kortti on askarreltu itse. Kaunis ja moniulotteinen jouluntoivotus. On siin\u00e4 tarvittu tarkkoja sormia kun on kerros kerrokselta aseteltu jouluntuojat valmiiksi kuvaksi. Aikansa tutkailtuaan Eevert katsoo kortin sis\u00e4lle. Maija on muistanut Eeverti\u00e4 n\u00e4in kauniisti.<\/p>\n<p>Kortin mukana tuli my\u00f6s kalenteri tulevalle vuodelle.<\/p>\n<p>&nbsp;<\/p>\n<figure id=\"attachment_4286\" aria-describedby=\"caption-attachment-4286\" style=\"width: 500px\" class=\"wp-caption aligncenter\"><a href=\"http:\/\/kinanen.fi\/wordpress\/wp-content\/uploads\/2011\/12\/Kortti2.jpg\"><img decoding=\"async\" class=\" wp-image-4286\" title=\"Kortti2\" src=\"http:\/\/kinanen.fi\/wordpress\/wp-content\/uploads\/2011\/12\/Kortti2.jpg\" alt=\"Kalenteri\" width=\"500\" height=\"334\" \/><\/a><figcaption id=\"caption-attachment-4286\" class=\"wp-caption-text\">Pienennetty kalenteri vuodelle 2012<\/figcaption><\/figure>\n<p>&nbsp;<\/p>\n<p>Syd\u00e4nlasten ja -aikuisten kalenteri. <a href=\"http:\/\/www.sydanlapsetja-aikuiset.fi\/fin\/etusivu\/?id=2\" target=\"_blank\">Syd\u00e4nlapset ja -aikuiset ry\u00a0\u2013 Hj\u00e4rtebarn och -vuxna rf <\/a><br \/>\non vuonna 1975 perustettu valtakunnallinen synnynn\u00e4isesti syd\u00e4nvikaisten ja heid\u00e4n l\u00e4heistens\u00e4 etuja ajava j\u00e4rjest\u00f6.<\/p>\n<p>Heid\u00e4n ja heid\u00e4n perheidens\u00e4 tukemiseen tehty kalenteri. T\u00e4rke\u00e4\u00e4 asiaa tuumii Eevert ja hell\u00e4sti selailee sivuja ja p\u00e4\u00e4tt\u00e4\u00e4 asettaa kalenterin keitti\u00f6n sein\u00e4lle.<\/p>\n<p>&nbsp;<\/p>\n<figure id=\"attachment_4287\" aria-describedby=\"caption-attachment-4287\" style=\"width: 500px\" class=\"wp-caption aligncenter\"><a href=\"http:\/\/kinanen.fi\/wordpress\/wp-content\/uploads\/2011\/12\/Kortti3.jpg\"><img loading=\"lazy\" decoding=\"async\" class=\" wp-image-4287\" title=\"Kortti3\" src=\"http:\/\/kinanen.fi\/wordpress\/wp-content\/uploads\/2011\/12\/Kortti3.jpg\" alt=\"Tammikuu\" width=\"500\" height=\"334\" \/><\/a><figcaption id=\"caption-attachment-4287\" class=\"wp-caption-text\">Tammikuu<\/figcaption><\/figure>\n<p>&nbsp;<\/p>\n<p>Eevert l\u00f6yt\u00e4\u00e4 kalenterista yhteystiedot. Oikein hyv\u00e4, sill\u00e4 kalenterilla voi ilahduttaa l\u00e4heisi\u00e4\u00e4n samalla kun auttaa t\u00e4rke\u00e4ss\u00e4 ty\u00f6ss\u00e4. Kurkkaa <a href=\"http:\/\/www.sydanlapsetja-aikuiset.fi\/fin\/etusivu\/?id=5&amp;selNews=145\" target=\"_blank\">T\u00c4NNE<\/a>, jos kaipaat omaa (1:1) kalenteria.<\/p>\n<p>Kiitos <a href=\"http:\/\/iidasanttu.vuodatus.net\/\" target=\"_blank\">Maija<\/a> ja <a href=\"http:\/\/eijuli.vuodatus.net\/\" target=\"_blank\">Eija<\/a>.<\/p>\n<p>&nbsp;<\/p>\n<figure id=\"attachment_4288\" aria-describedby=\"caption-attachment-4288\" style=\"width: 500px\" class=\"wp-caption aligncenter\"><a href=\"http:\/\/kinanen.fi\/wordpress\/wp-content\/uploads\/2011\/12\/Kortit.jpg\"><img loading=\"lazy\" decoding=\"async\" class=\" wp-image-4288\" title=\"Kortit\" src=\"http:\/\/kinanen.fi\/wordpress\/wp-content\/uploads\/2011\/12\/Kortit.jpg\" alt=\"Minist\u00e4minen\" width=\"500\" height=\"407\" \/><\/a><figcaption id=\"caption-attachment-4288\" class=\"wp-caption-text\">Minist\u00e4minen<\/figcaption><\/figure>\n<p>&nbsp;<\/p>\n<p>Minist\u00e4misen tein valokuvaamalla ja tulostamalla. Pikkukalenterista j\u00e4i kes\u00e4kuu vahingossa pois, mutta ehk\u00e4 Eevert lomailee silloin eik\u00e4 huomaa koko asiaa \ud83d\ude00<\/p>\n<p>&nbsp;<\/p>\n<p>&nbsp;<\/p>\n","protected":false},"excerpt":{"rendered":"<p>Joulun v\u00e4lip\u00e4ivin\u00e4 on hyv\u00e4\u00e4 aikaa lukea joulutervehdyksi\u00e4. Siit\u00e4 on tullut oikein tapa viett\u00e4\u00e4 rauhallista p\u00e4iv\u00e4\u00e4. Ulkona myrsky on laantunut ja aamu valkenee seesteisen\u00e4. Aurinkokin hiljalleen pilkahtelee puiden takaa. Aamukahvin lomassa Eevert ryhtyy tutkimaan saamiaan kortteja ja tervehdyksi\u00e4. Kyll\u00e4 niit\u00e4 on tullutkin! &nbsp; &nbsp; Eevertill\u00e4 on tapana ker\u00e4t\u00e4 kortteja pieneen pussukkaan sein\u00e4ll\u00e4. Aikaa my\u00f6ten kortteja on [&hellip;]<\/p>\n","protected":false},"author":1,"featured_media":0,"comment_status":"open","ping_status":"open","sticky":false,"template":"","format":"standard","meta":{"footnotes":""},"categories":[],"tags":[],"class_list":["post-4283","post","type-post","status-publish","format-standard","hentry"],"_links":{"self":[{"href":"https:\/\/www.kinanen.fi\/nukkekoti\/wp-json\/wp\/v2\/posts\/4283","targetHints":{"allow":["GET"]}}],"collection":[{"href":"https:\/\/www.kinanen.fi\/nukkekoti\/wp-json\/wp\/v2\/posts"}],"about":[{"href":"https:\/\/www.kinanen.fi\/nukkekoti\/wp-json\/wp\/v2\/types\/post"}],"author":[{"embeddable":true,"href":"https:\/\/www.kinanen.fi\/nukkekoti\/wp-json\/wp\/v2\/users\/1"}],"replies":[{"embeddable":true,"href":"https:\/\/www.kinanen.fi\/nukkekoti\/wp-json\/wp\/v2\/comments?post=4283"}],"version-history":[{"count":5,"href":"https:\/\/www.kinanen.fi\/nukkekoti\/wp-json\/wp\/v2\/posts\/4283\/revisions"}],"predecessor-version":[{"id":4290,"href":"https:\/\/www.kinanen.fi\/nukkekoti\/wp-json\/wp\/v2\/posts\/4283\/revisions\/4290"}],"wp:attachment":[{"href":"https:\/\/www.kinanen.fi\/nukkekoti\/wp-json\/wp\/v2\/media?parent=4283"}],"wp:term":[{"taxonomy":"category","embeddable":true,"href":"https:\/\/www.kinanen.fi\/nukkekoti\/wp-json\/wp\/v2\/categories?post=4283"},{"taxonomy":"post_tag","embeddable":true,"href":"https:\/\/www.kinanen.fi\/nukkekoti\/wp-json\/wp\/v2\/tags?post=4283"}],"curies":[{"name":"wp","href":"https:\/\/api.w.org\/{rel}","templated":true}]}}