{"id":4325,"date":"2012-01-02T17:58:06","date_gmt":"2012-01-02T15:58:06","guid":{"rendered":"http:\/\/kinanen.fi\/wordpress\/?p=4325"},"modified":"2012-01-02T19:39:41","modified_gmt":"2012-01-02T17:39:41","slug":"uuden-vuoden-lupaus","status":"publish","type":"post","link":"https:\/\/www.kinanen.fi\/nukkekoti\/uuden-vuoden-lupaus\/","title":{"rendered":"Uudenvuoden lupaus"},"content":{"rendered":"<p>&#8221;T\u00e4n\u00e4 vuonna min\u00e4 teen t\u00e4st\u00e4 materiaalikasasta kappelin&#8221;<\/p>\n<p>Mittakaavaksi tulee summamutikka.<\/p>\n<p>&nbsp;<\/p>\n<figure id=\"attachment_4326\" aria-describedby=\"caption-attachment-4326\" style=\"width: 500px\" class=\"wp-caption aligncenter\"><a href=\"http:\/\/kinanen.fi\/wordpress\/wp-content\/uploads\/2012\/01\/Kappeli.jpg\"><img fetchpriority=\"high\" decoding=\"async\" class=\" wp-image-4326\" title=\"Kappeli\" src=\"http:\/\/kinanen.fi\/wordpress\/wp-content\/uploads\/2012\/01\/Kappeli.jpg\" alt=\"Raaka-ainetta\" width=\"500\" height=\"375\" \/><\/a><figcaption id=\"caption-attachment-4326\" class=\"wp-caption-text\">Raaka-ainetta<\/figcaption><\/figure>\n<p>&nbsp;<\/p>\n<p>Pikkuisen kappelin rakentaminen on ollut pitk\u00e4\u00e4n ajatuksissa. Suunnitelmia on syntynyt aina kun on maailmalla tienvarsi- tai kyl\u00e4kappeleihin tutustunut. Piirustuksiakin on, etup\u00e4\u00e4ss\u00e4 p\u00e4\u00e4ss\u00e4. Pit\u00e4isi saattaa n\u00e4kyville ja ryhty\u00e4 toimeen \ud83d\ude42<\/p>\n<p>&nbsp;<\/p>\n<p>Esikuvakappeleita riitt\u00e4\u00e4:<\/p>\n<p>&nbsp;<\/p>\n<figure id=\"attachment_4327\" aria-describedby=\"caption-attachment-4327\" style=\"width: 427px\" class=\"wp-caption aligncenter\"><a href=\"http:\/\/kinanen.fi\/wordpress\/wp-content\/uploads\/2012\/01\/Zillertal56.jpg\"><img decoding=\"async\" class=\"size-full wp-image-4327\" title=\"Zillertal56\" src=\"http:\/\/kinanen.fi\/wordpress\/wp-content\/uploads\/2012\/01\/Zillertal56.jpg\" alt=\"Zillertalin reissulta l\u00f6ydetty kappeli\" width=\"427\" height=\"640\" \/><\/a><figcaption id=\"caption-attachment-4327\" class=\"wp-caption-text\">Zillertalin reissulta l\u00f6ydetty kappeli<\/figcaption><\/figure>\n<p>&nbsp;<\/p>\n<p>Mainiota k\u00e4dentaitoa!<\/p>\n<p>&nbsp;<\/p>\n<figure id=\"attachment_4328\" aria-describedby=\"caption-attachment-4328\" style=\"width: 499px\" class=\"wp-caption aligncenter\"><a href=\"http:\/\/kinanen.fi\/wordpress\/wp-content\/uploads\/2012\/01\/alppikappeli.jpg\"><img decoding=\"async\" class=\" wp-image-4328\" title=\"alppikappeli\" src=\"http:\/\/kinanen.fi\/wordpress\/wp-content\/uploads\/2012\/01\/alppikappeli.jpg\" alt=\"Alppikappeli \" width=\"499\" height=\"374\" \/><\/a><figcaption id=\"caption-attachment-4328\" class=\"wp-caption-text\">Alppikappeli vuorella<\/figcaption><\/figure>\n<p>&nbsp;<\/p>\n<p>Toiset kappelit ovat olleet helpompia saavuttaa.<\/p>\n<p>&nbsp;<\/p>\n<figure id=\"attachment_4329\" aria-describedby=\"caption-attachment-4329\" style=\"width: 427px\" class=\"wp-caption aligncenter\"><a href=\"http:\/\/kinanen.fi\/wordpress\/wp-content\/uploads\/2012\/01\/alppikappeli4.jpg\"><img loading=\"lazy\" decoding=\"async\" class=\"size-full wp-image-4329\" title=\"alppikappeli4\" src=\"http:\/\/kinanen.fi\/wordpress\/wp-content\/uploads\/2012\/01\/alppikappeli4.jpg\" alt=\"Tienvarsikappeli\" width=\"427\" height=\"640\" \/><\/a><figcaption id=\"caption-attachment-4329\" class=\"wp-caption-text\">Tienvarsikappeli<\/figcaption><\/figure>\n<p>&nbsp;<\/p>\n<p>Jotkut ovat olleet laitumien keskell\u00e4.<\/p>\n<p>&nbsp;<\/p>\n<figure id=\"attachment_4330\" aria-describedby=\"caption-attachment-4330\" style=\"width: 427px\" class=\"wp-caption aligncenter\"><a href=\"http:\/\/kinanen.fi\/wordpress\/wp-content\/uploads\/2012\/01\/alppikappeli3.jpg\"><img loading=\"lazy\" decoding=\"async\" class=\"size-full wp-image-4330\" title=\"alppikappeli3\" src=\"http:\/\/kinanen.fi\/wordpress\/wp-content\/uploads\/2012\/01\/alppikappeli3.jpg\" alt=\"Sukukappeli\" width=\"427\" height=\"640\" \/><\/a><figcaption id=\"caption-attachment-4330\" class=\"wp-caption-text\">Sukukappeli<\/figcaption><\/figure>\n<p>&nbsp;<\/p>\n<p>Jotkut jokien ja putousten \u00e4\u00e4rell\u00e4. T\u00e4ss\u00e4 sis\u00e4kuva er\u00e4\u00e4st\u00e4 sellaisesta.<\/p>\n<p>&nbsp;<\/p>\n<figure id=\"attachment_4331\" aria-describedby=\"caption-attachment-4331\" style=\"width: 480px\" class=\"wp-caption aligncenter\"><a href=\"http:\/\/kinanen.fi\/wordpress\/wp-content\/uploads\/2012\/01\/alppikappeli2.jpg\"><img loading=\"lazy\" decoding=\"async\" class=\"size-full wp-image-4331\" title=\"alppikappeli2\" src=\"http:\/\/kinanen.fi\/wordpress\/wp-content\/uploads\/2012\/01\/alppikappeli2.jpg\" alt=\"Jokikappeli\" width=\"480\" height=\"640\" \/><\/a><figcaption id=\"caption-attachment-4331\" class=\"wp-caption-text\">Jokikappeli<\/figcaption><\/figure>\n<p>&nbsp;<\/p>\n<p>Kappelista tulee Eevertin tyylin tuntien hyvin monikulttuurinen, mutta varmasti tarpeeseensa sopiva. Alppikappelit eiv\u00e4t kovin perusluterilaisia ole, mutta matkalaisten tarpeita eritt\u00e4in hyvin palvelevia pyhi\u00e4 paikkoja.<\/p>\n<p>Kappeliin tulee aina kurkattua sis\u00e4\u00e4n ja toisinaa istuskeltua tovi jos toinenkin el\u00e4m\u00e4\u00e4 miettien.<\/p>\n<p>&nbsp;<\/p>\n<p>&nbsp;<\/p>\n<p>&nbsp;<\/p>\n","protected":false},"excerpt":{"rendered":"<p>&#8221;T\u00e4n\u00e4 vuonna min\u00e4 teen t\u00e4st\u00e4 materiaalikasasta kappelin&#8221; Mittakaavaksi tulee summamutikka. &nbsp; &nbsp; Pikkuisen kappelin rakentaminen on ollut pitk\u00e4\u00e4n ajatuksissa. Suunnitelmia on syntynyt aina kun on maailmalla tienvarsi- tai kyl\u00e4kappeleihin tutustunut. Piirustuksiakin on, etup\u00e4\u00e4ss\u00e4 p\u00e4\u00e4ss\u00e4. Pit\u00e4isi saattaa n\u00e4kyville ja ryhty\u00e4 toimeen \ud83d\ude42 &nbsp; Esikuvakappeleita riitt\u00e4\u00e4: &nbsp; &nbsp; Mainiota k\u00e4dentaitoa! &nbsp; &nbsp; Toiset kappelit ovat olleet helpompia [&hellip;]<\/p>\n","protected":false},"author":1,"featured_media":0,"comment_status":"open","ping_status":"open","sticky":false,"template":"","format":"standard","meta":{"footnotes":""},"categories":[],"tags":[],"class_list":["post-4325","post","type-post","status-publish","format-standard","hentry"],"_links":{"self":[{"href":"https:\/\/www.kinanen.fi\/nukkekoti\/wp-json\/wp\/v2\/posts\/4325","targetHints":{"allow":["GET"]}}],"collection":[{"href":"https:\/\/www.kinanen.fi\/nukkekoti\/wp-json\/wp\/v2\/posts"}],"about":[{"href":"https:\/\/www.kinanen.fi\/nukkekoti\/wp-json\/wp\/v2\/types\/post"}],"author":[{"embeddable":true,"href":"https:\/\/www.kinanen.fi\/nukkekoti\/wp-json\/wp\/v2\/users\/1"}],"replies":[{"embeddable":true,"href":"https:\/\/www.kinanen.fi\/nukkekoti\/wp-json\/wp\/v2\/comments?post=4325"}],"version-history":[{"count":6,"href":"https:\/\/www.kinanen.fi\/nukkekoti\/wp-json\/wp\/v2\/posts\/4325\/revisions"}],"predecessor-version":[{"id":4356,"href":"https:\/\/www.kinanen.fi\/nukkekoti\/wp-json\/wp\/v2\/posts\/4325\/revisions\/4356"}],"wp:attachment":[{"href":"https:\/\/www.kinanen.fi\/nukkekoti\/wp-json\/wp\/v2\/media?parent=4325"}],"wp:term":[{"taxonomy":"category","embeddable":true,"href":"https:\/\/www.kinanen.fi\/nukkekoti\/wp-json\/wp\/v2\/categories?post=4325"},{"taxonomy":"post_tag","embeddable":true,"href":"https:\/\/www.kinanen.fi\/nukkekoti\/wp-json\/wp\/v2\/tags?post=4325"}],"curies":[{"name":"wp","href":"https:\/\/api.w.org\/{rel}","templated":true}]}}