{"id":4357,"date":"2012-01-03T14:37:45","date_gmt":"2012-01-03T12:37:45","guid":{"rendered":"http:\/\/kinanen.fi\/wordpress\/?p=4357"},"modified":"2012-01-03T16:19:38","modified_gmt":"2012-01-03T14:19:38","slug":"talli","status":"publish","type":"post","link":"https:\/\/www.kinanen.fi\/nukkekoti\/talli\/","title":{"rendered":"Talli"},"content":{"rendered":"<p>Harva tiet\u00e4\u00e4, ett\u00e4 Eevertiss\u00e4 on hieman hevosmiehen verta. Nuorena s\u00e4llin\u00e4 h\u00e4n ajoi kilpaakin Terttu- nimisell\u00e4 tammalla. Taisi niilt\u00e4 reissuilta jokunen palkinto-lusikkakin p\u00e4\u00e4ty\u00e4 Taavitsaisille sotien j\u00e4lkeen. Ne olivat vauhdikkaita kesi\u00e4 ne. Talossa oli siihen aikaan useampia hevosia. Valta osa talon t\u00f6iss\u00e4, mutta sekaan mahtui hyvin lahjakas juoksija, joka sitten sai pit\u00e4\u00e4 talon edustust\u00e4 yll\u00e4 kaupungin ravi-kilpailuissa.<\/p>\n<p>Hevostelu on pysynyt suvun nuorempien toimissa siit\u00e4 pit\u00e4en jossakin m\u00e4\u00e4rin. Enempi harrastuksen omaisesti ja kouluratsastuksen piiriss\u00e4. Hauskaa ja opettavaista kaikinpuolin.<\/p>\n<p>Eevertin sukulaistytt\u00f6 k\u00e4\u00e4ntyi el\u00e4kel\u00e4ismiehen puoleen hoitohevosensa, Dooriksen asioissa. Sukulaistyt\u00f6n aika ei riitt\u00e4nyt hevosen hoitoon vaan hurmaava Dooris tuli hetkeksi Eevertin hoiviin. Mukavasti on aika kulunut hevosen hoidon merkeiss\u00e4.<\/p>\n<p>&nbsp;<\/p>\n<figure id=\"attachment_4358\" aria-describedby=\"caption-attachment-4358\" style=\"width: 500px\" class=\"wp-caption aligncenter\"><a href=\"http:\/\/kinanen.fi\/wordpress\/wp-content\/uploads\/2012\/01\/Talli.jpg\"><img fetchpriority=\"high\" decoding=\"async\" class=\" wp-image-4358\" title=\"Talli\" src=\"http:\/\/kinanen.fi\/wordpress\/wp-content\/uploads\/2012\/01\/Talli.jpg\" alt=\"Doris\" width=\"500\" height=\"542\" \/><\/a><figcaption id=\"caption-attachment-4358\" class=\"wp-caption-text\">Doris<\/figcaption><\/figure>\n<p>&nbsp;<\/p>\n<p>Tallia Taavitsaisen talossa ei en\u00e4\u00e4 ollut, joten hevosellehan piti tietenkin ryhty\u00e4 asuinsijaa laatimaan. Tallin rakentamisessa ja nikkaroinnissa oli onneksi Neito mukana ohjeistamassa, mit\u00e4 kaikkea talliin kuuluu nykyisell\u00e4\u00e4n laittaa, jotta hevonen siell\u00e4 hyvin voi.<\/p>\n<p>&nbsp;<\/p>\n<figure id=\"attachment_4359\" aria-describedby=\"caption-attachment-4359\" style=\"width: 500px\" class=\"wp-caption aligncenter\"><a href=\"http:\/\/kinanen.fi\/wordpress\/wp-content\/uploads\/2012\/01\/Talli2.jpg\"><img decoding=\"async\" class=\" wp-image-4359\" title=\"Talli2\" src=\"http:\/\/kinanen.fi\/wordpress\/wp-content\/uploads\/2012\/01\/Talli2.jpg\" alt=\"Pilttuussa\" width=\"500\" height=\"375\" \/><\/a><figcaption id=\"caption-attachment-4359\" class=\"wp-caption-text\">Pilttuussa<\/figcaption><\/figure>\n<p>&nbsp;<\/p>\n<p>Oma pilttuu tietenkin. T\u00e4ytyyh\u00e4n sit\u00e4 olla oma paikka hevosellakin. Siell\u00e4 sitten on turvallista valjastaa ja satuloida polle ratsastusretke\u00e4 varten.<\/p>\n<p>&nbsp;<\/p>\n<figure id=\"attachment_4360\" aria-describedby=\"caption-attachment-4360\" style=\"width: 500px\" class=\"wp-caption aligncenter\"><a href=\"http:\/\/kinanen.fi\/wordpress\/wp-content\/uploads\/2012\/01\/Talli4.jpg\"><img decoding=\"async\" class=\" wp-image-4360\" title=\"Talli4\" src=\"http:\/\/kinanen.fi\/wordpress\/wp-content\/uploads\/2012\/01\/Talli4.jpg\" alt=\"Satula\" width=\"500\" height=\"375\" \/><\/a><figcaption id=\"caption-attachment-4360\" class=\"wp-caption-text\">Satula<\/figcaption><\/figure>\n<p>&nbsp;<\/p>\n<p>Doriksen satula olikin komea! Paikallisen satulasep\u00e4n (Neidon) tekem\u00e4. K\u00e4sitt\u00e4m\u00e4tt\u00f6m\u00e4n laadukasta ty\u00f6t\u00e4 alusta loppuun saakka ja t\u00e4ysin mittojen mukaan tehty. Kyll\u00e4 nyt kelpaa l\u00e4hte\u00e4 pidemm\u00e4llekin ratsastusreissulle! Satulahuopakin n\u00e4ytt\u00e4\u00e4 olevan juhla-laatua kun niin kimaltelee tallin h\u00e4m\u00e4ryydess\u00e4.<\/p>\n<p>&nbsp;<\/p>\n<figure id=\"attachment_4361\" aria-describedby=\"caption-attachment-4361\" style=\"width: 502px\" class=\"wp-caption aligncenter\"><a href=\"http:\/\/kinanen.fi\/wordpress\/wp-content\/uploads\/2012\/01\/Talli5.jpg\"><img loading=\"lazy\" decoding=\"async\" class=\" wp-image-4361\" title=\"Talli5\" src=\"http:\/\/kinanen.fi\/wordpress\/wp-content\/uploads\/2012\/01\/Talli5.jpg\" alt=\"Tarvikkeita ja ev\u00e4st\u00e4\" width=\"502\" height=\"376\" \/><\/a><figcaption id=\"caption-attachment-4361\" class=\"wp-caption-text\">Tarvikkeita ja ev\u00e4it\u00e4<\/figcaption><\/figure>\n<p>&nbsp;<\/p>\n<p>Tallista l\u00f6ytyy iso tynnyrillinen kauroja ja pienempi vasullinen muuta t\u00e4rke\u00e4\u00e4 vitamiinirehua. Tarvikkeitakin on montaa sorttia. sukia ja pinteleit\u00e4kin koko hoitoarkku t\u00e4yteen!\u00a0 Hevosen jalat on hyv\u00e4 pintel\u00f6id\u00e4 ennen maastoon l\u00e4htemist\u00e4, ettei polle sitten satuttele itse\u00e4\u00e4n vinhassa laukassaan.<\/p>\n<p>Pikkuinen ruusutuolikin on l\u00f6yt\u00e4nyt tallista paikan. Siin\u00e4 sit\u00e4 kelpaa vaihtaa varusteita ja kiskoa saappaita jalkaan.<\/p>\n<p>Ja saappaita tarvitaan muussakin kuin ratsastuksessa. Joka p\u00e4iv\u00e4 pit\u00e4\u00e4 pilttuu puhdistaa.<\/p>\n<p>&nbsp;<\/p>\n<figure id=\"attachment_4365\" aria-describedby=\"caption-attachment-4365\" style=\"width: 495px\" class=\"wp-caption aligncenter\"><a href=\"http:\/\/kinanen.fi\/wordpress\/wp-content\/uploads\/2012\/01\/Talli8.jpg\"><img loading=\"lazy\" decoding=\"async\" class=\"size-full wp-image-4365\" title=\"Talli8\" src=\"http:\/\/kinanen.fi\/wordpress\/wp-content\/uploads\/2012\/01\/Talli8.jpg\" alt=\"Talliharja\" width=\"495\" height=\"640\" \/><\/a><figcaption id=\"caption-attachment-4365\" class=\"wp-caption-text\">Tallin puhdistuskalusto<\/figcaption><\/figure>\n<p>&nbsp;<\/p>\n<p>Siin\u00e4 hommassa onkin tarpeen kunnon harja ja kakkalapio. Palleroita onkin jo ker\u00e4\u00e4ntynyt melkoinen kasa tallin taakse tunkiolle.<\/p>\n<p>&nbsp;<\/p>\n<figure id=\"attachment_4362\" aria-describedby=\"caption-attachment-4362\" style=\"width: 500px\" class=\"wp-caption aligncenter\"><a href=\"http:\/\/kinanen.fi\/wordpress\/wp-content\/uploads\/2012\/01\/Talli6.jpg\"><img loading=\"lazy\" decoding=\"async\" class=\" wp-image-4362\" title=\"Talli6\" src=\"http:\/\/kinanen.fi\/wordpress\/wp-content\/uploads\/2012\/01\/Talli6.jpg\" alt=\"Tallinhylly\" width=\"500\" height=\"375\" \/><\/a><figcaption id=\"caption-attachment-4362\" class=\"wp-caption-text\">Tallin hylly<\/figcaption><\/figure>\n<p>&nbsp;<\/p>\n<p>Sein\u00e4hyllylle on ker\u00e4\u00e4ntynyt kaikkea tarpeellista niin hevosen kuin tallinkin hoitamista ajatellen. Kaviokoukku ja harjat ovat t\u00e4rkeit\u00e4 sek\u00e4 tietenkin kaviorasva. Sit\u00e4 onkin iso purkillinen.<\/p>\n<p>&nbsp;<\/p>\n<figure id=\"attachment_4363\" aria-describedby=\"caption-attachment-4363\" style=\"width: 500px\" class=\"wp-caption aligncenter\"><a href=\"http:\/\/kinanen.fi\/wordpress\/wp-content\/uploads\/2012\/01\/Talli7.jpg\"><img loading=\"lazy\" decoding=\"async\" class=\" wp-image-4363\" title=\"Talli7\" src=\"http:\/\/kinanen.fi\/wordpress\/wp-content\/uploads\/2012\/01\/Talli7.jpg\" alt=\"valot\" width=\"500\" height=\"432\" \/><\/a><figcaption id=\"caption-attachment-4363\" class=\"wp-caption-text\">Valaistus<\/figcaption><\/figure>\n<p>&nbsp;<\/p>\n<p>Tallissa on ikkuna ulos, mist\u00e4 voi katsellaa naapuritalon laiduntavia hevosia. H\u00e4m\u00e4r\u00e4 talli kaipaa my\u00f6s p\u00e4iv\u00e4saikaan valoja. Sein\u00e4ll\u00e4 on s\u00e4hk\u00f6valo ja lis\u00e4ksi l\u00f6ytyy myrskylyhty. Nykyisin kun saattaa v\u00e4lill\u00e4 olla s\u00e4hk\u00f6t pois k\u00e4yt\u00f6st\u00e4 niin on hyv\u00e4kin ett\u00e4 valoa saadaan muullakin keinoin.<\/p>\n<p>&nbsp;<\/p>\n<figure id=\"attachment_4364\" aria-describedby=\"caption-attachment-4364\" style=\"width: 501px\" class=\"wp-caption aligncenter\"><a href=\"http:\/\/kinanen.fi\/wordpress\/wp-content\/uploads\/2012\/01\/Talli3.jpg\"><img loading=\"lazy\" decoding=\"async\" class=\" wp-image-4364\" title=\"Talli3\" src=\"http:\/\/kinanen.fi\/wordpress\/wp-content\/uploads\/2012\/01\/Talli3.jpg\" alt=\"Talliboxi\" width=\"501\" height=\"355\" \/><\/a><figcaption id=\"caption-attachment-4364\" class=\"wp-caption-text\">Talloboxi<\/figcaption><\/figure>\n<p>&nbsp;<\/p>\n<p>Kokonaisuutena se n\u00e4ytt\u00e4\u00e4 t\u00e4lt\u00e4.<\/p>\n<p>Nyttemmin Eevert on saattanut pollen takaisin sukulaistyt\u00f6n hoteisiin. H\u00e4n kun paremmin taitaa hevosjutut muutenkin. Talli kaipaa viel\u00e4 paljon tarviketta. Olkoon siin\u00e4 sukulaistyt\u00f6lle haastetta.<\/p>\n<p>_________________________________________________<\/p>\n<p>Satulan ja riimujen ohjeet <a title=\"Ohjeet\" href=\"http:\/\/public.fotki.com\/Linjuri\/ohjeita\/ohjeita\/\" target=\"_blank\">Linjurin<\/a> <a title=\"Blogi\" href=\"http:\/\/tuominotko.vuodatus.net\/\" target=\"_blank\">Tuominotkosta<\/a> tai <a title=\"Heppa blogi\" href=\"http:\/\/hepola.vuodatus.net\/\" target=\"_blank\">Veeran tallista<\/a>. Satulan taituroi Neito ja riimut min\u00e4. Olipas pient\u00e4 piipert\u00e4mist\u00e4 \ud83d\ude09 Loimen neuloi Neito.<\/p>\n<p>Pahnat ovat joulupaketin niint\u00e4, varalamppuprintit l\u00e4ht\u00f6isin <a href=\"http:\/\/nukketalo.org\/\" target=\"_blank\">Marialta<\/a>, s\u00e4hk\u00f6valo Neidon hajuvesipullosta, ruusutuoli j\u00e4\u00e4nne kes\u00e4isest\u00e4 kortista. Talliharja Siipan hammasharjasta (mill\u00e4 ihmeell\u00e4 saatte niit\u00e4 muokattua ja vuoltua?!?)\u00a0 jne.<\/p>\n<p>Lis\u00e4ksi tallissa asuu tietenkin tallikissa ja tallihiiri. Ne olivat t\u00e4ll\u00e4 kertaa niin ujoja etteiv\u00e4t uskaltautuneet kuvattaviksi.<\/p>\n<p>Ja itse hevonen on joskus kauan sitten sukulaistytt\u00f6 saanut iso\u00e4idilt\u00e4\u00e4n lahjaksi &#8211; hevostytt\u00f6 kun on.<\/p>\n","protected":false},"excerpt":{"rendered":"<p>Harva tiet\u00e4\u00e4, ett\u00e4 Eevertiss\u00e4 on hieman hevosmiehen verta. Nuorena s\u00e4llin\u00e4 h\u00e4n ajoi kilpaakin Terttu- nimisell\u00e4 tammalla. Taisi niilt\u00e4 reissuilta jokunen palkinto-lusikkakin p\u00e4\u00e4ty\u00e4 Taavitsaisille sotien j\u00e4lkeen. Ne olivat vauhdikkaita kesi\u00e4 ne. Talossa oli siihen aikaan useampia hevosia. Valta osa talon t\u00f6iss\u00e4, mutta sekaan mahtui hyvin lahjakas juoksija, joka sitten sai pit\u00e4\u00e4 talon edustust\u00e4 yll\u00e4 kaupungin ravi-kilpailuissa. [&hellip;]<\/p>\n","protected":false},"author":1,"featured_media":0,"comment_status":"open","ping_status":"open","sticky":false,"template":"","format":"standard","meta":{"footnotes":""},"categories":[],"tags":[],"class_list":["post-4357","post","type-post","status-publish","format-standard","hentry"],"_links":{"self":[{"href":"https:\/\/www.kinanen.fi\/nukkekoti\/wp-json\/wp\/v2\/posts\/4357","targetHints":{"allow":["GET"]}}],"collection":[{"href":"https:\/\/www.kinanen.fi\/nukkekoti\/wp-json\/wp\/v2\/posts"}],"about":[{"href":"https:\/\/www.kinanen.fi\/nukkekoti\/wp-json\/wp\/v2\/types\/post"}],"author":[{"embeddable":true,"href":"https:\/\/www.kinanen.fi\/nukkekoti\/wp-json\/wp\/v2\/users\/1"}],"replies":[{"embeddable":true,"href":"https:\/\/www.kinanen.fi\/nukkekoti\/wp-json\/wp\/v2\/comments?post=4357"}],"version-history":[{"count":9,"href":"https:\/\/www.kinanen.fi\/nukkekoti\/wp-json\/wp\/v2\/posts\/4357\/revisions"}],"predecessor-version":[{"id":4367,"href":"https:\/\/www.kinanen.fi\/nukkekoti\/wp-json\/wp\/v2\/posts\/4357\/revisions\/4367"}],"wp:attachment":[{"href":"https:\/\/www.kinanen.fi\/nukkekoti\/wp-json\/wp\/v2\/media?parent=4357"}],"wp:term":[{"taxonomy":"category","embeddable":true,"href":"https:\/\/www.kinanen.fi\/nukkekoti\/wp-json\/wp\/v2\/categories?post=4357"},{"taxonomy":"post_tag","embeddable":true,"href":"https:\/\/www.kinanen.fi\/nukkekoti\/wp-json\/wp\/v2\/tags?post=4357"}],"curies":[{"name":"wp","href":"https:\/\/api.w.org\/{rel}","templated":true}]}}