{"id":4399,"date":"2012-01-14T15:58:26","date_gmt":"2012-01-14T13:58:26","guid":{"rendered":"http:\/\/kinanen.fi\/wordpress\/?p=4399"},"modified":"2014-06-22T11:14:51","modified_gmt":"2014-06-22T08:14:51","slug":"kovapainen-rakentaja","status":"publish","type":"post","link":"https:\/\/www.kinanen.fi\/nukkekoti\/kovapainen-rakentaja\/","title":{"rendered":"Kovap\u00e4inen rakentaja"},"content":{"rendered":"<p>Eevertille sattui kiireiss\u00e4\u00e4n vahinko, joka pys\u00e4ytti energisen rakentajan niille sijoilleen. Ulkohommissa mies liukastui pahemman kerran ja l\u00f6i p\u00e4\u00e4ns\u00e4 kirkkaaseen j\u00e4\u00e4h\u00e4n joka paljastui hentoisen lumikerroksen alta. Iso muhku tuli p\u00e4\u00e4h\u00e4n, mutta pahemmilta vaurioilta taisi mies sent\u00e4\u00e4n s\u00e4\u00e4sty\u00e4.<\/p>\n<p>&nbsp;<\/p>\n<figure id=\"attachment_4400\" aria-describedby=\"caption-attachment-4400\" style=\"width: 502px\" class=\"wp-caption aligncenter\"><a href=\"http:\/\/kinanen.fi\/wordpress\/wp-content\/uploads\/2012\/01\/paa.jpg\"><img fetchpriority=\"high\" decoding=\"async\" class=\" wp-image-4400\" title=\"pa\u0308a\u0308\" src=\"http:\/\/kinanen.fi\/wordpress\/wp-content\/uploads\/2012\/01\/paa.jpg\" alt=\"Kylm\u00e4pussi\" width=\"502\" height=\"412\" \/><\/a><figcaption id=\"caption-attachment-4400\" class=\"wp-caption-text\">Kylm\u00e4pussi<\/figcaption><\/figure>\n<p>&nbsp;<\/p>\n<p>Kylm\u00e4pussi piti etsi\u00e4 apuun ja sill\u00e4 Eevert muhkuaan hoiteli kokonaisen illan. Pient\u00e4 kivistyst\u00e4 ja v\u00e4h\u00e4n t\u00e4r\u00e4ht\u00e4nyt olohan siit\u00e4 tuli. L\u00e4\u00e4k\u00e4rikirjasta Eevert luki, ett\u00e4 tajunnan tilaa tulee seurata jos p\u00e4\u00e4h\u00e4n osuu jonkinlainen t\u00e4r\u00e4hdys. Niinp\u00e4 Eevert kutsui apuun renkins\u00e4 ja kehoitti tarkkailemaan. Renki tuumi, ett\u00e4 tokkopa h\u00e4n mit\u00e4\u00e4n erityist\u00e4 muutosta huomaisi kuitenkaan&#8230; H\u00e4nen mukaansa Eevert on ollut aina hieman t\u00e4r\u00e4ht\u00e4nyt jo valmiiksi. Renki j\u00e4i kuitenkin hoitohommiin ja keitteli potilaalle kaakaota ja teki voileip\u00e4\u00e4.<\/p>\n<p>&nbsp;<\/p>\n<figure id=\"attachment_4401\" aria-describedby=\"caption-attachment-4401\" style=\"width: 500px\" class=\"wp-caption aligncenter\"><a href=\"http:\/\/kinanen.fi\/wordpress\/wp-content\/uploads\/2012\/01\/paa2.jpg\"><img decoding=\"async\" class=\" wp-image-4401\" title=\"pa\u0308a\u03082\" src=\"http:\/\/kinanen.fi\/wordpress\/wp-content\/uploads\/2012\/01\/paa2.jpg\" alt=\"Kaakaota ja voileip\u00e4\u00e4\" width=\"500\" height=\"333\" \/><\/a><figcaption id=\"caption-attachment-4401\" class=\"wp-caption-text\">Kaakaota ja voileip\u00e4\u00e4<\/figcaption><\/figure>\n<p>&nbsp;<\/p>\n<p>Kalenterista katsottiin ja arveltiin ty\u00f6kyvytt\u00f6myyden kest\u00e4v\u00e4n ainakin viikonlopun. (Mainiot ev\u00e4\u00e4t <a href=\"http:\/\/jatanukkekodinruokia.vuodatus.net\/\" target=\"_blank\">Jatan<\/a> herkkuja ja kalenterin isompi esikuva <a href=\"http:\/\/iidasanttu.vuodatus.net\/\" target=\"_blank\">Maijalta<\/a>)<\/p>\n<p>Ja mit\u00e4 se Eevert sitten tohotti kun meni jalat alta. Messumatkaltahan sit\u00e4 oltiin tulossa huimien tuliaisten kanssa! Ja tuliaisia oli katseltu &#8221;sill\u00e4 silm\u00e4ll\u00e4&#8221; kappelin rakennuksen tiimoilta.<\/p>\n<p>&nbsp;<\/p>\n<figure id=\"attachment_4402\" aria-describedby=\"caption-attachment-4402\" style=\"width: 504px\" class=\"wp-caption aligncenter\"><a href=\"http:\/\/kinanen.fi\/wordpress\/wp-content\/uploads\/2012\/01\/kappeli7.jpg\"><img decoding=\"async\" class=\" wp-image-4402\" title=\"kappeli7\" src=\"http:\/\/kinanen.fi\/wordpress\/wp-content\/uploads\/2012\/01\/kappeli7.jpg\" alt=\"Tarvikkeita\" width=\"504\" height=\"328\" \/><\/a><figcaption id=\"caption-attachment-4402\" class=\"wp-caption-text\">Kappelin tarvikkeita<\/figcaption><\/figure>\n<p>&nbsp;<\/p>\n<p>K\u00e4sin tehtyj\u00e4 kirjanmerkkej\u00e4 &#8211; ei kun kirkkotekstiilej\u00e4 ja muita pyhi\u00e4 esineit\u00e4 mit\u00e4 nyt kirkoissa yleens\u00e4kin on. Kirjanmerkit ovat Bangladeshist\u00e4 jossa kotirouvat joskus rangaistuksen uhallakin tekev\u00e4t vaikkapa kirjanmerkkej\u00e4, joissa on kristillisi\u00e4 symboleja. N\u00e4iden kirjanmerkkien alkul\u00e4hde ja paljon muutakin erilaista k\u00e4sity\u00f6t\u00e4 l\u00f6ytyy <a href=\"http:\/\/palamaailmalta.fi\/bangladesh\" target=\"_blank\">T\u00c4\u00c4LT\u00c4<\/a>.<\/p>\n<p>&nbsp;<\/p>\n<figure id=\"attachment_4403\" aria-describedby=\"caption-attachment-4403\" style=\"width: 500px\" class=\"wp-caption aligncenter\"><a href=\"http:\/\/kinanen.fi\/wordpress\/wp-content\/uploads\/2012\/01\/kappeli8.jpg\"><img loading=\"lazy\" decoding=\"async\" class=\" wp-image-4403\" title=\"kappeli8\" src=\"http:\/\/kinanen.fi\/wordpress\/wp-content\/uploads\/2012\/01\/kappeli8.jpg\" alt=\"Alttariristi\" width=\"500\" height=\"414\" \/><\/a><figcaption id=\"caption-attachment-4403\" class=\"wp-caption-text\">Alttarip\u00f6yd\u00e4lle<\/figcaption><\/figure>\n<p>&nbsp;<\/p>\n<p>Alttarip\u00f6yd\u00e4lle tulee tietenkin risti. T\u00e4m\u00e4 malli on kaksipuoleinen. Toisella puolella tyhj\u00e4 risti &#8211; yl\u00f6snousemuksen risti ja toisella puolella krusifiksi. Pikkuristi vieress\u00e4 p\u00e4\u00e4tyy johonkin sein\u00e4lle kuten my\u00f6s &#8221;lantit&#8221;. Lanttien toisella puolella on englanninkielisi\u00e4 rukouksia.<\/p>\n<p>&nbsp;<\/p>\n<figure id=\"attachment_4404\" aria-describedby=\"caption-attachment-4404\" style=\"width: 500px\" class=\"wp-caption aligncenter\"><a href=\"http:\/\/kinanen.fi\/wordpress\/wp-content\/uploads\/2012\/01\/kappeli9.jpg\"><img loading=\"lazy\" decoding=\"async\" class=\" wp-image-4404\" title=\"kappeli9\" src=\"http:\/\/kinanen.fi\/wordpress\/wp-content\/uploads\/2012\/01\/kappeli9.jpg\" alt=\"Ikoni\" width=\"500\" height=\"333\" \/><\/a><figcaption id=\"caption-attachment-4404\" class=\"wp-caption-text\">Ikoni<\/figcaption><\/figure>\n<p>&nbsp;<\/p>\n<p>Monelle tuttu ikonikin l\u00f6ytyi minikoossa. T\u00e4m\u00e4 oli alunperin kaulanauha, mutta ilmeisesti heti tuli riisuttua nauha irti kiinnittimineen. N\u00e4iden myyj\u00e4 j\u00e4i nyt viel\u00e4 h\u00e4m\u00e4r\u00e4n peittoon. Lis\u00e4t\u00e4\u00e4n tieto kunhan lasku l\u00f6yt\u00e4\u00e4 perille.<\/p>\n<p>Ja noita mikropistoja tuossa kirjanmerkiss\u00e4 en ymm\u00e4rr\u00e4 ollenkaan. Pit\u00e4\u00e4 olla melkoisen ohkanen neulakin!?!<\/p>\n<p>&nbsp;<\/p>\n<figure id=\"attachment_4405\" aria-describedby=\"caption-attachment-4405\" style=\"width: 501px\" class=\"wp-caption aligncenter\"><a href=\"http:\/\/kinanen.fi\/wordpress\/wp-content\/uploads\/2012\/01\/kappeli12.jpg\"><img loading=\"lazy\" decoding=\"async\" class=\" wp-image-4405\" title=\"kappeli12\" src=\"http:\/\/kinanen.fi\/wordpress\/wp-content\/uploads\/2012\/01\/kappeli12.jpg\" alt=\"Rappausta\" width=\"501\" height=\"340\" \/><\/a><figcaption id=\"caption-attachment-4405\" class=\"wp-caption-text\">Rappausta<\/figcaption><\/figure>\n<p>&nbsp;<\/p>\n<p>Kappelin sein\u00e4t saivat ulkopintaa jo ennen reissua ja ne saivat rauhassa kuivahtaa p\u00f6yd\u00e4ll\u00e4. Pinnalle tuli remonttitasoitetta ja tiili\u00e4. Tiilet on tuotettu Lontoosta reilu vuosi sitten jo valmiiksi. Luonnonkivi\u00e4 kappeliin taas on tarkoin valittu It\u00e4v\u00e4llasta Zillertalin laaksoa ymp\u00e4r\u00f6ivilt\u00e4 vuorilta.<\/p>\n<p>&nbsp;<\/p>\n<figure id=\"attachment_4406\" aria-describedby=\"caption-attachment-4406\" style=\"width: 501px\" class=\"wp-caption aligncenter\"><a href=\"http:\/\/kinanen.fi\/wordpress\/wp-content\/uploads\/2012\/01\/kappeli11.jpg\"><img loading=\"lazy\" decoding=\"async\" class=\" wp-image-4406\" title=\"kappeli11\" src=\"http:\/\/kinanen.fi\/wordpress\/wp-content\/uploads\/2012\/01\/kappeli11.jpg\" alt=\"Seinustaa\" width=\"501\" height=\"334\" \/><\/a><figcaption id=\"caption-attachment-4406\" class=\"wp-caption-text\">Seinustaa<\/figcaption><\/figure>\n<p>&nbsp;<\/p>\n<p>Joten n\u00e4ytt\u00e4\u00e4 tulevan kappelista perinteisen harmaakivikirkon tyylinen ainakin ulkoap\u00e4in.<\/p>\n<p>Eip\u00e4 arvannut ker\u00e4tess\u00e4 minne kivet p\u00e4\u00e4tyv\u00e4t \ud83d\ude09<\/p>\n<p>&nbsp;<\/p>\n<figure id=\"attachment_4413\" aria-describedby=\"caption-attachment-4413\" style=\"width: 500px\" class=\"wp-caption aligncenter\"><a href=\"http:\/\/kinanen.fi\/wordpress\/wp-content\/uploads\/2012\/01\/kappeli13.jpg\"><img loading=\"lazy\" decoding=\"async\" class=\" wp-image-4413\" title=\"kappeli13\" src=\"http:\/\/kinanen.fi\/wordpress\/wp-content\/uploads\/2012\/01\/kappeli13.jpg\" alt=\"Kivilouhos\" width=\"500\" height=\"333\" \/><\/a><figcaption id=\"caption-attachment-4413\" class=\"wp-caption-text\">Kivilouhos<\/figcaption><\/figure>\n<p>&nbsp;<\/p>\n<p>Ei voi kuin ihmetell\u00e4 kuinka ne isot vuoret pysyv\u00e4t kasassa koska liuskottuneita ja hajoavia rinteit\u00e4 oli v\u00e4h\u00e4n joka puolella. Siisp\u00e4 kivien keruuseen ja reppu t\u00e4yteen materiaalia. Eih\u00e4n sit\u00e4 koskaan tied\u00e4 mit\u00e4 tarvisee tulevaisuudessa \ud83d\ude09<\/p>\n<p>&nbsp;<\/p>\n<p>&nbsp;<\/p>\n<p>&nbsp;<\/p>\n<p>&nbsp;<\/p>\n","protected":false},"excerpt":{"rendered":"<p>Eevertille sattui kiireiss\u00e4\u00e4n vahinko, joka pys\u00e4ytti energisen rakentajan niille sijoilleen. Ulkohommissa mies liukastui pahemman kerran ja l\u00f6i p\u00e4\u00e4ns\u00e4 kirkkaaseen j\u00e4\u00e4h\u00e4n joka paljastui hentoisen lumikerroksen alta. Iso muhku tuli p\u00e4\u00e4h\u00e4n, mutta pahemmilta vaurioilta taisi mies sent\u00e4\u00e4n s\u00e4\u00e4sty\u00e4. &nbsp; &nbsp; Kylm\u00e4pussi piti etsi\u00e4 apuun ja sill\u00e4 Eevert muhkuaan hoiteli kokonaisen illan. Pient\u00e4 kivistyst\u00e4 ja v\u00e4h\u00e4n t\u00e4r\u00e4ht\u00e4nyt olohan [&hellip;]<\/p>\n","protected":false},"author":1,"featured_media":0,"comment_status":"open","ping_status":"open","sticky":false,"template":"","format":"standard","meta":{"footnotes":""},"categories":[],"tags":[],"class_list":["post-4399","post","type-post","status-publish","format-standard","hentry"],"_links":{"self":[{"href":"https:\/\/www.kinanen.fi\/nukkekoti\/wp-json\/wp\/v2\/posts\/4399","targetHints":{"allow":["GET"]}}],"collection":[{"href":"https:\/\/www.kinanen.fi\/nukkekoti\/wp-json\/wp\/v2\/posts"}],"about":[{"href":"https:\/\/www.kinanen.fi\/nukkekoti\/wp-json\/wp\/v2\/types\/post"}],"author":[{"embeddable":true,"href":"https:\/\/www.kinanen.fi\/nukkekoti\/wp-json\/wp\/v2\/users\/1"}],"replies":[{"embeddable":true,"href":"https:\/\/www.kinanen.fi\/nukkekoti\/wp-json\/wp\/v2\/comments?post=4399"}],"version-history":[{"count":8,"href":"https:\/\/www.kinanen.fi\/nukkekoti\/wp-json\/wp\/v2\/posts\/4399\/revisions"}],"predecessor-version":[{"id":7699,"href":"https:\/\/www.kinanen.fi\/nukkekoti\/wp-json\/wp\/v2\/posts\/4399\/revisions\/7699"}],"wp:attachment":[{"href":"https:\/\/www.kinanen.fi\/nukkekoti\/wp-json\/wp\/v2\/media?parent=4399"}],"wp:term":[{"taxonomy":"category","embeddable":true,"href":"https:\/\/www.kinanen.fi\/nukkekoti\/wp-json\/wp\/v2\/categories?post=4399"},{"taxonomy":"post_tag","embeddable":true,"href":"https:\/\/www.kinanen.fi\/nukkekoti\/wp-json\/wp\/v2\/tags?post=4399"}],"curies":[{"name":"wp","href":"https:\/\/api.w.org\/{rel}","templated":true}]}}