{"id":4436,"date":"2012-01-22T13:15:38","date_gmt":"2012-01-22T11:15:38","guid":{"rendered":"http:\/\/kinanen.fi\/wordpress\/?p=4436"},"modified":"2012-01-24T22:14:00","modified_gmt":"2012-01-24T20:14:00","slug":"talven-iloja","status":"publish","type":"post","link":"https:\/\/www.kinanen.fi\/nukkekoti\/talven-iloja\/","title":{"rendered":"Talven iloja"},"content":{"rendered":"<p>Eevert puuhailee Tenho koiran kanssa pihalla. Lunta on tullut monia senttej\u00e4 ja sit\u00e4 tarvitsee tietenkin j\u00e4rjestell\u00e4 pihamaalla. Monissa muissakin taloissa siirrell\u00e4\u00e4n lunta erilaisiin muodostelmiin ja paikkoihin. Joissakin n\u00e4ytt\u00e4\u00e4 olevan ihan koneet sit\u00e4 varten ja lumi sy\u00f6ksyy korkealle tehden valkoisen hauskan kaaren lumenluojan vierelle. Sellaisella pelill\u00e4 sit\u00e4 saakin hattaavat lumet k\u00e4tev\u00e4sti siirretty\u00e4.<\/p>\n<p>Eevertill\u00e4 ei koneita sit\u00e4 varten ole. Ihan perinteisesti lumikolalla lykkim\u00e4ll\u00e4 tekee tarvittavat kulkutiet pihapiiriin. Muutoin h\u00e4n nauttii pihan lumipeitteest\u00e4 sellaisenaan. Tenho-koirakin toisinaan innostuu peuhaamaan pehme\u00e4ss\u00e4 lumessa niin ett\u00e4 hyv\u00e4 jos nen\u00e4np\u00e4\u00e4 pilkahtaa v\u00e4lill\u00e4 hangesta n\u00e4kyville.<\/p>\n<p>&nbsp;<\/p>\n<figure id=\"attachment_4437\" aria-describedby=\"caption-attachment-4437\" style=\"width: 500px\" class=\"wp-caption aligncenter\"><a href=\"http:\/\/kinanen.fi\/wordpress\/wp-content\/uploads\/2012\/01\/Tenho.jpg\"><img fetchpriority=\"high\" decoding=\"async\" class=\" wp-image-4437\" title=\"Tenho\" src=\"http:\/\/kinanen.fi\/wordpress\/wp-content\/uploads\/2012\/01\/Tenho.jpg\" alt=\"\" width=\"500\" height=\"320\" \/><\/a><figcaption id=\"caption-attachment-4437\" class=\"wp-caption-text\">Tenho nauttii lumesta<\/figcaption><\/figure>\n<p>&nbsp;<\/p>\n<p>Pihalla hyp\u00e4htelev\u00e4t v\u00e4lill\u00e4 tutut el\u00e4imet. Orava pist\u00e4ytyy tarkistamassa onko jotakin uutta herkkua tarjolla ja T\u00f6ntt\u00f6-tiainenkin virestelee innoissaan lyhteens\u00e4 p\u00e4\u00e4ll\u00e4.<\/p>\n<p>Eevert ottaakin asiakseen puhdistaa lintulaudan ja laittaa tuoreet appeet yst\u00e4villeen.<\/p>\n<p>&nbsp;<\/p>\n<figure id=\"attachment_4438\" aria-describedby=\"caption-attachment-4438\" style=\"width: 499px\" class=\"wp-caption aligncenter\"><a href=\"http:\/\/kinanen.fi\/wordpress\/wp-content\/uploads\/2012\/01\/Anneve.jpg\"><img decoding=\"async\" class=\" wp-image-4438\" title=\"Anneve\" src=\"http:\/\/kinanen.fi\/wordpress\/wp-content\/uploads\/2012\/01\/Anneve.jpg\" alt=\"\" width=\"499\" height=\"467\" \/><\/a><figcaption id=\"caption-attachment-4438\" class=\"wp-caption-text\">Lintulauta k\u00e4sittelyss\u00e4<\/figcaption><\/figure>\n<p>&nbsp;<\/p>\n<p>Lintulauta on perinteist\u00e4 mallia ja muistuttaa niin el\u00e4v\u00e4isesti Eevertin lapsuuden maisemien kyl\u00e4taloja. L\u00e4mpim\u00e4sti hymyillen mies asettelee jyvi\u00e4 ja p\u00e4hkin\u00f6it\u00e4 laudalle. T\u00e4ss\u00e4 sit\u00e4 on hyv\u00e4 pikkuyst\u00e4vien piipahtaa.<\/p>\n<p>Muutamia talipallojakin Eevert asettelee omaan telineeseens\u00e4 ja puun oksalle. Viimeaikoina on tullut pakkasiakin Eeverttil\u00e4n tuntumiin ja on t\u00e4rke\u00e4\u00e4 ett\u00e4 linnut saavat sellaista ruokaa joka auttaa l\u00e4mm\u00f6n pit\u00e4misess\u00e4. Kyll\u00e4p\u00e4s alkoikin iloinen sirkutus l\u00e4hipuissa. Linnut yleens\u00e4 intoutuvat viserryksiin kev\u00e4tkelien koittaessa, mutta viimep\u00e4ivin\u00e4 ainakin Eevertin l\u00e4hipiiriss\u00e4 laulu on huomattavasti lis\u00e4\u00e4ntynyt. No, onhan se p\u00e4iv\u00e4kin jo pidentynyt.<\/p>\n<p>&nbsp;<\/p>\n<figure id=\"attachment_4439\" aria-describedby=\"caption-attachment-4439\" style=\"width: 500px\" class=\"wp-caption aligncenter\"><a href=\"http:\/\/kinanen.fi\/wordpress\/wp-content\/uploads\/2012\/01\/Anneve2.jpg\"><img decoding=\"async\" class=\" wp-image-4439\" title=\"Anneve2\" src=\"http:\/\/kinanen.fi\/wordpress\/wp-content\/uploads\/2012\/01\/Anneve2.jpg\" alt=\"\" width=\"500\" height=\"333\" \/><\/a><figcaption id=\"caption-attachment-4439\" class=\"wp-caption-text\">Lintujen pallot<\/figcaption><\/figure>\n<p>&nbsp;<\/p>\n<p>Hyvin asettui hennolle oksalle talipallo telinekin. Siihen vierelle sitten vain lintulautaa laittamaan.<\/p>\n<p>&nbsp;<\/p>\n<figure id=\"attachment_4440\" aria-describedby=\"caption-attachment-4440\" style=\"width: 446px\" class=\"wp-caption aligncenter\"><a href=\"http:\/\/kinanen.fi\/wordpress\/wp-content\/uploads\/2012\/01\/Anneve3.jpg\"><img loading=\"lazy\" decoding=\"async\" class=\"size-full wp-image-4440\" title=\"Anneve3\" src=\"http:\/\/kinanen.fi\/wordpress\/wp-content\/uploads\/2012\/01\/Anneve3.jpg\" alt=\"\" width=\"446\" height=\"640\" \/><\/a><figcaption id=\"caption-attachment-4440\" class=\"wp-caption-text\">Lintujen herkut<\/figcaption><\/figure>\n<p>&nbsp;<\/p>\n<p>Oikein hyv\u00e4lt\u00e4 n\u00e4ytt\u00e4\u00e4, tuumii Eevert ja huomaa ett\u00e4 taitaa ollakin p\u00e4iv\u00e4kahvi aika k\u00e4sill\u00e4. Sis\u00e4lle siirrytty\u00e4\u00e4n ja kahvia odotellessaan h\u00e4n pist\u00e4ytyy saliin, miss\u00e4 on sis\u00e4hommia odottelemassa.<\/p>\n<p>Eevert itse ei juuri osaa taidetta tuottaa, mutta h\u00e4nell\u00e4 on joitakin yst\u00e4vi\u00e4 joilla sellainen armolahja on annettu. Joulun tuntumassa Eevert on saanut yll\u00e4tty\u00e4 iloisesti taiteellisista lahjoista.<\/p>\n<p>Nyt ne pit\u00e4isi saada sein\u00e4lle kiinnitetty\u00e4.<\/p>\n<p>&nbsp;<\/p>\n<figure id=\"attachment_4441\" aria-describedby=\"caption-attachment-4441\" style=\"width: 500px\" class=\"wp-caption aligncenter\"><a href=\"http:\/\/kinanen.fi\/wordpress\/wp-content\/uploads\/2012\/01\/Anneve4.jpg\"><img loading=\"lazy\" decoding=\"async\" class=\" wp-image-4441\" title=\"Anneve4\" src=\"http:\/\/kinanen.fi\/wordpress\/wp-content\/uploads\/2012\/01\/Anneve4.jpg\" alt=\"\" width=\"500\" height=\"333\" \/><\/a><figcaption id=\"caption-attachment-4441\" class=\"wp-caption-text\">Kukkataulu<\/figcaption><\/figure>\n<p>&nbsp;<\/p>\n<p>Ensiksi k\u00e4sittelyyn tulee kukkataulu. Sen on maalannut er\u00e4s vieh\u00e4tt\u00e4v\u00e4 leidi, <a href=\"http:\/\/malakoff.vuodatus.net\/\" target=\"_blank\">Anneve <\/a>Malakoffien talosta. Moni taitaa t\u00e4m\u00e4n taitavan leidin tunteakin. Maalatessa on ollut sivellin kohdillaan kun niin kauniita kukkia on asetelmaan vangittu. Melkein Eevert tuntee niiden tuoksun kun sulkee silm\u00e4ns\u00e4 ja oikein tarkasti antaa aistiensa herkisty\u00e4.<\/p>\n<p>Kaunis taulu ja kehyksetkin niin passelit saliin.<\/p>\n<p>Toinen taiteilija, joka on Eeverti\u00e4 l\u00e4hestynyt on Kinasten tunnettua taiteilija sukua. Koskettava ty\u00f6 tuo Eevertin mieliin niin muistorikkaat retket ja matkat vuoristoon henke\u00e4salpaavien maisemien \u00e4\u00e4relle.<\/p>\n<p>&nbsp;<\/p>\n<figure id=\"attachment_4442\" aria-describedby=\"caption-attachment-4442\" style=\"width: 501px\" class=\"wp-caption aligncenter\"><a href=\"http:\/\/kinanen.fi\/wordpress\/wp-content\/uploads\/2012\/01\/Kinanen.jpg\"><img loading=\"lazy\" decoding=\"async\" class=\" wp-image-4442\" title=\"Kinanen\" src=\"http:\/\/kinanen.fi\/wordpress\/wp-content\/uploads\/2012\/01\/Kinanen.jpg\" alt=\"\" width=\"501\" height=\"334\" \/><\/a><figcaption id=\"caption-attachment-4442\" class=\"wp-caption-text\">My\u00f6hemp\u00e4\u00e4 Kinasta<\/figcaption><\/figure>\n<p>&nbsp;<\/p>\n<p>T\u00e4m\u00e4 ty\u00f6 n\u00e4ytt\u00e4\u00e4 olevan ihan \u00f6ljyv\u00e4rimaalaus. Kehyst\u00e4misen j\u00e4lkeen p\u00e4\u00e4tyy varmaan my\u00f6s salin seinille. T\u00e4st\u00e4 tuleekin pian ihan taidegalleria! tuumii Eevert tyytyv\u00e4isen\u00e4 ja nostaa Kinasen kirjoitusp\u00f6yt\u00e4ns\u00e4 p\u00e4\u00e4lle mallaillakseen sen sopivuutta per\u00e4sein\u00e4lle.<\/p>\n<figure id=\"attachment_4443\" aria-describedby=\"caption-attachment-4443\" style=\"width: 500px\" class=\"wp-caption aligncenter\"><a href=\"http:\/\/kinanen.fi\/wordpress\/wp-content\/uploads\/2012\/01\/Kinanen2.jpg\"><img loading=\"lazy\" decoding=\"async\" class=\" wp-image-4443\" title=\"Kinanen2\" src=\"http:\/\/kinanen.fi\/wordpress\/wp-content\/uploads\/2012\/01\/Kinanen2.jpg\" alt=\"\" width=\"500\" height=\"397\" \/><\/a><figcaption id=\"caption-attachment-4443\" class=\"wp-caption-text\">Paikkaansa etsiv\u00e4 taulu<\/figcaption><\/figure>\n<p>&nbsp;<\/p>\n<p>Taulujaan katsellen ja hetkest\u00e4\u00e4n nauttien\u00a0 Eevert nauttii p\u00e4iv\u00e4kahvinsa. Ja kahvin j\u00e4lkeen l\u00e4htee l\u00e4mmitt\u00e4m\u00e4\u00e4n saunaa. T\u00e4lle p\u00e4iv\u00e4lle se sopii oikein hyvin.<\/p>\n<p>&nbsp;<\/p>\n<p>_______________________________________________________________<\/p>\n<p><a href=\"http:\/\/malakoff.vuodatus.net\/\" target=\"_blank\">Annevelta<\/a> saapui viikolla ihastuttava l\u00e4hetys arvontavoittona! Kiitos. Paketista paljastui pikkuinen lintulauta ja talipalloteline herkkuineen. Niit\u00e4 tarvitaan Eevertin taloudessa varmasti vuosia, sill\u00e4 niin el\u00e4inrakas ihminen mies on ett\u00e4 pit\u00e4\u00e4 alituiseen hyv\u00e4\u00e4 huolta pikkuyst\u00e4vist\u00e4\u00e4n. Lis\u00e4ksi\u00a0 tuo kaunis pikkutaulu! Onko v\u00e4h\u00e4n siev\u00e4sti maalattu! Pit\u00e4\u00e4 olla piskuinen sivellinkin mill\u00e4 osuu oikeaan kohtaan. Ja viel\u00e4 melkoisen vakaa k\u00e4si. Huu! Hienoa ja kaunista! Kiitos Anneve.<\/p>\n<p>L\u00e4hetyksess\u00e4 oli mukana kortti, jonka haluan my\u00f6s jakaa teid\u00e4n kaikkien kanssa.<\/p>\n<p>&nbsp;<\/p>\n<figure id=\"attachment_4444\" aria-describedby=\"caption-attachment-4444\" style=\"width: 500px\" class=\"wp-caption aligncenter\"><a href=\"http:\/\/kinanen.fi\/wordpress\/wp-content\/uploads\/2012\/01\/Anneve5.jpg\"><img loading=\"lazy\" decoding=\"async\" class=\" wp-image-4444\" title=\"Anneve5\" src=\"http:\/\/kinanen.fi\/wordpress\/wp-content\/uploads\/2012\/01\/Anneve5.jpg\" alt=\"\" width=\"500\" height=\"508\" \/><\/a><figcaption id=\"caption-attachment-4444\" class=\"wp-caption-text\">Keijukainen<\/figcaption><\/figure>\n<p>&nbsp;<\/p>\n<p>Kiilt\u00e4v\u00e4 siipinen iloinen keijukainenhan se sielt\u00e4 kurkistelee p\u00e4iv\u00e4nvarjonsa alta. Silloin kun el\u00e4m\u00e4 murehduttaa niin kannattaa muistaa, ett\u00e4 aina on jossakin maailma, miss\u00e4 on kaikkea kaunista ja hyv\u00e4\u00e4. Ja miss\u00e4 ilo ja hyvyys on p\u00e4\u00e4llimm\u00e4isi\u00e4 asioita.<\/p>\n<p>Kiitollisena ja kaikille oikein keve\u00e4\u00e4 p\u00e4iv\u00e4\u00e4!<\/p>\n<p>&nbsp;<\/p>\n<p style=\"text-align: center;\" align=\"right\"><span style=\"font-family: Verdana,Arial,Helvetica,sans-serif; font-size: x-small;\"><a href=\"http:\/\/www.nicehouse.fi\/lastenhu\/leikkika\/runot.htm\" target=\"_blank\"><strong>Kev\u00e4tkes\u00e4n kellot<\/strong><\/a><br \/>\n<\/span><\/p>\n<p style=\"text-align: center;\" align=\"right\"><span style=\"font-family: Verdana,Arial,Helvetica,sans-serif; font-size: x-small;\">Kissankellojen \u00e4\u00e4ni soi,<br \/>\nsen \u00e4\u00e4nen keijukaiset loi,<br \/>\nkun varresta kukkaa varistain<br \/>\nsoiton soittivat sunnuntain.<\/span><\/p>\n<p style=\"text-align: center;\" align=\"right\"><span style=\"font-family: Verdana,Arial,Helvetica,sans-serif; font-size: x-small;\">Kun hiljaa kumarrut kellojen juureen,<br \/>\nniin kilin\u00e4 saattelee taikaan suureen.<br \/>\nT\u00e4\u00e4 kilin\u00e4 kissankelloista<br \/>\nsoittelee metsien pelloista.<\/span><\/p>\n<p style=\"text-align: center;\" align=\"right\"><span style=\"font-family: Verdana,Arial,Helvetica,sans-serif; font-size: x-small;\">Pajunkissat ne kohta nukahtavat,<br \/>\nkunnes hereille vavahtavat,<br \/>\nkun kev\u00e4isen aamun aurinko paistaa<br \/>\nja lintujen kev\u00e4tlaulelot raikaa.<\/span><\/p>\n<p style=\"text-align: center;\" align=\"right\"><span style=\"font-family: Verdana,Arial,Helvetica,sans-serif; font-size: x-small;\">P\u00e4iv\u00e4nkakkara katselee juttuja n\u00e4it\u00e4,<br \/>\nkukkien oikkuja itsekk\u00e4it\u00e4,<br \/>\nkissankellot kun soittelee vaan<br \/>\nja toiset kukat k\u00e4y nukkumaan.<\/span><\/p>\n<p style=\"text-align: center;\" align=\"right\">(lainaus <a href=\"http:\/\/www.nicehouse.fi\/lastenhu\/leikkika\/runot.htm\" target=\"_blank\">Lastenhuoneen<\/a> loruista)<\/p>\n<p>&nbsp;<\/p>\n<p>___________________________________________________________<\/p>\n<p>Toinen taulu on Siipan k\u00e4sialaa ja odotan sille salaa my\u00f6s jatkoa. Maisema on taltioitu reissukuvasta ja muistuttaa my\u00f6s levollisista hetkist\u00e4, jotka kantavat viel\u00e4 vuosienkin p\u00e4\u00e4st\u00e4.<\/p>\n<p>Kiitos Siipalle!<\/p>\n<p>&nbsp;<\/p>\n<p>&nbsp;<\/p>\n<p>&nbsp;<\/p>\n<p>&nbsp;<\/p>\n","protected":false},"excerpt":{"rendered":"<p>Eevert puuhailee Tenho koiran kanssa pihalla. Lunta on tullut monia senttej\u00e4 ja sit\u00e4 tarvitsee tietenkin j\u00e4rjestell\u00e4 pihamaalla. Monissa muissakin taloissa siirrell\u00e4\u00e4n lunta erilaisiin muodostelmiin ja paikkoihin. Joissakin n\u00e4ytt\u00e4\u00e4 olevan ihan koneet sit\u00e4 varten ja lumi sy\u00f6ksyy korkealle tehden valkoisen hauskan kaaren lumenluojan vierelle. Sellaisella pelill\u00e4 sit\u00e4 saakin hattaavat lumet k\u00e4tev\u00e4sti siirretty\u00e4. Eevertill\u00e4 ei koneita sit\u00e4 [&hellip;]<\/p>\n","protected":false},"author":1,"featured_media":0,"comment_status":"open","ping_status":"open","sticky":false,"template":"","format":"standard","meta":{"footnotes":""},"categories":[],"tags":[],"class_list":["post-4436","post","type-post","status-publish","format-standard","hentry"],"_links":{"self":[{"href":"https:\/\/www.kinanen.fi\/nukkekoti\/wp-json\/wp\/v2\/posts\/4436","targetHints":{"allow":["GET"]}}],"collection":[{"href":"https:\/\/www.kinanen.fi\/nukkekoti\/wp-json\/wp\/v2\/posts"}],"about":[{"href":"https:\/\/www.kinanen.fi\/nukkekoti\/wp-json\/wp\/v2\/types\/post"}],"author":[{"embeddable":true,"href":"https:\/\/www.kinanen.fi\/nukkekoti\/wp-json\/wp\/v2\/users\/1"}],"replies":[{"embeddable":true,"href":"https:\/\/www.kinanen.fi\/nukkekoti\/wp-json\/wp\/v2\/comments?post=4436"}],"version-history":[{"count":7,"href":"https:\/\/www.kinanen.fi\/nukkekoti\/wp-json\/wp\/v2\/posts\/4436\/revisions"}],"predecessor-version":[{"id":4449,"href":"https:\/\/www.kinanen.fi\/nukkekoti\/wp-json\/wp\/v2\/posts\/4436\/revisions\/4449"}],"wp:attachment":[{"href":"https:\/\/www.kinanen.fi\/nukkekoti\/wp-json\/wp\/v2\/media?parent=4436"}],"wp:term":[{"taxonomy":"category","embeddable":true,"href":"https:\/\/www.kinanen.fi\/nukkekoti\/wp-json\/wp\/v2\/categories?post=4436"},{"taxonomy":"post_tag","embeddable":true,"href":"https:\/\/www.kinanen.fi\/nukkekoti\/wp-json\/wp\/v2\/tags?post=4436"}],"curies":[{"name":"wp","href":"https:\/\/api.w.org\/{rel}","templated":true}]}}