{"id":4473,"date":"2012-02-05T11:44:41","date_gmt":"2012-02-05T09:44:41","guid":{"rendered":"http:\/\/kinanen.fi\/wordpress\/?p=4473"},"modified":"2012-02-05T13:32:57","modified_gmt":"2012-02-05T11:32:57","slug":"kappelin-lattia","status":"publish","type":"post","link":"https:\/\/www.kinanen.fi\/nukkekoti\/kappelin-lattia\/","title":{"rendered":"Kappelin lattia"},"content":{"rendered":"<p>Hiljaiseloa on ollut kaikenlaisella rakennusrintamalla viime viikkoina. T\u00e4n\u00e4\u00e4n on onneksi pakkasta sen verran, ett\u00e4 ulkohommat eiv\u00e4t niink\u00e4\u00e4n kutsuvasti kuiskuttele.<\/p>\n<p>Kappelin osaset ovat saaneet rauhassa kuivua. Sis\u00e4tilojen osalta ensiksi k\u00e4sittelyyn tuli lattia. Lattian pintamateriaali mietitytti pitk\u00e4\u00e4n. Lopulta tuli valituksi Eevertin kotikyl\u00e4n liepeill\u00e4 olevan\u00a0 k\u00e4sintehtyjen tililaattoja valmistavan tehtaan tuotokset.<\/p>\n<p>Alkuun piti rapattuun lattiapohjaan saada sopivat tiilet aikaiseksi. Laatat jyrsin pienell\u00e4 askarteluun tarkoitetulla pienoisporakoneella.<\/p>\n<p>&nbsp;<\/p>\n<figure id=\"attachment_4474\" aria-describedby=\"caption-attachment-4474\" style=\"width: 500px\" class=\"wp-caption aligncenter\"><a href=\"http:\/\/kinanen.fi\/wordpress\/wp-content\/uploads\/2012\/02\/kappeli14.jpg\"><img fetchpriority=\"high\" decoding=\"async\" class=\" wp-image-4474\" title=\"kappeli14\" src=\"http:\/\/kinanen.fi\/wordpress\/wp-content\/uploads\/2012\/02\/kappeli14.jpg\" alt=\"\" width=\"500\" height=\"333\" \/><\/a><figcaption id=\"caption-attachment-4474\" class=\"wp-caption-text\">Laattahahmotelmaa<\/figcaption><\/figure>\n<p>&nbsp;<\/p>\n<p>Kappeliin tulee eteistila kokonaan laatoitettuna ja keskik\u00e4yt\u00e4v\u00e4 alttarirakennelmiin saakka. Mit\u00e4 liek\u00e4\u00e4n muu lattia? Taitaa olla viel\u00e4 insin\u00f6\u00f6ritoimistossa mietinn\u00e4n alla.<\/p>\n<p>Laattojen v\u00e4riksi Eevert mieli eri s\u00e4vyj\u00e4. Ei niink\u00e4\u00e4n sliipattua samasta tuutista tulevaa tasalaatuista j\u00e4lke\u00e4 (= eih\u00e4n siihen edes kykenisi \ud83d\ude09 )<\/p>\n<p>&nbsp;<\/p>\n<figure id=\"attachment_4475\" aria-describedby=\"caption-attachment-4475\" style=\"width: 500px\" class=\"wp-caption aligncenter\"><a href=\"http:\/\/kinanen.fi\/wordpress\/wp-content\/uploads\/2012\/02\/kappeli15.jpg\"><img decoding=\"async\" class=\" wp-image-4475\" title=\"kappeli15\" src=\"http:\/\/kinanen.fi\/wordpress\/wp-content\/uploads\/2012\/02\/kappeli15.jpg\" alt=\"\" width=\"500\" height=\"333\" \/><\/a><figcaption id=\"caption-attachment-4475\" class=\"wp-caption-text\">V\u00e4rin sekoitusta<\/figcaption><\/figure>\n<p>&nbsp;<\/p>\n<p>Ensimm\u00e4inen pohja l\u00e4hti t\u00e4st\u00e4 sekoituksesta ja aina parinkymmenen laatan j\u00e4lkeen lis\u00e4ilin jotakin sopivaa v\u00e4ri\u00e4. Kaikkiaan lattiaan tuli l\u00e4hes 150 &#8221;laattaa&#8221;.<\/p>\n<p>Yhteenkertaan maalattuna s\u00e4vyt olivat mielest\u00e4ni jo ihan passelit ja sopivasti sekaisin.<\/p>\n<p>&nbsp;<\/p>\n<figure id=\"attachment_4476\" aria-describedby=\"caption-attachment-4476\" style=\"width: 500px\" class=\"wp-caption aligncenter\"><a href=\"http:\/\/kinanen.fi\/wordpress\/wp-content\/uploads\/2012\/02\/kappeli17.jpg\"><img decoding=\"async\" class=\" wp-image-4476\" title=\"kappeli17\" src=\"http:\/\/kinanen.fi\/wordpress\/wp-content\/uploads\/2012\/02\/kappeli17.jpg\" alt=\"\" width=\"500\" height=\"334\" \/><\/a><figcaption id=\"caption-attachment-4476\" class=\"wp-caption-text\">V\u00e4rikirjoa<\/figcaption><\/figure>\n<p>&nbsp;<\/p>\n<p>Jostain syyst\u00e4 tuota kultav\u00e4ri\u00e4 tuli taas pistetty\u00e4 sekaan. Enp\u00e4 taida tiet\u00e4\u00e4 Eevertin ymp\u00e4rist\u00f6ss\u00e4 montaakaan pintaa mihin sit\u00e4 ei olisi sekoitettu. Puhtaana kultana ei varmaan miss\u00e4\u00e4n.<\/p>\n<p>&nbsp;<\/p>\n<figure id=\"attachment_4477\" aria-describedby=\"caption-attachment-4477\" style=\"width: 500px\" class=\"wp-caption aligncenter\"><a href=\"http:\/\/kinanen.fi\/wordpress\/wp-content\/uploads\/2012\/02\/kappeli16.jpg\"><img loading=\"lazy\" decoding=\"async\" class=\" wp-image-4477\" title=\"kappeli16\" src=\"http:\/\/kinanen.fi\/wordpress\/wp-content\/uploads\/2012\/02\/kappeli16.jpg\" alt=\"\" width=\"500\" height=\"334\" \/><\/a><figcaption id=\"caption-attachment-4477\" class=\"wp-caption-text\">Eteisen designia<\/figcaption><\/figure>\n<p>&nbsp;<\/p>\n<p>Yhten\u00e4isen viivan kohdalle tulee oletettavasti pikkuisen v\u00e4lisein\u00e4\u00e4 joka erottaa eteisen tai asehuoneen tai miksi sit\u00e4 nyt sitten haluaa kutsua.<\/p>\n<p>Keskik\u00e4yt\u00e4v\u00e4 jatkuu ovensuusta suoaan kirkkotilaan.<\/p>\n<p>&nbsp;<\/p>\n<figure id=\"attachment_4478\" aria-describedby=\"caption-attachment-4478\" style=\"width: 500px\" class=\"wp-caption aligncenter\"><a href=\"http:\/\/kinanen.fi\/wordpress\/wp-content\/uploads\/2012\/02\/kappeli18.jpg\"><img loading=\"lazy\" decoding=\"async\" class=\" wp-image-4478\" title=\"kappeli18\" src=\"http:\/\/kinanen.fi\/wordpress\/wp-content\/uploads\/2012\/02\/kappeli18.jpg\" alt=\"\" width=\"500\" height=\"334\" \/><\/a><figcaption id=\"caption-attachment-4478\" class=\"wp-caption-text\">K\u00e4yt\u00e4v\u00e4<\/figcaption><\/figure>\n<p>&nbsp;<\/p>\n<p>Nyt annetaan lattian kuivua ja tutkitaan sen j\u00e4lkeen v\u00e4rit. Lis\u00e4t\u00e4\u00e4n (= tummennetaan v\u00e4ri\u00e4)\u00a0 jos on tarvis ja saumataan lopuksi. Nyt jo hetken kuivastaneena v\u00e4rit ovat kuvaushetkest\u00e4 huomattavasti himmentyneet ja vet\u00e4ytyneet. Kyll\u00e4 t\u00e4m\u00e4 t\u00e4st\u00e4 l\u00e4htee hiljalleen eteenp\u00e4in.<\/p>\n<p>Muistin virkistykseksi viel\u00e4 loppuun jo aikaisemmin esitelty kuva ulkoseinien lookista.<\/p>\n<p>&nbsp;<\/p>\n<figure id=\"attachment_4479\" aria-describedby=\"caption-attachment-4479\" style=\"width: 500px\" class=\"wp-caption aligncenter\"><a href=\"http:\/\/kinanen.fi\/wordpress\/wp-content\/uploads\/2012\/02\/kappeli10.jpg\"><img loading=\"lazy\" decoding=\"async\" class=\" wp-image-4479\" title=\"kappeli10\" src=\"http:\/\/kinanen.fi\/wordpress\/wp-content\/uploads\/2012\/02\/kappeli10.jpg\" alt=\"\" width=\"500\" height=\"394\" \/><\/a><figcaption id=\"caption-attachment-4479\" class=\"wp-caption-text\">Ulkosein\u00e4t<\/figcaption><\/figure>\n<p>&nbsp;<\/p>\n<p>&nbsp;<\/p>\n<p>&nbsp;<\/p>\n","protected":false},"excerpt":{"rendered":"<p>Hiljaiseloa on ollut kaikenlaisella rakennusrintamalla viime viikkoina. T\u00e4n\u00e4\u00e4n on onneksi pakkasta sen verran, ett\u00e4 ulkohommat eiv\u00e4t niink\u00e4\u00e4n kutsuvasti kuiskuttele. Kappelin osaset ovat saaneet rauhassa kuivua. Sis\u00e4tilojen osalta ensiksi k\u00e4sittelyyn tuli lattia. Lattian pintamateriaali mietitytti pitk\u00e4\u00e4n. Lopulta tuli valituksi Eevertin kotikyl\u00e4n liepeill\u00e4 olevan\u00a0 k\u00e4sintehtyjen tililaattoja valmistavan tehtaan tuotokset. Alkuun piti rapattuun lattiapohjaan saada sopivat tiilet aikaiseksi. [&hellip;]<\/p>\n","protected":false},"author":1,"featured_media":0,"comment_status":"open","ping_status":"open","sticky":false,"template":"","format":"standard","meta":{"footnotes":""},"categories":[],"tags":[],"class_list":["post-4473","post","type-post","status-publish","format-standard","hentry"],"_links":{"self":[{"href":"https:\/\/www.kinanen.fi\/nukkekoti\/wp-json\/wp\/v2\/posts\/4473","targetHints":{"allow":["GET"]}}],"collection":[{"href":"https:\/\/www.kinanen.fi\/nukkekoti\/wp-json\/wp\/v2\/posts"}],"about":[{"href":"https:\/\/www.kinanen.fi\/nukkekoti\/wp-json\/wp\/v2\/types\/post"}],"author":[{"embeddable":true,"href":"https:\/\/www.kinanen.fi\/nukkekoti\/wp-json\/wp\/v2\/users\/1"}],"replies":[{"embeddable":true,"href":"https:\/\/www.kinanen.fi\/nukkekoti\/wp-json\/wp\/v2\/comments?post=4473"}],"version-history":[{"count":4,"href":"https:\/\/www.kinanen.fi\/nukkekoti\/wp-json\/wp\/v2\/posts\/4473\/revisions"}],"predecessor-version":[{"id":4484,"href":"https:\/\/www.kinanen.fi\/nukkekoti\/wp-json\/wp\/v2\/posts\/4473\/revisions\/4484"}],"wp:attachment":[{"href":"https:\/\/www.kinanen.fi\/nukkekoti\/wp-json\/wp\/v2\/media?parent=4473"}],"wp:term":[{"taxonomy":"category","embeddable":true,"href":"https:\/\/www.kinanen.fi\/nukkekoti\/wp-json\/wp\/v2\/categories?post=4473"},{"taxonomy":"post_tag","embeddable":true,"href":"https:\/\/www.kinanen.fi\/nukkekoti\/wp-json\/wp\/v2\/tags?post=4473"}],"curies":[{"name":"wp","href":"https:\/\/api.w.org\/{rel}","templated":true}]}}