{"id":4485,"date":"2012-02-05T14:44:06","date_gmt":"2012-02-05T12:44:06","guid":{"rendered":"http:\/\/kinanen.fi\/wordpress\/?p=4485"},"modified":"2012-02-20T10:05:10","modified_gmt":"2012-02-20T08:05:10","slug":"saumattuna","status":"publish","type":"post","link":"https:\/\/www.kinanen.fi\/nukkekoti\/saumattuna\/","title":{"rendered":"Saumattuna"},"content":{"rendered":"<p>Kappelin lattia saumattuna ja viel\u00e4 m\u00e4rk\u00e4n\u00e4.<\/p>\n<p>N\u00e4ytt\u00e4\u00e4 ehk\u00e4 sittenkin siit\u00e4 syntyv\u00e4n vanhanoloinen tiililattia. Nyt melkein taas innostuu. V\u00e4ri kuvassa edelleen hieman voimakkaampi kuin p\u00f6yd\u00e4ll\u00e4 vieress\u00e4ni.<\/p>\n<p>&nbsp;<\/p>\n<figure id=\"attachment_4525\" aria-describedby=\"caption-attachment-4525\" style=\"width: 500px\" class=\"wp-caption aligncenter\"><a href=\"http:\/\/kinanen.fi\/wordpress\/wp-content\/uploads\/2012\/02\/kappeli191.jpg\"><img fetchpriority=\"high\" decoding=\"async\" class=\" wp-image-4525\" title=\"kappeli19\" src=\"http:\/\/kinanen.fi\/wordpress\/wp-content\/uploads\/2012\/02\/kappeli191.jpg\" alt=\"\" width=\"500\" height=\"466\" \/><\/a><figcaption id=\"caption-attachment-4525\" class=\"wp-caption-text\">Saumattu lattia<\/figcaption><\/figure>\n<p>&nbsp;<\/p>\n<p>N\u00e4ytt\u00e4\u00e4 kirkonrakentajan ty\u00f6alustana olevan sopivasti ja teeman mukaisesi <a href=\"http:\/\/www.kirkkojakaupunki.fi\/\" target=\"_blank\">Kirkko ja Kaupunki<\/a>.<\/p>\n<p>&nbsp;<\/p>\n<p>T\u00e4ss\u00e4 viel\u00e4 innostuneen muuratimestarin n\u00e4yte eteisen lattiasta. Osa koloista pit\u00e4\u00e4 puhdistaa. \ud83d\ude42<\/p>\n<p>&nbsp;<\/p>\n<figure id=\"attachment_4526\" aria-describedby=\"caption-attachment-4526\" style=\"width: 640px\" class=\"wp-caption aligncenter\"><a href=\"http:\/\/kinanen.fi\/wordpress\/wp-content\/uploads\/2012\/02\/kappeli201.jpg\"><img decoding=\"async\" class=\"size-full wp-image-4526\" title=\"kappeli20\" src=\"http:\/\/kinanen.fi\/wordpress\/wp-content\/uploads\/2012\/02\/kappeli201.jpg\" alt=\"\" width=\"640\" height=\"427\" \/><\/a><figcaption id=\"caption-attachment-4526\" class=\"wp-caption-text\">Vanhat laatat<\/figcaption><\/figure>\n","protected":false},"excerpt":{"rendered":"<p>Kappelin lattia saumattuna ja viel\u00e4 m\u00e4rk\u00e4n\u00e4. N\u00e4ytt\u00e4\u00e4 ehk\u00e4 sittenkin siit\u00e4 syntyv\u00e4n vanhanoloinen tiililattia. Nyt melkein taas innostuu. V\u00e4ri kuvassa edelleen hieman voimakkaampi kuin p\u00f6yd\u00e4ll\u00e4 vieress\u00e4ni. &nbsp; &nbsp; N\u00e4ytt\u00e4\u00e4 kirkonrakentajan ty\u00f6alustana olevan sopivasti ja teeman mukaisesi Kirkko ja Kaupunki. &nbsp; T\u00e4ss\u00e4 viel\u00e4 innostuneen muuratimestarin n\u00e4yte eteisen lattiasta. Osa koloista pit\u00e4\u00e4 puhdistaa. \ud83d\ude42 &nbsp;<\/p>\n","protected":false},"author":1,"featured_media":0,"comment_status":"open","ping_status":"open","sticky":false,"template":"","format":"standard","meta":{"footnotes":""},"categories":[],"tags":[],"class_list":["post-4485","post","type-post","status-publish","format-standard","hentry"],"_links":{"self":[{"href":"https:\/\/www.kinanen.fi\/nukkekoti\/wp-json\/wp\/v2\/posts\/4485","targetHints":{"allow":["GET"]}}],"collection":[{"href":"https:\/\/www.kinanen.fi\/nukkekoti\/wp-json\/wp\/v2\/posts"}],"about":[{"href":"https:\/\/www.kinanen.fi\/nukkekoti\/wp-json\/wp\/v2\/types\/post"}],"author":[{"embeddable":true,"href":"https:\/\/www.kinanen.fi\/nukkekoti\/wp-json\/wp\/v2\/users\/1"}],"replies":[{"embeddable":true,"href":"https:\/\/www.kinanen.fi\/nukkekoti\/wp-json\/wp\/v2\/comments?post=4485"}],"version-history":[{"count":3,"href":"https:\/\/www.kinanen.fi\/nukkekoti\/wp-json\/wp\/v2\/posts\/4485\/revisions"}],"predecessor-version":[{"id":4528,"href":"https:\/\/www.kinanen.fi\/nukkekoti\/wp-json\/wp\/v2\/posts\/4485\/revisions\/4528"}],"wp:attachment":[{"href":"https:\/\/www.kinanen.fi\/nukkekoti\/wp-json\/wp\/v2\/media?parent=4485"}],"wp:term":[{"taxonomy":"category","embeddable":true,"href":"https:\/\/www.kinanen.fi\/nukkekoti\/wp-json\/wp\/v2\/categories?post=4485"},{"taxonomy":"post_tag","embeddable":true,"href":"https:\/\/www.kinanen.fi\/nukkekoti\/wp-json\/wp\/v2\/tags?post=4485"}],"curies":[{"name":"wp","href":"https:\/\/api.w.org\/{rel}","templated":true}]}}