{"id":4496,"date":"2012-02-14T06:30:54","date_gmt":"2012-02-14T04:30:54","guid":{"rendered":"http:\/\/kinanen.fi\/wordpress\/?p=4496"},"modified":"2014-06-22T11:13:00","modified_gmt":"2014-06-22T08:13:00","slug":"ystavalle","status":"publish","type":"post","link":"https:\/\/www.kinanen.fi\/nukkekoti\/ystavalle\/","title":{"rendered":"Yst\u00e4v\u00e4lle"},"content":{"rendered":"<p>Eevert toivottaa kaikille yst\u00e4villeen oikein hyv\u00e4\u00e4 Yst\u00e4v\u00e4np\u00e4iv\u00e4\u00e4!<\/p>\n<p>&nbsp;<\/p>\n<figure id=\"attachment_4498\" aria-describedby=\"caption-attachment-4498\" style=\"width: 500px\" class=\"wp-caption aligncenter\"><a href=\"http:\/\/kinanen.fi\/wordpress\/wp-content\/uploads\/2012\/02\/ystava5.jpg\"><img fetchpriority=\"high\" decoding=\"async\" class=\" wp-image-4498\" title=\"ysta\u0308va\u0308lle\" src=\"http:\/\/kinanen.fi\/wordpress\/wp-content\/uploads\/2012\/02\/ystava5.jpg\" alt=\"\" width=\"500\" height=\"375\" \/><\/a><figcaption id=\"caption-attachment-4498\" class=\"wp-caption-text\">Yst\u00e4v\u00e4lle<\/figcaption><\/figure>\n<p>&nbsp;<\/p>\n<p>&nbsp;<\/p>\n<p style=\"text-align: center;\">\u00c4l\u00e4 tule pyh\u00e4puvussa<br \/>\nniin kuin tehd\u00e4\u00e4n toisten suvussa.<br \/>\nAvojaloin saavuthan<br \/>\nyli pellon kukkivan,<br \/>\ntallustele ojanlaitaa<br \/>\ntuulen helliess\u00e4 paitaa.<\/p>\n<p style=\"text-align: center;\">Laita sivuun hymy suloinen,<br \/>\njos on mieli alakuloinen.<br \/>\n\u00c4l\u00e4 ik\u00e4v\u00e4\u00e4si peit\u00e4.<br \/>\n\u00c4l\u00e4 k\u00e4tke kyyneleit\u00e4.<br \/>\nOlen l\u00e4sn\u00e4, olen t\u00e4ss\u00e4,<br \/>\nvierell\u00e4si ik\u00e4v\u00e4ss\u00e4.<\/p>\n<p style=\"text-align: center;\">Tule niin kuin tulit ennenkin,<br \/>\ntule arkip\u00e4iv\u00e4n askelin.<br \/>\nTule t\u00e4h\u00e4n tuttuun taloon,<br \/>\njossa kaikki tuodaan valoon,<br \/>\nmietiskell\u00e4\u00e4n aamun koittoon,<br \/>\nnoustaan satakielen soittoon.<\/p>\n<p style=\"text-align: center;\">&#8211; Anna-Mari Kaskinen &#8211;<\/p>\n","protected":false},"excerpt":{"rendered":"<p>Eevert toivottaa kaikille yst\u00e4villeen oikein hyv\u00e4\u00e4 Yst\u00e4v\u00e4np\u00e4iv\u00e4\u00e4! &nbsp; &nbsp; &nbsp; \u00c4l\u00e4 tule pyh\u00e4puvussa niin kuin tehd\u00e4\u00e4n toisten suvussa. Avojaloin saavuthan yli pellon kukkivan, tallustele ojanlaitaa tuulen helliess\u00e4 paitaa. Laita sivuun hymy suloinen, jos on mieli alakuloinen. \u00c4l\u00e4 ik\u00e4v\u00e4\u00e4si peit\u00e4. \u00c4l\u00e4 k\u00e4tke kyyneleit\u00e4. Olen l\u00e4sn\u00e4, olen t\u00e4ss\u00e4, vierell\u00e4si ik\u00e4v\u00e4ss\u00e4. Tule niin kuin tulit ennenkin, tule arkip\u00e4iv\u00e4n [&hellip;]<\/p>\n","protected":false},"author":1,"featured_media":0,"comment_status":"open","ping_status":"open","sticky":false,"template":"","format":"standard","meta":{"footnotes":""},"categories":[],"tags":[],"class_list":["post-4496","post","type-post","status-publish","format-standard","hentry"],"_links":{"self":[{"href":"https:\/\/www.kinanen.fi\/nukkekoti\/wp-json\/wp\/v2\/posts\/4496","targetHints":{"allow":["GET"]}}],"collection":[{"href":"https:\/\/www.kinanen.fi\/nukkekoti\/wp-json\/wp\/v2\/posts"}],"about":[{"href":"https:\/\/www.kinanen.fi\/nukkekoti\/wp-json\/wp\/v2\/types\/post"}],"author":[{"embeddable":true,"href":"https:\/\/www.kinanen.fi\/nukkekoti\/wp-json\/wp\/v2\/users\/1"}],"replies":[{"embeddable":true,"href":"https:\/\/www.kinanen.fi\/nukkekoti\/wp-json\/wp\/v2\/comments?post=4496"}],"version-history":[{"count":4,"href":"https:\/\/www.kinanen.fi\/nukkekoti\/wp-json\/wp\/v2\/posts\/4496\/revisions"}],"predecessor-version":[{"id":7697,"href":"https:\/\/www.kinanen.fi\/nukkekoti\/wp-json\/wp\/v2\/posts\/4496\/revisions\/7697"}],"wp:attachment":[{"href":"https:\/\/www.kinanen.fi\/nukkekoti\/wp-json\/wp\/v2\/media?parent=4496"}],"wp:term":[{"taxonomy":"category","embeddable":true,"href":"https:\/\/www.kinanen.fi\/nukkekoti\/wp-json\/wp\/v2\/categories?post=4496"},{"taxonomy":"post_tag","embeddable":true,"href":"https:\/\/www.kinanen.fi\/nukkekoti\/wp-json\/wp\/v2\/tags?post=4496"}],"curies":[{"name":"wp","href":"https:\/\/api.w.org\/{rel}","templated":true}]}}