{"id":4530,"date":"2012-02-25T19:26:14","date_gmt":"2012-02-25T17:26:14","guid":{"rendered":"http:\/\/kinanen.fi\/wordpress\/?p=4530"},"modified":"2012-02-25T22:03:52","modified_gmt":"2012-02-25T20:03:52","slug":"kappelin-lattiatalkoot","status":"publish","type":"post","link":"https:\/\/www.kinanen.fi\/nukkekoti\/kappelin-lattiatalkoot\/","title":{"rendered":"Kappelin lattiatalkoot"},"content":{"rendered":"<p>Kappelin lattia on hieman edennyt eteenp\u00e4in. Ikiaikaisten tiililaattojen lis\u00e4ksi lattiamateriaalina on vanhaa hirtt\u00e4 tai lautaa. Tummunutta ja patinoitunutta. N\u00e4ill\u00e4 lankuilla on vuosikymmeni\u00e4 &#8211; ellei vuosisatoja jo k\u00e4yty kuulemassa papin kehoituksia ja pitki\u00e4 saarnoja. Kappelin syntyaikoina saarnat olivatkin niin pitki\u00e4, ett\u00e4 moni kyl\u00e4nmies meinasi nukahtaa kesken menojen. Silloin unilukkari k\u00e4vi ravistelemassa tai kopistamassa kolehtihaavilla hereille paheksuvan katseen saattelemana.<\/p>\n<p>&nbsp;<\/p>\n<figure id=\"attachment_4531\" aria-describedby=\"caption-attachment-4531\" style=\"width: 500px\" class=\"wp-caption aligncenter\"><a href=\"http:\/\/kinanen.fi\/wordpress\/wp-content\/uploads\/2012\/02\/kappeli26.jpg\"><img fetchpriority=\"high\" decoding=\"async\" class=\" wp-image-4531\" title=\"kappeli26\" src=\"http:\/\/kinanen.fi\/wordpress\/wp-content\/uploads\/2012\/02\/kappeli26.jpg\" alt=\"\" width=\"500\" height=\"333\" \/><\/a><figcaption id=\"caption-attachment-4531\" class=\"wp-caption-text\">Lankut paikoillaan<\/figcaption><\/figure>\n<p>&nbsp;<\/p>\n<p>Saattaa olla, ett\u00e4 v\u00e4rityst\u00e4 pit\u00e4\u00e4 viel\u00e4 s\u00e4\u00e4t\u00e4\u00e4, vaikka kaipa ne j\u00e4\u00e4v\u00e4t kalustuksen alle suurimmaksi osaksi.<\/p>\n<p>&nbsp;<\/p>\n<figure id=\"attachment_4532\" aria-describedby=\"caption-attachment-4532\" style=\"width: 500px\" class=\"wp-caption aligncenter\"><a href=\"http:\/\/kinanen.fi\/wordpress\/wp-content\/uploads\/2012\/02\/kappeli23.jpg\"><img decoding=\"async\" class=\" wp-image-4532\" title=\"kappeli23\" src=\"http:\/\/kinanen.fi\/wordpress\/wp-content\/uploads\/2012\/02\/kappeli23.jpg\" alt=\"\" width=\"500\" height=\"370\" \/><\/a><figcaption id=\"caption-attachment-4532\" class=\"wp-caption-text\">Kurkistus oviaukosta<\/figcaption><\/figure>\n<p>&nbsp;<\/p>\n<p>V\u00e4h\u00e4n t\u00e4ytyy kurkistella oviaukosta, vaikka varsinainen oleskelu ty\u00f6maa-alueilla ei tietenk\u00e4\u00e4n ole kovin suotavaa.<\/p>\n<p>&nbsp;<\/p>\n<figure id=\"attachment_4533\" aria-describedby=\"caption-attachment-4533\" style=\"width: 500px\" class=\"wp-caption aligncenter\"><a href=\"http:\/\/kinanen.fi\/wordpress\/wp-content\/uploads\/2012\/02\/kappeli22.jpg\"><img decoding=\"async\" class=\" wp-image-4533\" title=\"kappeli22\" src=\"http:\/\/kinanen.fi\/wordpress\/wp-content\/uploads\/2012\/02\/kappeli22.jpg\" alt=\"\" width=\"500\" height=\"466\" \/><\/a><figcaption id=\"caption-attachment-4533\" class=\"wp-caption-text\">Tiilikoristeltu oven paikka<\/figcaption><\/figure>\n<p>&nbsp;<\/p>\n<p>Taitaa tulla jykev\u00e4 tammiovi viel\u00e4 t\u00e4m\u00e4n aukon kohdalle. Kyl\u00e4n puusepp\u00e4 p\u00e4\u00e4see n\u00e4ytt\u00e4m\u00e4\u00e4n taitojaan. Kunhan ei sitten kirjaa puumerkki\u00e4\u00e4n oveen, niinkuin taannoin teki naapurikyl\u00e4n vastaavaan monumenttiin.<\/p>\n<p>&nbsp;<\/p>\n<figure id=\"attachment_4534\" aria-describedby=\"caption-attachment-4534\" style=\"width: 500px\" class=\"wp-caption aligncenter\"><a href=\"http:\/\/kinanen.fi\/wordpress\/wp-content\/uploads\/2012\/02\/kappeli27.jpg\"><img loading=\"lazy\" decoding=\"async\" class=\" wp-image-4534\" title=\"kappeli27\" src=\"http:\/\/kinanen.fi\/wordpress\/wp-content\/uploads\/2012\/02\/kappeli27.jpg\" alt=\"\" width=\"500\" height=\"375\" \/><\/a><figcaption id=\"caption-attachment-4534\" class=\"wp-caption-text\">EVVK:n singneeraama ovi<\/figcaption><\/figure>\n<p>&nbsp;<\/p>\n<p>Pikkuisen on taas kokeiltu ihan teipin kanssa rakennusta hahmoon. Sis\u00e4tilat kokonaisuudessaan t\u00e4ytyy tehd\u00e4 valmiiksi ennen kokoamista joten en osia yhdistele viel\u00e4 pitkiin aikoihin \ud83d\ude09<\/p>\n<p>&nbsp;<\/p>\n<figure id=\"attachment_4535\" aria-describedby=\"caption-attachment-4535\" style=\"width: 498px\" class=\"wp-caption aligncenter\"><a href=\"http:\/\/kinanen.fi\/wordpress\/wp-content\/uploads\/2012\/02\/kappeli24.jpg\"><img loading=\"lazy\" decoding=\"async\" class=\" wp-image-4535\" title=\"kappeli24\" src=\"http:\/\/kinanen.fi\/wordpress\/wp-content\/uploads\/2012\/02\/kappeli24.jpg\" alt=\"\" width=\"498\" height=\"373\" \/><\/a><figcaption id=\"caption-attachment-4535\" class=\"wp-caption-text\">Kirkon nurkalla<\/figcaption><\/figure>\n<p>&nbsp;<\/p>\n<p>Paanu-urakasta on puolet jo valmiina!<\/p>\n<p>&nbsp;<\/p>\n<p>&nbsp;<\/p>\n<p>&nbsp;<\/p>\n<p>&nbsp;<\/p>\n<p>&nbsp;<\/p>\n","protected":false},"excerpt":{"rendered":"<p>Kappelin lattia on hieman edennyt eteenp\u00e4in. Ikiaikaisten tiililaattojen lis\u00e4ksi lattiamateriaalina on vanhaa hirtt\u00e4 tai lautaa. Tummunutta ja patinoitunutta. N\u00e4ill\u00e4 lankuilla on vuosikymmeni\u00e4 &#8211; ellei vuosisatoja jo k\u00e4yty kuulemassa papin kehoituksia ja pitki\u00e4 saarnoja. Kappelin syntyaikoina saarnat olivatkin niin pitki\u00e4, ett\u00e4 moni kyl\u00e4nmies meinasi nukahtaa kesken menojen. Silloin unilukkari k\u00e4vi ravistelemassa tai kopistamassa kolehtihaavilla hereille paheksuvan [&hellip;]<\/p>\n","protected":false},"author":1,"featured_media":0,"comment_status":"open","ping_status":"open","sticky":false,"template":"","format":"standard","meta":{"footnotes":""},"categories":[],"tags":[],"class_list":["post-4530","post","type-post","status-publish","format-standard","hentry"],"_links":{"self":[{"href":"https:\/\/www.kinanen.fi\/nukkekoti\/wp-json\/wp\/v2\/posts\/4530","targetHints":{"allow":["GET"]}}],"collection":[{"href":"https:\/\/www.kinanen.fi\/nukkekoti\/wp-json\/wp\/v2\/posts"}],"about":[{"href":"https:\/\/www.kinanen.fi\/nukkekoti\/wp-json\/wp\/v2\/types\/post"}],"author":[{"embeddable":true,"href":"https:\/\/www.kinanen.fi\/nukkekoti\/wp-json\/wp\/v2\/users\/1"}],"replies":[{"embeddable":true,"href":"https:\/\/www.kinanen.fi\/nukkekoti\/wp-json\/wp\/v2\/comments?post=4530"}],"version-history":[{"count":5,"href":"https:\/\/www.kinanen.fi\/nukkekoti\/wp-json\/wp\/v2\/posts\/4530\/revisions"}],"predecessor-version":[{"id":4540,"href":"https:\/\/www.kinanen.fi\/nukkekoti\/wp-json\/wp\/v2\/posts\/4530\/revisions\/4540"}],"wp:attachment":[{"href":"https:\/\/www.kinanen.fi\/nukkekoti\/wp-json\/wp\/v2\/media?parent=4530"}],"wp:term":[{"taxonomy":"category","embeddable":true,"href":"https:\/\/www.kinanen.fi\/nukkekoti\/wp-json\/wp\/v2\/categories?post=4530"},{"taxonomy":"post_tag","embeddable":true,"href":"https:\/\/www.kinanen.fi\/nukkekoti\/wp-json\/wp\/v2\/tags?post=4530"}],"curies":[{"name":"wp","href":"https:\/\/api.w.org\/{rel}","templated":true}]}}