{"id":4987,"date":"2012-07-08T21:37:42","date_gmt":"2012-07-08T18:37:42","guid":{"rendered":"http:\/\/kinanen.fi\/wordpress\/?p=4987"},"modified":"2012-07-08T22:45:13","modified_gmt":"2012-07-08T19:45:13","slug":"huiputusta-kerrakseen","status":"publish","type":"post","link":"https:\/\/www.kinanen.fi\/nukkekoti\/huiputusta-kerrakseen\/","title":{"rendered":"Huiputusta kerrakseen"},"content":{"rendered":"<p>Eevertin pyh\u00e4aamu alkoi kohtalaisen aikaiseen. H\u00e4din tuskin mies malttoi aamupalansa nauttia kun jo patikkat\u00f6pp\u00f6st\u00e4 kuumotti. T\u00e4n\u00e4\u00e4n oli kuulema mainio p\u00e4iv\u00e4 k\u00e4v\u00e4ist\u00e4 j\u00e4\u00e4tik\u00f6ll\u00e4 kolmessa tonnissa. Ihan vain lepop\u00e4iv\u00e4n merkeiss\u00e4, sill\u00e4 edellisen\u00e4 p\u00e4iv\u00e4n\u00e4 askelia oli mittariin kertynyt himpan p\u00e4\u00e4lle 30 000. melkoinen askellusm\u00e4\u00e4r\u00e4 vanhalle herralle. Ja se kyll\u00e4 tuntui my\u00f6s herran jaloissa.<\/p>\n<p>Hissill\u00e4 onneksi p\u00e4\u00e4see sujuvasti yl\u00f6s maisemille.<\/p>\n<figure id=\"attachment_4988\" aria-describedby=\"caption-attachment-4988\" style=\"width: 500px\" class=\"wp-caption aligncenter\"><a href=\"http:\/\/kinanen.fi\/wordpress\/wp-content\/uploads\/2012\/07\/huippu2.jpg\"><img fetchpriority=\"high\" decoding=\"async\" class=\" wp-image-4988\" title=\"huippu2\" src=\"http:\/\/kinanen.fi\/wordpress\/wp-content\/uploads\/2012\/07\/huippu2.jpg\" alt=\"\" width=\"500\" height=\"333\" \/><\/a><figcaption id=\"caption-attachment-4988\" class=\"wp-caption-text\">Tirolin huipulla<\/figcaption><\/figure>\n<p>&nbsp;<\/p>\n<p>Huipulla oli melkoisesti pilve\u00e4 tarjolla ja toinen puoli n\u00e4k\u00f6aloista j\u00e4ikin seuraavalle kerralle. N\u00e4k\u00f6alapaikalle p\u00e4\u00e4si hissiasemalta kiipe\u00e4m\u00e4\u00e4n portaita pitkin. Sinne sit\u00e4 piti p\u00e4\u00e4st\u00e4 katselemaan sit\u00e4 puolikasta jossa pilvet eiv\u00e4t varjoaan luoneet. Eevertille nousut n\u00e4in korkealla ovat huvittavaa haukkomista, sill\u00e4 happea on v\u00e4h\u00e4n ja se tuntuu v\u00e4litt\u00f6m\u00e4sti kaikessa nousemisessa.<\/p>\n<p>&nbsp;<\/p>\n<figure id=\"attachment_4989\" aria-describedby=\"caption-attachment-4989\" style=\"width: 501px\" class=\"wp-caption aligncenter\"><a href=\"http:\/\/kinanen.fi\/wordpress\/wp-content\/uploads\/2012\/07\/huippu.jpg\"><img decoding=\"async\" class=\" wp-image-4989\" title=\"huippu\" src=\"http:\/\/kinanen.fi\/wordpress\/wp-content\/uploads\/2012\/07\/huippu.jpg\" alt=\"\" width=\"501\" height=\"322\" \/><\/a><figcaption id=\"caption-attachment-4989\" class=\"wp-caption-text\">Huipulla<\/figcaption><\/figure>\n<p>&nbsp;<\/p>\n<p>Aikansa maisemia ihmetelty\u00e4\u00e4n Eevert palasi hissill\u00e4 takaisin alemmalle hissiasemalle. Siell\u00e4 olo ei ollut en\u00e4\u00e4 yht\u00e4 arktinen vaikka korkeuseroa ei niin mahdottomasti kuitenkaan ollut. Jostain kumman syyst\u00e4 Eevert p\u00e4\u00e4tti sittenkin hieman patikoida ja verrytell\u00e4 edellisen p\u00e4iv\u00e4n kiusattuja jalkojaan. Niinp\u00e4 suunnaksi seuraava hissiasema alasp\u00e4in, joka n\u00e4ytti olevan aivan tuntumassa ja ihan autolla ment\u00e4v\u00e4n tien p\u00e4\u00e4ss\u00e4. Siisp\u00e4 liikkeelle. Pian mies huomasi ett\u00e4 ei se tie ja jyrkk\u00e4 lasku ollut ollenkaan niin helppoa ja sujuvaa kuin yl\u00e4ilmoista n\u00e4ytti. Sitkeydell\u00e4 ja sill\u00e4 tunnetulla sisulla vain alasp\u00e4in. Puolessa v\u00e4liss\u00e4 mies hukkasi koko &#8221;autotien&#8221; ja oli ment\u00e4v\u00e4 maastossa ilman tiet\u00e4 ja polkua alasp\u00e4in.<\/p>\n<p>Mieless\u00e4 siinteli kutsuvana majatalo kaikkine antimineen&#8230;<\/p>\n<p>&nbsp;<\/p>\n<figure id=\"attachment_4990\" aria-describedby=\"caption-attachment-4990\" style=\"width: 501px\" class=\"wp-caption aligncenter\"><a href=\"http:\/\/kinanen.fi\/wordpress\/wp-content\/uploads\/2012\/07\/huippu5.jpg\"><img decoding=\"async\" class=\" wp-image-4990\" title=\"huippu5\" src=\"http:\/\/kinanen.fi\/wordpress\/wp-content\/uploads\/2012\/07\/huippu5.jpg\" alt=\"\" width=\"501\" height=\"362\" \/><\/a><figcaption id=\"caption-attachment-4990\" class=\"wp-caption-text\">Kohde havaittu!<\/figcaption><\/figure>\n<p>&nbsp;<\/p>\n<p>Majatalo l\u00e4heni hyvin hissuksiin ja matkalla kerettiin ihmetell\u00e4 montaa asiaa. Niinkuin sit\u00e4, ett\u00e4 mit\u00e4 varten eripuolilla vuorta on valkoisia isoja s\u00e4kkej\u00e4. L\u00e4hemm\u00e4s kun p\u00e4\u00e4si, niin jopa Eevert ymm\u00e4rsi ett\u00e4 s\u00e4keist\u00e4 ei ollut lainkaan kyse vaan lep\u00e4\u00e4vist\u00e4 lampaista.<\/p>\n<p>&nbsp;<\/p>\n<figure id=\"attachment_4991\" aria-describedby=\"caption-attachment-4991\" style=\"width: 494px\" class=\"wp-caption aligncenter\"><a href=\"http:\/\/kinanen.fi\/wordpress\/wp-content\/uploads\/2012\/07\/huippu4.jpg\"><img loading=\"lazy\" decoding=\"async\" class=\"size-full wp-image-4991\" title=\"huippu4\" src=\"http:\/\/kinanen.fi\/wordpress\/wp-content\/uploads\/2012\/07\/huippu4.jpg\" alt=\"\" width=\"494\" height=\"640\" \/><\/a><figcaption id=\"caption-attachment-4991\" class=\"wp-caption-text\">Lampaat levolla<\/figcaption><\/figure>\n<p>&nbsp;<\/p>\n<p>Majatalossa Eevert aikoi kunnon kahvit nauttia. Tuo haasteellinen matka hissiasemalta toiselle oli ottanut aikaa kuitenkin l\u00e4hemm\u00e4s kolme tuntia. Niinp\u00e4 mies p\u00e4\u00e4tyi nauttimaan makoisat paikalliset gulassit. Ja j\u00e4lleen kerran keitto oli mit\u00e4 mainiointa.<\/p>\n<p>&nbsp;<\/p>\n<figure id=\"attachment_4992\" aria-describedby=\"caption-attachment-4992\" style=\"width: 500px\" class=\"wp-caption aligncenter\"><a href=\"http:\/\/kinanen.fi\/wordpress\/wp-content\/uploads\/2012\/07\/huippu6.jpg\"><img loading=\"lazy\" decoding=\"async\" class=\" wp-image-4992\" title=\"huippu6\" src=\"http:\/\/kinanen.fi\/wordpress\/wp-content\/uploads\/2012\/07\/huippu6.jpg\" alt=\"\" width=\"500\" height=\"333\" \/><\/a><figcaption id=\"caption-attachment-4992\" class=\"wp-caption-text\">Gulassia<\/figcaption><\/figure>\n<p>&nbsp;<\/p>\n<p>Hetken lev\u00e4hdetty\u00e4\u00e4n leppe\u00e4ss\u00e4 alppiauringossa oli viel\u00e4 hyv\u00e4\u00e4 aikaa tutkia ymp\u00e4rist\u00f6\u00e4 ennen alas laskeutumista hissill\u00e4. Lasten iloksi oli tehty kaikenlaista puuhattavaa. Eevertille erityisesti oli mieleen majatalon l\u00e4heisyydess\u00e4 ollut vesimylly. Sit\u00e4 oli syyt\u00e4 menn\u00e4 tutkimaan ja aikansa rakennusta kierrelty\u00e4\u00e4n majatalon kokki tuli opastamaan vesimyllyn toiminnassa uteliasta matkalaista.<\/p>\n<p>&nbsp;<\/p>\n<figure id=\"attachment_4993\" aria-describedby=\"caption-attachment-4993\" style=\"width: 502px\" class=\"wp-caption aligncenter\"><a href=\"http:\/\/kinanen.fi\/wordpress\/wp-content\/uploads\/2012\/07\/huippu7.jpg\"><img loading=\"lazy\" decoding=\"async\" class=\" wp-image-4993\" title=\"huippu7\" src=\"http:\/\/kinanen.fi\/wordpress\/wp-content\/uploads\/2012\/07\/huippu7.jpg\" alt=\"\" width=\"502\" height=\"335\" \/><\/a><figcaption id=\"caption-attachment-4993\" class=\"wp-caption-text\">Vanha vesimylly<\/figcaption><\/figure>\n<p>&nbsp;<\/p>\n<p>Vesimyllylt\u00e4 avautuivat viel\u00e4 viimeiset n\u00e4kym\u00e4t ennen hissi\u00e4 alas. Keskell\u00e4 alhaalla onkin ala-asema miss\u00e4 auto jo odotti kulkijoita.<\/p>\n<p>&nbsp;<\/p>\n<figure id=\"attachment_4994\" aria-describedby=\"caption-attachment-4994\" style=\"width: 498px\" class=\"wp-caption aligncenter\"><a href=\"http:\/\/kinanen.fi\/wordpress\/wp-content\/uploads\/2012\/07\/huippu8.jpg\"><img loading=\"lazy\" decoding=\"async\" class=\" wp-image-4994\" title=\"huippu8\" src=\"http:\/\/kinanen.fi\/wordpress\/wp-content\/uploads\/2012\/07\/huippu8.jpg\" alt=\"\" width=\"498\" height=\"332\" \/><\/a><figcaption id=\"caption-attachment-4994\" class=\"wp-caption-text\">N\u00e4kym\u00e4 alas laaksoon<\/figcaption><\/figure>\n<p>&nbsp;<\/p>\n<p>Alhaalla alkoi automatka kotiin ja n\u00e4in lepop\u00e4iv\u00e4n\u00e4 Eevert huomasi tassutelleensa kuitenkin 15 500 askelta, vaikka piti vain hieman verrytell\u00e4. Askelm\u00e4\u00e4r\u00e4 ei kummoinen ole tasamaastossa, mutta vuorenrinteell\u00e4 se\u00a0 on kohtalainen suoritus.<\/p>\n<p>Matkalla oli viel\u00e4 paljon n\u00e4ht\u00e4v\u00e4\u00e4 ja poikkeamisia ennen kotim\u00f6kki\u00e4. Euroopan korkeimmalla sijaitsevaan (n. 1.638m) luostariin oli l\u00e4hes pakko piipahtaa. <a href=\"http:\/\/www.sagen.at\/doku\/quellen\/quellen_tirol\/maria_waldrast.html\" target=\"_blank\">Maria Waldrast luostariin<\/a> vei jyrkk\u00e4, kapea ja mutkainen tie.<\/p>\n<p>&nbsp;<\/p>\n<figure id=\"attachment_4995\" aria-describedby=\"caption-attachment-4995\" style=\"width: 427px\" class=\"wp-caption aligncenter\"><a href=\"http:\/\/kinanen.fi\/wordpress\/wp-content\/uploads\/2012\/07\/huippu10.jpg\"><img loading=\"lazy\" decoding=\"async\" class=\"size-full wp-image-4995\" title=\"huippu10\" src=\"http:\/\/kinanen.fi\/wordpress\/wp-content\/uploads\/2012\/07\/huippu10.jpg\" alt=\"\" width=\"427\" height=\"640\" \/><\/a><figcaption id=\"caption-attachment-4995\" class=\"wp-caption-text\">Luostari<\/figcaption><\/figure>\n<p>&nbsp;<\/p>\n<p>Itse luostari oli kiinni, mutta kulkijoita siell\u00e4 oli siit\u00e4 huolimatta paljon. Kaikilla kanisterit ja pullot mukana. Ja taisivat olla viel\u00e4 paikallisia. Luostarin alueella pulputtaa terveysvaikutteinen l\u00e4hde jonka vett\u00e4 k\u00e4vij\u00e4t olivat noutamassa. Luostarin pihalla oli kaivo ja sen vieress\u00e4 muki. Eevert nautti koko mukillisen tuota hyv\u00e4\u00e4 tekev\u00e4\u00e4 vett\u00e4 ja uitti viel\u00e4 kipeytyneet jalkansakin parantavassa vesialtaassa kaivon takana.<\/p>\n<p>&nbsp;<\/p>\n<figure id=\"attachment_4996\" aria-describedby=\"caption-attachment-4996\" style=\"width: 427px\" class=\"wp-caption aligncenter\"><a href=\"http:\/\/kinanen.fi\/wordpress\/wp-content\/uploads\/2012\/07\/huippu11.jpg\"><img loading=\"lazy\" decoding=\"async\" class=\"size-full wp-image-4996\" title=\"huippu11\" src=\"http:\/\/kinanen.fi\/wordpress\/wp-content\/uploads\/2012\/07\/huippu11.jpg\" alt=\"\" width=\"427\" height=\"640\" \/><\/a><figcaption id=\"caption-attachment-4996\" class=\"wp-caption-text\">Parantavaa vett\u00e4<\/figcaption><\/figure>\n<p>&nbsp;<\/p>\n<p>Luostarin piharakennuksessa oli pieni mielenkiintoinen kappeli joka oli avoinna. Siell\u00e4 oli hyv\u00e4 p\u00e4\u00e4tt\u00e4\u00e4 p\u00e4iv\u00e4n seikkailut ja sytytt\u00e4\u00e4 kynttil\u00e4 kaikkien l\u00e4heisten ja yst\u00e4vien hyv\u00e4ksi ja siunaukseksi. Sinunkin.<\/p>\n<p>&nbsp;<\/p>\n<figure id=\"attachment_4997\" aria-describedby=\"caption-attachment-4997\" style=\"width: 427px\" class=\"wp-caption aligncenter\"><a href=\"http:\/\/kinanen.fi\/wordpress\/wp-content\/uploads\/2012\/07\/huippu9.jpg\"><img loading=\"lazy\" decoding=\"async\" class=\"size-full wp-image-4997\" title=\"huippu9\" src=\"http:\/\/kinanen.fi\/wordpress\/wp-content\/uploads\/2012\/07\/huippu9.jpg\" alt=\"\" width=\"427\" height=\"640\" \/><\/a><figcaption id=\"caption-attachment-4997\" class=\"wp-caption-text\">Kappelin rukouskynttil\u00e4t<\/figcaption><\/figure>\n<p>&nbsp;<\/p>\n<p>Kappeli oli omistettu <a href=\"http:\/\/en.wikipedia.org\/wiki\/Peregrine_Laziosi\" target=\"_blank\">Saint Peregrin Laziosi<\/a>lle (1265-1345), sy\u00f6p\u00e4\u00e4 sairastavien suojeluspyhimykselle.<\/p>\n<p>&nbsp;<\/p>\n","protected":false},"excerpt":{"rendered":"<p>Eevertin pyh\u00e4aamu alkoi kohtalaisen aikaiseen. H\u00e4din tuskin mies malttoi aamupalansa nauttia kun jo patikkat\u00f6pp\u00f6st\u00e4 kuumotti. T\u00e4n\u00e4\u00e4n oli kuulema mainio p\u00e4iv\u00e4 k\u00e4v\u00e4ist\u00e4 j\u00e4\u00e4tik\u00f6ll\u00e4 kolmessa tonnissa. Ihan vain lepop\u00e4iv\u00e4n merkeiss\u00e4, sill\u00e4 edellisen\u00e4 p\u00e4iv\u00e4n\u00e4 askelia oli mittariin kertynyt himpan p\u00e4\u00e4lle 30 000. melkoinen askellusm\u00e4\u00e4r\u00e4 vanhalle herralle. Ja se kyll\u00e4 tuntui my\u00f6s herran jaloissa. Hissill\u00e4 onneksi p\u00e4\u00e4see sujuvasti yl\u00f6s [&hellip;]<\/p>\n","protected":false},"author":1,"featured_media":0,"comment_status":"open","ping_status":"open","sticky":false,"template":"","format":"standard","meta":{"footnotes":""},"categories":[],"tags":[],"class_list":["post-4987","post","type-post","status-publish","format-standard","hentry"],"_links":{"self":[{"href":"https:\/\/www.kinanen.fi\/nukkekoti\/wp-json\/wp\/v2\/posts\/4987","targetHints":{"allow":["GET"]}}],"collection":[{"href":"https:\/\/www.kinanen.fi\/nukkekoti\/wp-json\/wp\/v2\/posts"}],"about":[{"href":"https:\/\/www.kinanen.fi\/nukkekoti\/wp-json\/wp\/v2\/types\/post"}],"author":[{"embeddable":true,"href":"https:\/\/www.kinanen.fi\/nukkekoti\/wp-json\/wp\/v2\/users\/1"}],"replies":[{"embeddable":true,"href":"https:\/\/www.kinanen.fi\/nukkekoti\/wp-json\/wp\/v2\/comments?post=4987"}],"version-history":[{"count":5,"href":"https:\/\/www.kinanen.fi\/nukkekoti\/wp-json\/wp\/v2\/posts\/4987\/revisions"}],"predecessor-version":[{"id":5000,"href":"https:\/\/www.kinanen.fi\/nukkekoti\/wp-json\/wp\/v2\/posts\/4987\/revisions\/5000"}],"wp:attachment":[{"href":"https:\/\/www.kinanen.fi\/nukkekoti\/wp-json\/wp\/v2\/media?parent=4987"}],"wp:term":[{"taxonomy":"category","embeddable":true,"href":"https:\/\/www.kinanen.fi\/nukkekoti\/wp-json\/wp\/v2\/categories?post=4987"},{"taxonomy":"post_tag","embeddable":true,"href":"https:\/\/www.kinanen.fi\/nukkekoti\/wp-json\/wp\/v2\/tags?post=4987"}],"curies":[{"name":"wp","href":"https:\/\/api.w.org\/{rel}","templated":true}]}}