{"id":5018,"date":"2012-07-13T21:07:40","date_gmt":"2012-07-13T18:07:40","guid":{"rendered":"http:\/\/kinanen.fi\/wordpress\/?p=5018"},"modified":"2012-07-13T21:11:21","modified_gmt":"2012-07-13T18:11:21","slug":"sadepaivan-ratoksi","status":"publish","type":"post","link":"https:\/\/www.kinanen.fi\/nukkekoti\/sadepaivan-ratoksi\/","title":{"rendered":"Sadep\u00e4iv\u00e4n ratoksi"},"content":{"rendered":"<p>Sateet tuntuvat vaivaavan t\u00e4m\u00e4n kes\u00e4n reissaamista niin koti-Suomessa kuin muuallakin. Aamu alkoi Eevertin kes\u00e4maisemissakin m\u00e4rk\u00e4n\u00e4 ja pilvisen\u00e4. Niin pilvisen\u00e4 ett\u00e4 mies itse oli siin\u00e4 pilvess\u00e4 joka satoi. Hauska tunne.<\/p>\n<p>Maastoon ei arvannut t\u00e4ss\u00e4 keliss\u00e4 l\u00e4hte\u00e4, mutta kulttuuria p\u00e4\u00e4si hyvin harrastamaan automatkailemalla solissa. Onneksi tie oli jo jotenkin tuttu sill\u00e4 n\u00e4kyvyys tyss\u00e4si hieman auton konepellin etupuolelle. T\u00e4\u00e4ll\u00e4 eiv\u00e4t kaikki k\u00e4yt\u00e4 valoja, joten melko yll\u00e4tt\u00e4en saattoi vaikka rekka tupsahtaa tielle.<\/p>\n<p>&nbsp;<\/p>\n<figure id=\"attachment_5019\" aria-describedby=\"caption-attachment-5019\" style=\"width: 501px\" class=\"wp-caption aligncenter\"><a href=\"http:\/\/kinanen.fi\/wordpress\/wp-content\/uploads\/2012\/07\/kappeli1.jpg\"><img fetchpriority=\"high\" decoding=\"async\" class=\" wp-image-5019\" title=\"kappeli1\" src=\"http:\/\/kinanen.fi\/wordpress\/wp-content\/uploads\/2012\/07\/kappeli1.jpg\" alt=\"\" width=\"501\" height=\"335\" \/><\/a><figcaption id=\"caption-attachment-5019\" class=\"wp-caption-text\">N\u00e4kyvyys heikko<\/figcaption><\/figure>\n<p>&nbsp;<\/p>\n<p>Kappelirakentajana Eeverti\u00e4 tietenkin kiinnostivat kaikki ne lukuisat kappelit ja kirkot mit\u00e4 n\u00e4ill\u00e4 seudulla on. Joka mutkassa saisikin pys\u00e4hty\u00e4 sill\u00e4 joka talolla on oma kotikappeli olemassa aivan tien tuntumassa.<\/p>\n<p>&nbsp;<\/p>\n<figure id=\"attachment_5020\" aria-describedby=\"caption-attachment-5020\" style=\"width: 500px\" class=\"wp-caption aligncenter\"><a href=\"http:\/\/kinanen.fi\/wordpress\/wp-content\/uploads\/2012\/07\/kappeli.jpg\"><img decoding=\"async\" class=\" wp-image-5020\" title=\"kappeli\" src=\"http:\/\/kinanen.fi\/wordpress\/wp-content\/uploads\/2012\/07\/kappeli.jpg\" alt=\"\" width=\"500\" height=\"333\" \/><\/a><figcaption id=\"caption-attachment-5020\" class=\"wp-caption-text\">Pikkukappeli sateessa ja pilvess\u00e4<\/figcaption><\/figure>\n<p>&nbsp;<\/p>\n<p>Kirkkotaidetta oli riitt\u00e4miin n\u00e4iden solien kirkoissa. Kirkot olivat kauttaaltaan suurempia kuin aikaisemmin koluttujen laaksojen kirkot. L\u00e4hes tuomiokirkko kokoa. Lis\u00e4ksi kirkoissa oli runsaasti esill\u00e4 esim kulkueissa k\u00e4ytett\u00e4vi\u00e4 kannettavia patsaita\/kuvia ja isoja viirej\u00e4, joita kantamaan ei ihan pikkutalonpoika p\u00e4\u00e4sekk\u00e4\u00e4n.<\/p>\n<p>&nbsp;<\/p>\n<figure id=\"attachment_5021\" aria-describedby=\"caption-attachment-5021\" style=\"width: 500px\" class=\"wp-caption aligncenter\"><a href=\"http:\/\/kinanen.fi\/wordpress\/wp-content\/uploads\/2012\/07\/kappeli6.jpg\"><img decoding=\"async\" class=\" wp-image-5021\" title=\"kappeli6\" src=\"http:\/\/kinanen.fi\/wordpress\/wp-content\/uploads\/2012\/07\/kappeli6.jpg\" alt=\"\" width=\"500\" height=\"555\" \/><\/a><figcaption id=\"caption-attachment-5021\" class=\"wp-caption-text\">Juhlava kirkko<\/figcaption><\/figure>\n<p>&nbsp;<\/p>\n<p>Sis\u00e4kuvaa yhdest\u00e4 n\u00e4ist\u00e4 isommista kirkoista. Ei kyll\u00e4 en\u00e4\u00e4 tietoakaan siit\u00e4 ett\u00e4 mink\u00e4 kyl\u00e4n kirkkon on kyseess\u00e4. Sis\u00e4lt\u00e4 ne kaikki noudattivat samaa linjaa. Yksi runsas p\u00e4\u00e4-alttari ja v\u00e4hint\u00e4\u00e4n kaksi sivualttaria. Maalaukset olivat taidokkaita ja niit\u00e4 oli paljon. Kertomuksia maalauksissa vaikka kuinka paljon. Osa Raamatun tuttuja vaiheita ja osa paavin tai muiden kirkkoruhtinaiden merkitt\u00e4vi\u00e4 el\u00e4m\u00e4nkohtia.<\/p>\n<p>Kirkkotaiteessa t\u00e4ll\u00e4kertaa Eevert keskittyi hieman yleisest\u00e4 poikkeavampaan esitykseen. Mit\u00e4 lie siunauskappelin nurkassa katafalkin vieress\u00e4 istuva Kristus pohdiskella osmank\u00e4\u00e4mi k\u00e4dess\u00e4\u00e4n? Jos joku tiet\u00e4\u00e4 niin valaiskoon ihmeess\u00e4 Eeverti\u00e4.<\/p>\n<p>&nbsp;<\/p>\n<figure id=\"attachment_5022\" aria-describedby=\"caption-attachment-5022\" style=\"width: 408px\" class=\"wp-caption aligncenter\"><a href=\"http:\/\/kinanen.fi\/wordpress\/wp-content\/uploads\/2012\/07\/kappeli2.jpg\"><img loading=\"lazy\" decoding=\"async\" class=\"size-full wp-image-5022\" title=\"kappeli2\" src=\"http:\/\/kinanen.fi\/wordpress\/wp-content\/uploads\/2012\/07\/kappeli2.jpg\" alt=\"\" width=\"408\" height=\"640\" \/><\/a><figcaption id=\"caption-attachment-5022\" class=\"wp-caption-text\">Pohtiva Kristus<\/figcaption><\/figure>\n<p>&nbsp;<\/p>\n<p>It\u00e4valta on katolinen maa ja madonna-hamot ovat tyypillisi\u00e4 niin ovien vierustoilla, talojen seinill\u00e4 kuin kirkoissakin. Er\u00e4\u00e4st\u00e4 kyl\u00e4kirkosta l\u00f6ytyi kuitenkin hieman poikkeava taulu jossa esiintyi Kristus-lapsi. T\u00e4ss\u00e4 h\u00e4n viihtyi Josefin syliss\u00e4. Kaunis taulu joka her\u00e4tti miettim\u00e4\u00e4n montaa asiaa. Aikanaan opettajat er\u00e4\u00e4ss\u00e4 koulussa hieman kyseliv\u00e4t ett\u00e4 miksi ihmeess\u00e4 Josefia ei tuotu enemm\u00e4n esille. Siin\u00e4 on oiva esimerkki ihan tavallisesta miehest\u00e4 &#8211; duunarista vain &#8211; jonka el\u00e4m\u00e4 oli erityisen merkitt\u00e4v\u00e4\u00e4. Riemuviesti\u00e4 monelle miehenalulle. Ei tarvitse olla ruhtinas,rikas tai erityisen viisas &#8211; el\u00e4m\u00e4ss\u00e4 on arvoja ja aareita arvaamattomia talletettuna jokaisen polulle l\u00f6ydett\u00e4v\u00e4ksi ja el\u00e4m\u00e4\u00e4 rikastuttavaksi.<\/p>\n<p>&nbsp;<\/p>\n<figure id=\"attachment_5023\" aria-describedby=\"caption-attachment-5023\" style=\"width: 500px\" class=\"wp-caption aligncenter\"><a href=\"http:\/\/kinanen.fi\/wordpress\/wp-content\/uploads\/2012\/07\/kappeli3.jpg\"><img loading=\"lazy\" decoding=\"async\" class=\" wp-image-5023\" title=\"kappeli3\" src=\"http:\/\/kinanen.fi\/wordpress\/wp-content\/uploads\/2012\/07\/kappeli3.jpg\" alt=\"\" width=\"500\" height=\"603\" \/><\/a><figcaption id=\"caption-attachment-5023\" class=\"wp-caption-text\">Josef ja Kristus<\/figcaption><\/figure>\n<p>&nbsp;<\/p>\n<p>Monissa kirkoissa on rukouskynttil\u00f6ille paikka ja tavaksi on tullut sytytt\u00e4\u00e4 kynttil\u00e4 aina kun se on mahdollista.<\/p>\n<p>&nbsp;<\/p>\n<figure id=\"attachment_5024\" aria-describedby=\"caption-attachment-5024\" style=\"width: 451px\" class=\"wp-caption aligncenter\"><a href=\"http:\/\/kinanen.fi\/wordpress\/wp-content\/uploads\/2012\/07\/valkosipulikeitto2.jpg\"><img loading=\"lazy\" decoding=\"async\" class=\" wp-image-5024\" title=\"valkosipulikeitto2\" src=\"http:\/\/kinanen.fi\/wordpress\/wp-content\/uploads\/2012\/07\/valkosipulikeitto2.jpg\" alt=\"\" width=\"451\" height=\"675\" \/><\/a><figcaption id=\"caption-attachment-5024\" class=\"wp-caption-text\">Rukouskynttil\u00e4t<\/figcaption><\/figure>\n<p>&nbsp;<\/p>\n<p>P\u00e4iv\u00e4n mittaan s\u00e4\u00e4kin selkeni, mutta kello oli jo niin paljon ett\u00e4 ei ollut en\u00e4\u00e4 riitt\u00e4v\u00e4sti aikaa l\u00e4hte\u00e4 maastoon. T\u00e4\u00e4ll\u00e4 pimeys tulee nopeasti, eik\u00e4 valaitusta juuri ole miss\u00e4\u00e4n.\u00a0 Siisp\u00e4 auton nokka koti kotia. Kotimatkalla huomasi kuinka paljon maisema muuttuu s\u00e4\u00e4n mukaan. Sit\u00e4 ei aina arvaakaan mit\u00e4 pilven tai sumun takaa voikaan paljastua kuivemmalla kelill\u00e4.<\/p>\n<p>&nbsp;<\/p>\n<figure id=\"attachment_5025\" aria-describedby=\"caption-attachment-5025\" style=\"width: 502px\" class=\"wp-caption aligncenter\"><a href=\"http:\/\/kinanen.fi\/wordpress\/wp-content\/uploads\/2012\/07\/kappeli4.jpg\"><img loading=\"lazy\" decoding=\"async\" class=\" wp-image-5025\" title=\"kappeli4\" src=\"http:\/\/kinanen.fi\/wordpress\/wp-content\/uploads\/2012\/07\/kappeli4.jpg\" alt=\"\" width=\"502\" height=\"335\" \/><\/a><figcaption id=\"caption-attachment-5025\" class=\"wp-caption-text\">Aurinkoisempi pikkukappeli<\/figcaption><\/figure>\n<p>&nbsp;<\/p>\n<p>Huomenna n\u00e4ytt\u00e4isi olevan poutaa \ud83d\ude09<\/p>\n<p>&nbsp;<\/p>\n<figure id=\"attachment_5026\" aria-describedby=\"caption-attachment-5026\" style=\"width: 500px\" class=\"wp-caption aligncenter\"><a href=\"http:\/\/kinanen.fi\/wordpress\/wp-content\/uploads\/2012\/07\/kappeli7.jpg\"><img loading=\"lazy\" decoding=\"async\" class=\" wp-image-5026\" title=\"kappeli7\" src=\"http:\/\/kinanen.fi\/wordpress\/wp-content\/uploads\/2012\/07\/kappeli7.jpg\" alt=\"\" width=\"500\" height=\"333\" \/><\/a><figcaption id=\"caption-attachment-5026\" class=\"wp-caption-text\">Pouta Etana<\/figcaption><\/figure>\n","protected":false},"excerpt":{"rendered":"<p>Sateet tuntuvat vaivaavan t\u00e4m\u00e4n kes\u00e4n reissaamista niin koti-Suomessa kuin muuallakin. Aamu alkoi Eevertin kes\u00e4maisemissakin m\u00e4rk\u00e4n\u00e4 ja pilvisen\u00e4. Niin pilvisen\u00e4 ett\u00e4 mies itse oli siin\u00e4 pilvess\u00e4 joka satoi. Hauska tunne. Maastoon ei arvannut t\u00e4ss\u00e4 keliss\u00e4 l\u00e4hte\u00e4, mutta kulttuuria p\u00e4\u00e4si hyvin harrastamaan automatkailemalla solissa. Onneksi tie oli jo jotenkin tuttu sill\u00e4 n\u00e4kyvyys tyss\u00e4si hieman auton konepellin etupuolelle. [&hellip;]<\/p>\n","protected":false},"author":1,"featured_media":0,"comment_status":"open","ping_status":"open","sticky":false,"template":"","format":"standard","meta":{"footnotes":""},"categories":[],"tags":[],"class_list":["post-5018","post","type-post","status-publish","format-standard","hentry"],"_links":{"self":[{"href":"https:\/\/www.kinanen.fi\/nukkekoti\/wp-json\/wp\/v2\/posts\/5018","targetHints":{"allow":["GET"]}}],"collection":[{"href":"https:\/\/www.kinanen.fi\/nukkekoti\/wp-json\/wp\/v2\/posts"}],"about":[{"href":"https:\/\/www.kinanen.fi\/nukkekoti\/wp-json\/wp\/v2\/types\/post"}],"author":[{"embeddable":true,"href":"https:\/\/www.kinanen.fi\/nukkekoti\/wp-json\/wp\/v2\/users\/1"}],"replies":[{"embeddable":true,"href":"https:\/\/www.kinanen.fi\/nukkekoti\/wp-json\/wp\/v2\/comments?post=5018"}],"version-history":[{"count":3,"href":"https:\/\/www.kinanen.fi\/nukkekoti\/wp-json\/wp\/v2\/posts\/5018\/revisions"}],"predecessor-version":[{"id":5028,"href":"https:\/\/www.kinanen.fi\/nukkekoti\/wp-json\/wp\/v2\/posts\/5018\/revisions\/5028"}],"wp:attachment":[{"href":"https:\/\/www.kinanen.fi\/nukkekoti\/wp-json\/wp\/v2\/media?parent=5018"}],"wp:term":[{"taxonomy":"category","embeddable":true,"href":"https:\/\/www.kinanen.fi\/nukkekoti\/wp-json\/wp\/v2\/categories?post=5018"},{"taxonomy":"post_tag","embeddable":true,"href":"https:\/\/www.kinanen.fi\/nukkekoti\/wp-json\/wp\/v2\/tags?post=5018"}],"curies":[{"name":"wp","href":"https:\/\/api.w.org\/{rel}","templated":true}]}}