{"id":5054,"date":"2012-07-19T19:52:36","date_gmt":"2012-07-19T16:52:36","guid":{"rendered":"http:\/\/kinanen.fi\/wordpress\/?p=5054"},"modified":"2012-07-19T19:59:30","modified_gmt":"2012-07-19T16:59:30","slug":"syketta-elamaan","status":"publish","type":"post","link":"https:\/\/www.kinanen.fi\/nukkekoti\/syketta-elamaan\/","title":{"rendered":"Sykett\u00e4 el\u00e4m\u00e4\u00e4n"},"content":{"rendered":"<p>Eevertin into patikoimiseen saattoi miehen valitsemaan itselleen haastetta v\u00e4hint\u00e4\u00e4nkin riitt\u00e4v\u00e4sti v\u00e4h\u00e4ksi aikaa. Unelmissa ja suunnitelmissa oli t\u00e4n\u00e4kin vuonna y\u00f6py\u00e4 vuorilla. Kotilaakson tuntumassa oli sopiva\u00a0<a href=\"http:\/\/de.wikipedia.org\/wiki\/Innsbrucker_H%C3%BCtte\" target=\"_blank\"><strong>Innsbrucker H\u00fctte<\/strong><\/a> kiivett\u00e4v\u00e4ksi. Matkaa laaksosta olisi kilometrin verran yl\u00f6sp\u00e4in. Vuoren rinteell\u00e4 se on paljon ja matkakin moninkertainen, sill\u00e4 suoraviivaisesti sinne ei paljasjalkainen it\u00e4valtalainenkaan kapua. Polut ovat tiuhaa siksakkia alhaalta yl\u00f6s.<\/p>\n<p>&nbsp;<\/p>\n<figure id=\"attachment_5055\" aria-describedby=\"caption-attachment-5055\" style=\"width: 500px\" class=\"wp-caption aligncenter\"><a href=\"http:\/\/kinanen.fi\/wordpress\/wp-content\/uploads\/2012\/07\/issnbrucer.jpg\"><img fetchpriority=\"high\" decoding=\"async\" class=\" wp-image-5055\" title=\"issnbrucer\" src=\"http:\/\/kinanen.fi\/wordpress\/wp-content\/uploads\/2012\/07\/issnbrucer.jpg\" alt=\"\" width=\"500\" height=\"333\" \/><\/a><figcaption id=\"caption-attachment-5055\" class=\"wp-caption-text\">Vuori ylitett\u00e4v\u00e4ksi<\/figcaption><\/figure>\n<p>&nbsp;<\/p>\n<p>Tuostahan se suurinpiirtein menee&#8230; oikeasta alakulmasta vasempaan yl\u00e4kulmaan ja melko paljon viel\u00e4 ohikin. Ei kun m\u00e4keen! Heti alusta alkaen vuori n\u00e4ytti voimansa. Tottumattomampi tasaisemman maan kulkija puhisi ja puuskutti heti alkumetreist\u00e4 l\u00e4htien. Polku nousi alkuun mets\u00e4n suojissa ja muistutti ehk\u00e4 tutusti kotimetsien polkuja. Pian kasvillisuus v\u00e4heni ja n\u00e4kym\u00e4t aukenivat.<\/p>\n<p>&nbsp;<\/p>\n<figure id=\"attachment_5057\" aria-describedby=\"caption-attachment-5057\" style=\"width: 496px\" class=\"wp-caption aligncenter\"><a href=\"http:\/\/kinanen.fi\/wordpress\/wp-content\/uploads\/2012\/07\/inns2.jpg\"><img decoding=\"async\" class=\" wp-image-5057\" title=\"inns2\" src=\"http:\/\/kinanen.fi\/wordpress\/wp-content\/uploads\/2012\/07\/inns2.jpg\" alt=\"\" width=\"496\" height=\"375\" \/><\/a><figcaption id=\"caption-attachment-5057\" class=\"wp-caption-text\">Ev\u00e4stauko<\/figcaption><\/figure>\n<p>&nbsp;<\/p>\n<p>Retkell\u00e4 aina parasta ovat ev\u00e4stauot. Niin nytkin sill\u00e4 nousu kesti pitk\u00e4\u00e4n ja pelk\u00e4ll\u00e4 aamupalalla sit\u00e4 ei mill\u00e4\u00e4n jaksanut nousta. Onneksi Eevert oli varannut mukaansa kunnon ev\u00e4st\u00e4. Kuivalihaa kaukaa lapinmaasta hovihankkijan taidolla laatimaa maukasta poroa. Kyll\u00e4 maistuikin hyv\u00e4lt\u00e4 taukokivell\u00e4. Taukopaikalta oli viel\u00e4 melkoinen huikoinen m\u00e4\u00e4r\u00e4np\u00e4\u00e4h\u00e4n. Maisemia ihastellessa oli hyv\u00e4 pit\u00e4\u00e4 pieni\u00e4 sykett\u00e4 tasaavia taukoja.<\/p>\n<p>&nbsp;<\/p>\n<figure id=\"attachment_5058\" aria-describedby=\"caption-attachment-5058\" style=\"width: 500px\" class=\"wp-caption aligncenter\"><a href=\"http:\/\/kinanen.fi\/wordpress\/wp-content\/uploads\/2012\/07\/inns4.jpg\"><img decoding=\"async\" class=\" wp-image-5058\" title=\"inns4\" src=\"http:\/\/kinanen.fi\/wordpress\/wp-content\/uploads\/2012\/07\/inns4.jpg\" alt=\"\" width=\"500\" height=\"333\" \/><\/a><figcaption id=\"caption-attachment-5058\" class=\"wp-caption-text\">Korkeuksien lumoa<\/figcaption><\/figure>\n<p>&nbsp;<\/p>\n<p>Eevert joutui taas kerran huomaamaan kuinka pieni ihmislapsi onkaan t\u00e4ss\u00e4 maailmassa. Oman paikkansa ymm\u00e4rt\u00e4misess\u00e4 on jotakin pelottavaa mutta samalla niin turvallista. Jokaisella ja kaikella on paikkansa maailmassa &#8211; omankokoisensa ja omanlaisensa ja kaikkea sopivasti.<\/p>\n<p>&nbsp;<\/p>\n<figure id=\"attachment_5060\" aria-describedby=\"caption-attachment-5060\" style=\"width: 500px\" class=\"wp-caption aligncenter\"><a href=\"http:\/\/kinanen.fi\/wordpress\/wp-content\/uploads\/2012\/07\/mare-Innsbrucerille.jpg\"><img loading=\"lazy\" decoding=\"async\" class=\" wp-image-5060\" title=\"mare Innsbrucerille\" src=\"http:\/\/kinanen.fi\/wordpress\/wp-content\/uploads\/2012\/07\/mare-Innsbrucerille.jpg\" alt=\"\" width=\"500\" height=\"375\" \/><\/a><figcaption id=\"caption-attachment-5060\" class=\"wp-caption-text\">Viistossa maastossa<\/figcaption><\/figure>\n<p>&nbsp;<\/p>\n<p>Mit\u00e4 ylemm\u00e4s polku nousi sen reunempana se eteni. Siell\u00e4 saattaisi jo heikompip\u00e4isi\u00e4 hirvitt\u00e4\u00e4. Ja ihan joka kohdassa ei Eevertk\u00e4\u00e4n katsellut vuorta yl\u00f6sp\u00e4in nen\u00e4 vuoren puolella. Tarkkana sai askeleitaan katsella sill\u00e4 maasto oli kuvan ulkopuolellekin juuri samanlaista silm\u00e4n kantamattomiin.<\/p>\n<p>&nbsp;<\/p>\n<figure id=\"attachment_5059\" aria-describedby=\"caption-attachment-5059\" style=\"width: 501px\" class=\"wp-caption aligncenter\"><a href=\"http:\/\/kinanen.fi\/wordpress\/wp-content\/uploads\/2012\/07\/inns5.jpg\"><img loading=\"lazy\" decoding=\"async\" class=\" wp-image-5059\" title=\"inns5\" src=\"http:\/\/kinanen.fi\/wordpress\/wp-content\/uploads\/2012\/07\/inns5.jpg\" alt=\"\" width=\"501\" height=\"334\" \/><\/a><figcaption id=\"caption-attachment-5059\" class=\"wp-caption-text\">H\u00e4\u00e4m\u00f6tt\u00e4v\u00e4 m\u00e4\u00e4r\u00e4np\u00e4\u00e4<\/figcaption><\/figure>\n<p>&nbsp;<\/p>\n<p>Reilun nelj\u00e4n tunnin yl\u00f6sp\u00e4in kapuamisen j\u00e4lkeen m\u00e4\u00e4r\u00e4np\u00e4\u00e4kin tuli esille. Viel\u00e4 sinne oli matkaa! Kolmikerroksinen iso rakennus keskell\u00e4 ei mit\u00e4\u00e4n! Kuka ihme on keksinyt sellaisen rakentaa laaksojen yhtym\u00e4kohtaan? Polut ovat ikiaikaisia kulkureittej\u00e4. Paikalle ei tule tiet\u00e4 joten t\u00e4nne p\u00e4\u00e4see vain k\u00e4velem\u00e4ll\u00e4 sen kilometrin taivasta kohti, mik\u00e4li mielii paikalle. Rakennustarvikkeetkin on siis tuotu aivan jotenkin muuten kuin vaikka kuorma-autoilla.<\/p>\n<p>&nbsp;<\/p>\n<figure id=\"attachment_5061\" aria-describedby=\"caption-attachment-5061\" style=\"width: 500px\" class=\"wp-caption aligncenter\"><a href=\"http:\/\/kinanen.fi\/wordpress\/wp-content\/uploads\/2012\/07\/inns8.jpg\"><img loading=\"lazy\" decoding=\"async\" class=\" wp-image-5061\" title=\"inns8\" src=\"http:\/\/kinanen.fi\/wordpress\/wp-content\/uploads\/2012\/07\/inns8.jpg\" alt=\"\" width=\"500\" height=\"334\" \/><\/a><figcaption id=\"caption-attachment-5061\" class=\"wp-caption-text\">Unipaikka<\/figcaption><\/figure>\n<p>&nbsp;<\/p>\n<p>Nukkumaan p\u00e4\u00e4si ihan autiotupameiningill\u00e4, paitsi ett\u00e4 siskonpetipaikka maksoi 9euroa\/henkil\u00f6. Nousun aikana oli mekoinen hiki virrannut ja mieluusti mies hakeutui pesulle. Huttell\u00e4 oli tietenkin kaikki mukavuudet kulkijoille. Keitti\u00f6 joka laittoi ruokaa, vessat ja suihkut sek\u00e4 jotakin juomapuoltakin oli valikoimissa riitt\u00e4v\u00e4sti my\u00f6s vaativamman kulkijan tarpeisiin.<\/p>\n<p>Suihkuun mies mieli ensimm\u00e4isen\u00e4. Suiku toimi euron kolikolla ja sill\u00e4 sai 30 sekunttia l\u00e4mmint\u00e4 vett\u00e4. Ovat t\u00e4\u00e4ll\u00e4p\u00e4in tehokkaita pesij\u00f6it\u00e4. Puoli minuuttia riitti Eevertille hyvin.<\/p>\n<p>Nousun j\u00e4lkeen olikin jo kova n\u00e4lk\u00e4. Heti kun keitti\u00f6 avasi ovensa oli Eevertkin tilaamassa talon keittoa.<\/p>\n<p>&nbsp;<\/p>\n<figure id=\"attachment_5062\" aria-describedby=\"caption-attachment-5062\" style=\"width: 500px\" class=\"wp-caption aligncenter\"><a href=\"http:\/\/kinanen.fi\/wordpress\/wp-content\/uploads\/2012\/07\/innsbrukker.jpg\"><img loading=\"lazy\" decoding=\"async\" class=\" wp-image-5062\" title=\"innsbrukker\" src=\"http:\/\/kinanen.fi\/wordpress\/wp-content\/uploads\/2012\/07\/innsbrukker.jpg\" alt=\"\" width=\"500\" height=\"334\" \/><\/a><figcaption id=\"caption-attachment-5062\" class=\"wp-caption-text\">Keittoa<\/figcaption><\/figure>\n<p>&nbsp;<\/p>\n<p>Ei aavistustakaan mit\u00e4 siin\u00e4 oli, paitsi ohraryynej\u00e4. Hyv\u00e4\u00e4 se jokatapauksessa oli ja katosi sukkelaan n\u00e4lk\u00e4isen miehen vatsalaukkua l\u00e4mmitt\u00e4m\u00e4\u00e4n. Keiton j\u00e4lkeen oli viel\u00e4 tarjolla perinteinen snitzel perunoineen.<\/p>\n<p>&nbsp;<\/p>\n<figure id=\"attachment_5063\" aria-describedby=\"caption-attachment-5063\" style=\"width: 500px\" class=\"wp-caption aligncenter\"><a href=\"http:\/\/kinanen.fi\/wordpress\/wp-content\/uploads\/2012\/07\/innsbrukker1.jpg\"><img loading=\"lazy\" decoding=\"async\" class=\" wp-image-5063\" title=\"innsbrukker1\" src=\"http:\/\/kinanen.fi\/wordpress\/wp-content\/uploads\/2012\/07\/innsbrukker1.jpg\" alt=\"\" width=\"500\" height=\"334\" \/><\/a><figcaption id=\"caption-attachment-5063\" class=\"wp-caption-text\">Leikett\u00e4 kulkijalle<\/figcaption><\/figure>\n<p>&nbsp;<\/p>\n<p>Talo oli t\u00e4ynn\u00e4 kulkijoita. Patikoijia ja maastopy\u00f6r\u00e4ilij\u00f6it\u00e4. Yll\u00e4tt\u00e4v\u00e4n korkealle niill\u00e4kin p\u00e4\u00e4see. Eevertin petikavereina olikin pari reipasta nuortamiest\u00e4 jotka olivat py\u00f6r\u00e4ilem\u00e4ss\u00e4 vuorilla.<\/p>\n<p>Talo hiljeni nopeasti ruokailun j\u00e4lkeen ja ennen ilta-yhdeks\u00e4\u00e4 oli jo suurin osa unten mailla. Jokunen my\u00f6h\u00e4inen vaeltaja viel\u00e4 saapui. Vuorilla tulee pime\u00e4 nopeasti, joten on hyv\u00e4 varata aina riitt\u00e4v\u00e4sti aikaa taipaleeseensa.<\/p>\n<p>&nbsp;<\/p>\n<p>Aamu aukesi usvaisena tai paremminkin pilvisen\u00e4. Aamiaisen (leip\u00e4\u00e4, voinappi ja juustokuutio sek\u00e4 marmelaadia) j\u00e4lkeen oli Eevertkin valmiina laskuun vuorelta.<\/p>\n<p>&nbsp;<\/p>\n<figure id=\"attachment_5064\" aria-describedby=\"caption-attachment-5064\" style=\"width: 501px\" class=\"wp-caption aligncenter\"><a href=\"http:\/\/kinanen.fi\/wordpress\/wp-content\/uploads\/2012\/07\/inns6.jpg\"><img loading=\"lazy\" decoding=\"async\" class=\" wp-image-5064\" title=\"inns6\" src=\"http:\/\/kinanen.fi\/wordpress\/wp-content\/uploads\/2012\/07\/inns6.jpg\" alt=\"\" width=\"501\" height=\"335\" \/><\/a><figcaption id=\"caption-attachment-5064\" class=\"wp-caption-text\">Pilvinen aamu<\/figcaption><\/figure>\n<p>&nbsp;<\/p>\n<p>K\u00e4mpp\u00e4kaveripojat olivat jo l\u00e4hteneet aikaisemmin laskeutumaan samaa polkua mit\u00e4 Eevertkin oli suunnitellut. Pian matkaanl\u00e4hd\u00f6n j\u00e4lkeen aurinkokin n\u00e4ytt\u00e4ytyi ja muutti p\u00e4iv\u00e4n kirkkaaksi. Vuorilla s\u00e4\u00e4tilat vaihtuvat nopeasti. Ensimm\u00e4iset vuorelle nousijatkin n\u00e4ytt\u00e4v\u00e4t olevan jo tulossa vaikka kello on ehk\u00e4 hieman yli 8 aamulla.<\/p>\n<p>&nbsp;<\/p>\n<figure id=\"attachment_5065\" aria-describedby=\"caption-attachment-5065\" style=\"width: 500px\" class=\"wp-caption aligncenter\"><a href=\"http:\/\/kinanen.fi\/wordpress\/wp-content\/uploads\/2012\/07\/Inns9.jpg\"><img loading=\"lazy\" decoding=\"async\" class=\" wp-image-5065\" title=\"Inns9\" src=\"http:\/\/kinanen.fi\/wordpress\/wp-content\/uploads\/2012\/07\/Inns9.jpg\" alt=\"\" width=\"500\" height=\"341\" \/><\/a><figcaption id=\"caption-attachment-5065\" class=\"wp-caption-text\">Maastopy\u00f6r\u00e4ily\u00e4<\/figcaption><\/figure>\n<p>&nbsp;<\/p>\n<p>Sielt\u00e4 tulivatkin y\u00f6kaverit py\u00f6r\u00e4t olalla takaisin. Olivat todenneet reitin liian vaikeaksi py\u00f6r\u00e4lle ja palasivat alkuun ja l\u00e4htiv\u00e4t toista Eevertin nousemaa polkua pitkin laskeutumaan. Toivottavasti p\u00e4\u00e4siv\u00e4t turvallisesti alas asti.<\/p>\n<p>&nbsp;<\/p>\n<figure id=\"attachment_5066\" aria-describedby=\"caption-attachment-5066\" style=\"width: 500px\" class=\"wp-caption aligncenter\"><a href=\"http:\/\/kinanen.fi\/wordpress\/wp-content\/uploads\/2012\/07\/innsbrucker_hutte_003.jpg\"><img loading=\"lazy\" decoding=\"async\" class=\" wp-image-5066\" title=\"innsbrucker_hutte_003\" src=\"http:\/\/kinanen.fi\/wordpress\/wp-content\/uploads\/2012\/07\/innsbrucker_hutte_003.jpg\" alt=\"\" width=\"500\" height=\"666\" \/><\/a><figcaption id=\"caption-attachment-5066\" class=\"wp-caption-text\">Maisemilla<\/figcaption><\/figure>\n<p>&nbsp;<\/p>\n<p>Paluureitti olikin hyvin tiukkaa siksakkia jyrkk\u00e4\u00e4 rinnett\u00e4 suurinpiirtein kohtisuoraa alas. Maisemia riitti viel\u00e4 katseltavaksi.<\/p>\n<p>&nbsp;<\/p>\n<figure id=\"attachment_5067\" aria-describedby=\"caption-attachment-5067\" style=\"width: 500px\" class=\"wp-caption aligncenter\"><a href=\"http:\/\/kinanen.fi\/wordpress\/wp-content\/uploads\/2012\/07\/inns7.jpg\"><img loading=\"lazy\" decoding=\"async\" class=\" wp-image-5067\" title=\"inns7\" src=\"http:\/\/kinanen.fi\/wordpress\/wp-content\/uploads\/2012\/07\/inns7.jpg\" alt=\"\" width=\"500\" height=\"334\" \/><\/a><figcaption id=\"caption-attachment-5067\" class=\"wp-caption-text\">Kulkijan penkki<\/figcaption><\/figure>\n<p>&nbsp;<\/p>\n<p>Hyville taukopaikoille on laitettu kulkijoille penkkej\u00e4 misss\u00e4 istahtaa. Hyv\u00e4 onkin v\u00e4lill\u00e4 lepuutella jalkoja, sill\u00e4 laskeutuminen k\u00e4y ruumiin p\u00e4\u00e4lle. Nouseminen on enempi hengen rasitusta sykkeen ja puuskutuksen perusteella m\u00e4\u00e4riteltyn\u00e4. Nelj\u00e4n ja puolen tunnin nousussa Eevertin keskisyke oli 129 ja palatessa 109.<\/p>\n","protected":false},"excerpt":{"rendered":"<p>Eevertin into patikoimiseen saattoi miehen valitsemaan itselleen haastetta v\u00e4hint\u00e4\u00e4nkin riitt\u00e4v\u00e4sti v\u00e4h\u00e4ksi aikaa. Unelmissa ja suunnitelmissa oli t\u00e4n\u00e4kin vuonna y\u00f6py\u00e4 vuorilla. Kotilaakson tuntumassa oli sopiva\u00a0Innsbrucker H\u00fctte kiivett\u00e4v\u00e4ksi. Matkaa laaksosta olisi kilometrin verran yl\u00f6sp\u00e4in. Vuoren rinteell\u00e4 se on paljon ja matkakin moninkertainen, sill\u00e4 suoraviivaisesti sinne ei paljasjalkainen it\u00e4valtalainenkaan kapua. Polut ovat tiuhaa siksakkia alhaalta yl\u00f6s. &nbsp; &nbsp; [&hellip;]<\/p>\n","protected":false},"author":1,"featured_media":0,"comment_status":"open","ping_status":"open","sticky":false,"template":"","format":"standard","meta":{"footnotes":""},"categories":[],"tags":[],"class_list":["post-5054","post","type-post","status-publish","format-standard","hentry"],"_links":{"self":[{"href":"https:\/\/www.kinanen.fi\/nukkekoti\/wp-json\/wp\/v2\/posts\/5054","targetHints":{"allow":["GET"]}}],"collection":[{"href":"https:\/\/www.kinanen.fi\/nukkekoti\/wp-json\/wp\/v2\/posts"}],"about":[{"href":"https:\/\/www.kinanen.fi\/nukkekoti\/wp-json\/wp\/v2\/types\/post"}],"author":[{"embeddable":true,"href":"https:\/\/www.kinanen.fi\/nukkekoti\/wp-json\/wp\/v2\/users\/1"}],"replies":[{"embeddable":true,"href":"https:\/\/www.kinanen.fi\/nukkekoti\/wp-json\/wp\/v2\/comments?post=5054"}],"version-history":[{"count":5,"href":"https:\/\/www.kinanen.fi\/nukkekoti\/wp-json\/wp\/v2\/posts\/5054\/revisions"}],"predecessor-version":[{"id":5069,"href":"https:\/\/www.kinanen.fi\/nukkekoti\/wp-json\/wp\/v2\/posts\/5054\/revisions\/5069"}],"wp:attachment":[{"href":"https:\/\/www.kinanen.fi\/nukkekoti\/wp-json\/wp\/v2\/media?parent=5054"}],"wp:term":[{"taxonomy":"category","embeddable":true,"href":"https:\/\/www.kinanen.fi\/nukkekoti\/wp-json\/wp\/v2\/categories?post=5054"},{"taxonomy":"post_tag","embeddable":true,"href":"https:\/\/www.kinanen.fi\/nukkekoti\/wp-json\/wp\/v2\/tags?post=5054"}],"curies":[{"name":"wp","href":"https:\/\/api.w.org\/{rel}","templated":true}]}}