{"id":5086,"date":"2012-07-26T20:14:26","date_gmt":"2012-07-26T17:14:26","guid":{"rendered":"http:\/\/kinanen.fi\/wordpress\/?p=5086"},"modified":"2012-07-26T21:17:13","modified_gmt":"2012-07-26T18:17:13","slug":"eijan-kalalauta","status":"publish","type":"post","link":"https:\/\/www.kinanen.fi\/nukkekoti\/eijan-kalalauta\/","title":{"rendered":"Kalalaudasta madonnaan"},"content":{"rendered":"<p>Eevert vastaanotti kes\u00e4n aikana toisenkin yll\u00e4tt\u00e4v\u00e4n postil\u00e4hetyksen <a href=\"http:\/\/eijulista.blogspot.fi\/\" target=\"_blank\">Eijalta<\/a>. Silloin piti jo huokailla hurjasti ja tasaannuttaa sykett\u00e4 aikansa ennenkuin tokeni.<\/p>\n<p>Aikaisemmin Eevert oli saanut lahjaksi <a href=\"http:\/\/kinanen.fi\/wordpress\/?p=4905\" target=\"_blank\">mustan kalalaudan<\/a> jolle mies keksi heti k\u00e4ytt\u00f6\u00e4. Vieno tyytyv\u00e4inen viheltely vain kuului keitti\u00f6ss\u00e4 kun mies ahkeroi uuden aarteensa kanssa.<\/p>\n<p>Nyt kokoelma karttui valkoisella vastaavalla kalalaudalla!<\/p>\n<p>&nbsp;<\/p>\n<figure id=\"attachment_5087\" aria-describedby=\"caption-attachment-5087\" style=\"width: 500px\" class=\"wp-caption aligncenter\"><a href=\"http:\/\/kinanen.fi\/wordpress\/wp-content\/uploads\/2012\/07\/kalalauta.jpg\"><img fetchpriority=\"high\" decoding=\"async\" class=\" wp-image-5087\" title=\"kalalauta\" src=\"http:\/\/kinanen.fi\/wordpress\/wp-content\/uploads\/2012\/07\/kalalauta.jpg\" alt=\"\" width=\"500\" height=\"333\" \/><\/a><figcaption id=\"caption-attachment-5087\" class=\"wp-caption-text\">Keitti\u00f6ss\u00e4 tapahtuu<\/figcaption><\/figure>\n<p>&nbsp;<\/p>\n<p>Keitti\u00f6ss\u00e4 onkin hommat k\u00e4ynniss\u00e4. N\u00e4ytt\u00e4\u00e4 olevan puutarhan antimia ainakin&#8230; (<a href=\"http:\/\/jatanukkekodinruokia.vuodatus.net\/\" target=\"_blank\">Valtaosa Jatan k\u00e4sialaa<\/a>) Mit\u00e4h\u00e4n Eevert mahtaa valmistella keitti\u00f6ss\u00e4\u00e4n?<\/p>\n<p>Katsotaampa lautaa hieman l\u00e4hemp\u00e4\u00e4.<\/p>\n<figure id=\"attachment_5088\" aria-describedby=\"caption-attachment-5088\" style=\"width: 500px\" class=\"wp-caption aligncenter\"><a href=\"http:\/\/kinanen.fi\/wordpress\/wp-content\/uploads\/2012\/07\/kalalauta2.jpg\"><img decoding=\"async\" class=\" wp-image-5088\" title=\"kalalauta2\" src=\"http:\/\/kinanen.fi\/wordpress\/wp-content\/uploads\/2012\/07\/kalalauta2.jpg\" alt=\"\" width=\"500\" height=\"333\" \/><\/a><figcaption id=\"caption-attachment-5088\" class=\"wp-caption-text\">Valkoinen ihme<\/figcaption><\/figure>\n<p>&nbsp;<\/p>\n<p>Melkoisen taitavaa! Kalalaudassa on silm\u00e4n kohdalla reik\u00e4 mist\u00e4 Eevert saa sen keitti\u00f6n sein\u00e4lle roikkumaan silloin kun ei k\u00e4yt\u00e4. <a href=\"http:\/\/askartelumassat.blogspot.fi\/2011\/08\/kutistemuovin-kayttoohje.html\" target=\"_blank\">Kutistemuoviasioissa<\/a> Eija on saanut korkeimman arvosanan jo ajat sitten \ud83d\ude42<\/p>\n<p>&nbsp;<\/p>\n<p>Eevertin reissuitakin l\u00f6ytyi jotakin tuliaista. Melko v\u00e4h\u00e4n t\u00e4ll\u00e4 kertaa sill\u00e4 emme kierrelleet asutuskeskuksia ja kauppoja kovinkaan paljon.<\/p>\n<p><a href=\"http:\/\/www.mariawaldrast.eu\/\" target=\"_blank\">Maria Valdrast<\/a>in luostarikaupasta Suntiolle l\u00f6ytyi tuliaisina kappeliin sijoitettava madonna. Suntio myh\u00e4ili tyytyv\u00e4isen\u00e4 saatuaan taideaarteen k\u00e4siins\u00e4. Eevertin tarinoissa luostariretkeen viitattiin t\u00e4\u00e4ll\u00e4 <a href=\"http:\/\/kinanen.fi\/wordpress\/?p=4987\" target=\"_blank\">KLIK<\/a>.<\/p>\n<p>&nbsp;<\/p>\n<figure id=\"attachment_5089\" aria-describedby=\"caption-attachment-5089\" style=\"width: 501px\" class=\"wp-caption aligncenter\"><a href=\"http:\/\/kinanen.fi\/wordpress\/wp-content\/uploads\/2012\/07\/madonna.jpg\"><img decoding=\"async\" class=\" wp-image-5089\" title=\"madonna\" src=\"http:\/\/kinanen.fi\/wordpress\/wp-content\/uploads\/2012\/07\/madonna.jpg\" alt=\"\" width=\"501\" height=\"334\" \/><\/a><figcaption id=\"caption-attachment-5089\" class=\"wp-caption-text\">Suntio ja madonna<\/figcaption><\/figure>\n<p>&nbsp;<\/p>\n<p>Suntiota on muuten ep\u00e4ilty silm\u00e4lasien ilmestymisen j\u00e4lkeen Speden tai Juicen l\u00e4hisukulaiseksi. Kumpaahan tuo lie&#8230;. Suntio on ollut melko vaitonainen taustoistaan.<\/p>\n<p>Mainiot VaiMicc\u00e4-silmalasit Eijan k\u00e4sialaa.<\/p>\n<p>&nbsp;<\/p>\n<p>&nbsp;<\/p>\n<p>&nbsp;<\/p>\n<p>&nbsp;<\/p>\n","protected":false},"excerpt":{"rendered":"<p>Eevert vastaanotti kes\u00e4n aikana toisenkin yll\u00e4tt\u00e4v\u00e4n postil\u00e4hetyksen Eijalta. Silloin piti jo huokailla hurjasti ja tasaannuttaa sykett\u00e4 aikansa ennenkuin tokeni. Aikaisemmin Eevert oli saanut lahjaksi mustan kalalaudan jolle mies keksi heti k\u00e4ytt\u00f6\u00e4. Vieno tyytyv\u00e4inen viheltely vain kuului keitti\u00f6ss\u00e4 kun mies ahkeroi uuden aarteensa kanssa. Nyt kokoelma karttui valkoisella vastaavalla kalalaudalla! &nbsp; &nbsp; Keitti\u00f6ss\u00e4 onkin hommat k\u00e4ynniss\u00e4. [&hellip;]<\/p>\n","protected":false},"author":1,"featured_media":0,"comment_status":"open","ping_status":"open","sticky":false,"template":"","format":"standard","meta":{"footnotes":""},"categories":[],"tags":[],"class_list":["post-5086","post","type-post","status-publish","format-standard","hentry"],"_links":{"self":[{"href":"https:\/\/www.kinanen.fi\/nukkekoti\/wp-json\/wp\/v2\/posts\/5086","targetHints":{"allow":["GET"]}}],"collection":[{"href":"https:\/\/www.kinanen.fi\/nukkekoti\/wp-json\/wp\/v2\/posts"}],"about":[{"href":"https:\/\/www.kinanen.fi\/nukkekoti\/wp-json\/wp\/v2\/types\/post"}],"author":[{"embeddable":true,"href":"https:\/\/www.kinanen.fi\/nukkekoti\/wp-json\/wp\/v2\/users\/1"}],"replies":[{"embeddable":true,"href":"https:\/\/www.kinanen.fi\/nukkekoti\/wp-json\/wp\/v2\/comments?post=5086"}],"version-history":[{"count":5,"href":"https:\/\/www.kinanen.fi\/nukkekoti\/wp-json\/wp\/v2\/posts\/5086\/revisions"}],"predecessor-version":[{"id":5094,"href":"https:\/\/www.kinanen.fi\/nukkekoti\/wp-json\/wp\/v2\/posts\/5086\/revisions\/5094"}],"wp:attachment":[{"href":"https:\/\/www.kinanen.fi\/nukkekoti\/wp-json\/wp\/v2\/media?parent=5086"}],"wp:term":[{"taxonomy":"category","embeddable":true,"href":"https:\/\/www.kinanen.fi\/nukkekoti\/wp-json\/wp\/v2\/categories?post=5086"},{"taxonomy":"post_tag","embeddable":true,"href":"https:\/\/www.kinanen.fi\/nukkekoti\/wp-json\/wp\/v2\/tags?post=5086"}],"curies":[{"name":"wp","href":"https:\/\/api.w.org\/{rel}","templated":true}]}}