{"id":5140,"date":"2012-08-04T14:23:36","date_gmt":"2012-08-04T11:23:36","guid":{"rendered":"http:\/\/kinanen.fi\/wordpress\/?p=5140"},"modified":"2012-08-05T12:05:16","modified_gmt":"2012-08-05T09:05:16","slug":"suvipaiva-kappelilla","status":"publish","type":"post","link":"https:\/\/www.kinanen.fi\/nukkekoti\/suvipaiva-kappelilla\/","title":{"rendered":"Suvip\u00e4iv\u00e4 kappelilla"},"content":{"rendered":"<p>Aurinko pilkisteli iloisena taivaalta, ilma oli leppe\u00e4n l\u00e4mmin ja aikaa riitt\u00e4miin. Niinp\u00e4 Eevert l\u00e4hti kirja kanalossaan kappelille katsomaan kuinka siell\u00e4 ty\u00f6t olivat edistyneet. Ty\u00f6miehet olivat pakanneet t\u00e4lt\u00e4 viikolta tavaransa ja l\u00e4hteneet viikonlopun viettoon.<\/p>\n<p>Pieni kappeli oli rauhallinen ja hiljainen. Ulkoa kantautui sis\u00e4lle kaunista<a href=\"http:\/\/www.youtube.com\/watch?v=ytD1AgZmqrs&amp;feature=related\" target=\"_blank\"> linnunlaulua<\/a>. Hyv\u00e4 oli hetki istahtaa ja vain olla.\u00a0 Aurinko siivil\u00f6ityi ikkunoiden l\u00e4pi luoden oman tunnelmansa pieneen kappeliin.<\/p>\n<p>&nbsp;<\/p>\n<figure id=\"attachment_5141\" aria-describedby=\"caption-attachment-5141\" style=\"width: 465px\" class=\"wp-caption aligncenter\"><a href=\"http:\/\/kinanen.fi\/wordpress\/wp-content\/uploads\/2012\/08\/penkit15.jpg\"><img fetchpriority=\"high\" decoding=\"async\" class=\" wp-image-5141\" title=\"penkit15\" src=\"http:\/\/kinanen.fi\/wordpress\/wp-content\/uploads\/2012\/08\/penkit15.jpg\" alt=\"\" width=\"465\" height=\"696\" \/><\/a><figcaption id=\"caption-attachment-5141\" class=\"wp-caption-text\">Alttarin uusi ilme<\/figcaption><\/figure>\n<p>&nbsp;<\/p>\n<p>Uusittujen penkkien lis\u00e4ksi my\u00f6s alttari oli saanut uuden ilmeen. Ristikin on vaihtunut uuteen. Pienen\u00a0Agnus Dei- ristin Siippa toi Roomasta alkukes\u00e4st\u00e4 tuliaisina. Kirkollisissa vertauskuvissa Jeesusta kuvaa karitsa, joka\u00a0kantaa voitonlippua.\u00a0Kristus voitti kuoleman. Sakaroissa on lis\u00e4ksi tutut symbolit Alfa&amp;Omega sek\u00e4 kalat ja ylimp\u00e4n\u00e4 kyyhkynen joka kuvaa Pyh\u00e4\u00e4 Henke\u00e4. Paljon onkin saatu pieneen kokoon!<\/p>\n<p>Risti oli kaulariipus josta hioskelin lenkin yl\u00e4osasta pois. Pystytys olikin sitten toinen juttu. Lopulta se p\u00e4\u00e4tyi ruuvin kantaan. Risti\u00e4 piti ohentaa hiomalla aika paljon ett\u00e4 se mahtui loveen. Liimaa per\u00e4\u00e4n ja rutosti uskoa kehiin. Kyll\u00e4 se j\u00e4i pystyyn. Itse ruuvi on olemassa ja laitettu p\u00f6yt\u00e4levyn l\u00e4pi. Pysyy paremmin pystyss\u00e4. Ristill\u00e4 on korkeutta 2,5cm.<\/p>\n<p>Alttariliina on <a href=\"http:\/\/eijulista.blogspot.fi\/\" target=\"_blank\">Eijalta<\/a> ja kukat <a href=\"http:\/\/nilikentanminit.vuodatus.net\/\" target=\"_blank\">Ainolta<\/a>.<\/p>\n<p>&nbsp;<\/p>\n<figure id=\"attachment_5142\" aria-describedby=\"caption-attachment-5142\" style=\"width: 463px\" class=\"wp-caption aligncenter\"><a href=\"http:\/\/kinanen.fi\/wordpress\/wp-content\/uploads\/2012\/08\/penkit17.jpg\"><img decoding=\"async\" class=\" wp-image-5142\" title=\"penkit17\" src=\"http:\/\/kinanen.fi\/wordpress\/wp-content\/uploads\/2012\/08\/penkit17.jpg\" alt=\"\" width=\"463\" height=\"708\" \/><\/a><figcaption id=\"caption-attachment-5142\" class=\"wp-caption-text\">Madonna Maria Waldrast luostarista<\/figcaption><\/figure>\n<p>&nbsp;<\/p>\n<p>Madonnakin p\u00e4\u00e4si paikoilleen ikkunoiden v\u00e4liin. Madonna tarttui matkaan <a href=\"http:\/\/www.mariawaldrast.eu\/html\/kraft_aus_der_stille.html\" target=\"_blank\">Maria Waldrast<\/a> luostarin myym\u00e4l\u00e4st\u00e4. T\u00e4m\u00e4 madonna edustaa katolista kirkkoa kaikissa muodoissaan. Eevertin kappeli on hyvin avarakatseinen mit\u00e4 eri uskonsuuntauksiin tulee. Ja senh\u00e4n toki monet vakituiset k\u00e4vij\u00e4t jo tiet\u00e4v\u00e4tkin.<\/p>\n<p>Pikkuinen patsas oli ainoa minitavara joka p\u00e4\u00e4tyi reissulta kotiin saakka. Lis\u00e4ksi tuli tietenkin paljon kive\u00e4 ja sen sellaista jota joskus ehk\u00e4 voi tarvita.<\/p>\n<p>&nbsp;<\/p>\n<figure id=\"attachment_5143\" aria-describedby=\"caption-attachment-5143\" style=\"width: 464px\" class=\"wp-caption aligncenter\"><a href=\"http:\/\/kinanen.fi\/wordpress\/wp-content\/uploads\/2012\/08\/penkit18.jpg\"><img decoding=\"async\" class=\" wp-image-5143\" title=\"penkit18\" src=\"http:\/\/kinanen.fi\/wordpress\/wp-content\/uploads\/2012\/08\/penkit18.jpg\" alt=\"\" width=\"464\" height=\"587\" \/><\/a><figcaption id=\"caption-attachment-5143\" class=\"wp-caption-text\">Sein\u00e4koriste sivusuunnasta<\/figcaption><\/figure>\n<p>&nbsp;<\/p>\n<p>Madonnan jalustaksi p\u00e4\u00e4tyi hyllynkannatin josta sahailin sen sein\u00e4\u00e4n menev\u00e4n tapin pois ja liimasin paikoilleen.<\/p>\n<p>&nbsp;<\/p>\n<p><span style=\"color: #ff9900;\">(Seuraavaksi hommaksi varmaan ikkunat uusiksi. T\u00e4m\u00e4 se on hauska ty\u00f6 kun ei ole viel\u00e4 l\u00e4hesk\u00e4\u00e4n valmis ja jo tehd\u00e4\u00e4n remonttia \ud83d\ude09 Tulee mieleen jonkun Iisakin rakentama kirkko jossakin toisessa kyl\u00e4ss\u00e4.)<\/span><\/p>\n<p>&nbsp;<\/p>\n<figure id=\"attachment_5161\" aria-describedby=\"caption-attachment-5161\" style=\"width: 500px\" class=\"wp-caption aligncenter\"><a href=\"http:\/\/kinanen.fi\/wordpress\/wp-content\/uploads\/2012\/08\/eevertinkappeli_laaja2.jpg\"><img loading=\"lazy\" decoding=\"async\" class=\"size-full wp-image-5161\" title=\"eevertinkappeli_laaja\" src=\"http:\/\/kinanen.fi\/wordpress\/wp-content\/uploads\/2012\/08\/eevertinkappeli_laaja2.jpg\" alt=\"\" width=\"500\" height=\"750\" \/><\/a><figcaption id=\"caption-attachment-5161\" class=\"wp-caption-text\">Siipan ottama sis\u00e4kuva<\/figcaption><\/figure>\n<p>&nbsp;<\/p>\n<p>Eevert sytytti kynttil\u00e4t ja istahti hyv\u00e4ksi toviksi linnunlaulun ja tuulenhuminan keskelle.\u00a0 Pieni hetki luonnonmukaista meditointia!<\/p>\n<p>Aikansa lintuja kuunneltuaan h\u00e4n avasi kirjansa, jonka oli poiminut mukaansa. Kirja oli Eino Leinon &#8211; tuon taitavan runoilijan kyn\u00e4st\u00e4 l\u00e4htenyt hengen tuote. Kirja avautui kuin itsest\u00e4\u00e4n kohdasta, jota Eevert ja h\u00e4nt\u00e4 edelt\u00e4neet lukijat olivat usein lukeneet ja j\u00e4tt\u00e4neet n\u00e4in merkin kirjan lehdille.<\/p>\n<p>&nbsp;<\/p>\n<h3 align=\"center\"><big>Nocturne<\/big><\/h3>\n<p align=\"center\">Ruislinnun laulu korvissani<\/p>\n<p align=\"center\">t\u00e4hk\u00e4p\u00e4iden p\u00e4\u00e4ll\u00e4 t\u00e4ysi kuu;<\/p>\n<p align=\"center\">kes\u00e4-y\u00f6n on onni omanani,<\/p>\n<p align=\"center\">kaskisavuun laaksot verhouu.<\/p>\n<p align=\"center\">En ma iloitse, en sure, huokaa;<\/p>\n<p align=\"center\">mutta mets\u00e4n tummuus mulle tuokaa,<\/p>\n<p align=\"center\">puunto pilven, johon p\u00e4iv\u00e4 hukkuu,<\/p>\n<p align=\"center\">siinto vaaran tuulisen, mi nukkuu,<\/p>\n<p align=\"center\">tuoksut vanamon ja varjot veen;<\/p>\n<p align=\"center\">niist\u00e4 syd\u00e4meni laulun teen.<\/p>\n<p align=\"center\">Sulle laulan neiti, kes\u00e4hein\u00e4,<\/p>\n<p align=\"center\">syd\u00e4meni suuri hiljaisuus,<\/p>\n<p align=\"center\">uskontoni, soipa s\u00e4velein\u00e4,<\/p>\n<p align=\"center\">tammenlehv\u00e4-seppel vehryt, uus.<\/p>\n<p align=\"center\">En ma en\u00e4\u00e4 aja virvatulta,<\/p>\n<p align=\"center\">onpa k\u00e4dess\u00e4ni onnen kulta;<\/p>\n<p align=\"center\">pienentyy mun ymp\u00e4r&#8217; elon piiri;<\/p>\n<p align=\"center\">aika seisoo, nukkuu tuuliviiri;<\/p>\n<p align=\"center\">edess\u00e4ni h\u00e4m\u00e4r\u00e4inen tie<\/p>\n<p align=\"center\">tuntemattomahan tupaan vie.<\/p>\n<p align=\"center\">(Eino Leino)<\/p>\n<p>&nbsp;<\/p>\n<p>____________________________________________<\/p>\n<p>Viimeinen kuva Siipan, muut omia.<\/p>\n<p>&nbsp;<\/p>\n<p>Lis\u00e4t\u00e4\u00e4np\u00e4 viel\u00e4 vanhoilla penkeill\u00e4 sis\u00e4kuvaa&#8230;<\/p>\n<p>&nbsp;<\/p>\n<figure id=\"attachment_5155\" aria-describedby=\"caption-attachment-5155\" style=\"width: 478px\" class=\"wp-caption aligncenter\"><a href=\"http:\/\/kinanen.fi\/wordpress\/wp-content\/uploads\/2012\/08\/kappeli35.jpg\"><img loading=\"lazy\" decoding=\"async\" class=\"size-full wp-image-5155\" title=\"kappeli35\" src=\"http:\/\/kinanen.fi\/wordpress\/wp-content\/uploads\/2012\/08\/kappeli35.jpg\" alt=\"\" width=\"478\" height=\"640\" \/><\/a><figcaption id=\"caption-attachment-5155\" class=\"wp-caption-text\">Prototyyppipenkit ja alttarip\u00f6yt\u00e4<\/figcaption><\/figure>\n<p>&nbsp;<\/p>\n<p>&nbsp;<\/p>\n","protected":false},"excerpt":{"rendered":"<p>Aurinko pilkisteli iloisena taivaalta, ilma oli leppe\u00e4n l\u00e4mmin ja aikaa riitt\u00e4miin. Niinp\u00e4 Eevert l\u00e4hti kirja kanalossaan kappelille katsomaan kuinka siell\u00e4 ty\u00f6t olivat edistyneet. Ty\u00f6miehet olivat pakanneet t\u00e4lt\u00e4 viikolta tavaransa ja l\u00e4hteneet viikonlopun viettoon. Pieni kappeli oli rauhallinen ja hiljainen. Ulkoa kantautui sis\u00e4lle kaunista linnunlaulua. Hyv\u00e4 oli hetki istahtaa ja vain olla.\u00a0 Aurinko siivil\u00f6ityi ikkunoiden l\u00e4pi [&hellip;]<\/p>\n","protected":false},"author":1,"featured_media":0,"comment_status":"open","ping_status":"open","sticky":false,"template":"","format":"standard","meta":{"footnotes":""},"categories":[],"tags":[],"class_list":["post-5140","post","type-post","status-publish","format-standard","hentry"],"_links":{"self":[{"href":"https:\/\/www.kinanen.fi\/nukkekoti\/wp-json\/wp\/v2\/posts\/5140","targetHints":{"allow":["GET"]}}],"collection":[{"href":"https:\/\/www.kinanen.fi\/nukkekoti\/wp-json\/wp\/v2\/posts"}],"about":[{"href":"https:\/\/www.kinanen.fi\/nukkekoti\/wp-json\/wp\/v2\/types\/post"}],"author":[{"embeddable":true,"href":"https:\/\/www.kinanen.fi\/nukkekoti\/wp-json\/wp\/v2\/users\/1"}],"replies":[{"embeddable":true,"href":"https:\/\/www.kinanen.fi\/nukkekoti\/wp-json\/wp\/v2\/comments?post=5140"}],"version-history":[{"count":27,"href":"https:\/\/www.kinanen.fi\/nukkekoti\/wp-json\/wp\/v2\/posts\/5140\/revisions"}],"predecessor-version":[{"id":5147,"href":"https:\/\/www.kinanen.fi\/nukkekoti\/wp-json\/wp\/v2\/posts\/5140\/revisions\/5147"}],"wp:attachment":[{"href":"https:\/\/www.kinanen.fi\/nukkekoti\/wp-json\/wp\/v2\/media?parent=5140"}],"wp:term":[{"taxonomy":"category","embeddable":true,"href":"https:\/\/www.kinanen.fi\/nukkekoti\/wp-json\/wp\/v2\/categories?post=5140"},{"taxonomy":"post_tag","embeddable":true,"href":"https:\/\/www.kinanen.fi\/nukkekoti\/wp-json\/wp\/v2\/tags?post=5140"}],"curies":[{"name":"wp","href":"https:\/\/api.w.org\/{rel}","templated":true}]}}