{"id":5175,"date":"2012-08-06T18:59:43","date_gmt":"2012-08-06T15:59:43","guid":{"rendered":"http:\/\/kinanen.fi\/wordpress\/?p=5175"},"modified":"2014-06-22T11:08:20","modified_gmt":"2014-06-22T08:08:20","slug":"nukkekoti-vainolan-tapaan","status":"publish","type":"post","link":"https:\/\/www.kinanen.fi\/nukkekoti\/nukkekoti-vainolan-tapaan\/","title":{"rendered":"Nukkekoti V\u00e4in\u00f6l\u00e4n tapaan"},"content":{"rendered":"<p>T\u00e4n\u00e4\u00e4n se saapui!<\/p>\n<p>Nukkekotikirja jota alunperin haaveilin vaikkapa joululahjaksi, mutta en sitten malttanut odotella niin kauan \ud83d\ude00 Monessa blogissa oli kirjaa jo k\u00e4sitelty joten olihan se tilattava mit\u00e4 pikimmin.<\/p>\n<p>&nbsp;<\/p>\n<figure id=\"attachment_5176\" aria-describedby=\"caption-attachment-5176\" style=\"width: 477px\" class=\"wp-caption aligncenter\"><a href=\"http:\/\/kinanen.fi\/wordpress\/wp-content\/uploads\/2012\/08\/Vainolan-tapaan.jpg\"><img fetchpriority=\"high\" decoding=\"async\" class=\"size-full wp-image-5176\" title=\"Va\u0308ino\u0308la\u0308n tapaan\" src=\"http:\/\/kinanen.fi\/wordpress\/wp-content\/uploads\/2012\/08\/Vainolan-tapaan.jpg\" alt=\"\" width=\"477\" height=\"640\" \/><\/a><figcaption id=\"caption-attachment-5176\" class=\"wp-caption-text\">Nukkekoti V\u00e4in\u00f6l\u00e4n tapaan<\/figcaption><\/figure>\n<p>&nbsp;<\/p>\n<p>Kirjassa riitt\u00e4\u00e4 tutkimista pitk\u00e4ksi aikaa.<\/p>\n<p>Eevertin talon kalusteissa on ollut valmistuslistalla pitk\u00e4\u00e4n pari nojatuolia. Kankaat ja kaikki ovat olleet valmiina jo kauan. Itse ty\u00f6 on odotuttanut itse\u00e4\u00e4n. Suunnitelmissa on ollut Pormestarintuolit. Vanhoja kalusteita olen tutkinut ja miettinyt rakennetta jne. Kaavoja en ole saanut aikaiseksi piirrell\u00e4. Lopun kes\u00e4loman ajankuluksi olin ty\u00f6n aloittamista kaavaillut.<\/p>\n<p>Ja kuinka ollakaan ensimm\u00e4inen aukeama joka Marian upeasta kirjasta avautui sis\u00e4lsi ohjeet tuon haaveillun tuolimallin kaavoista!<\/p>\n<p>L\u00e4mmin kiitos Marialle kirjan tekemisest\u00e4 ja V\u00e4in\u00f6l\u00e4n avaamisesta ohjeineen p\u00e4ivineen!<\/p>\n<p>&nbsp;<\/p>\n","protected":false},"excerpt":{"rendered":"<p>T\u00e4n\u00e4\u00e4n se saapui! Nukkekotikirja jota alunperin haaveilin vaikkapa joululahjaksi, mutta en sitten malttanut odotella niin kauan \ud83d\ude00 Monessa blogissa oli kirjaa jo k\u00e4sitelty joten olihan se tilattava mit\u00e4 pikimmin. &nbsp; &nbsp; Kirjassa riitt\u00e4\u00e4 tutkimista pitk\u00e4ksi aikaa. Eevertin talon kalusteissa on ollut valmistuslistalla pitk\u00e4\u00e4n pari nojatuolia. Kankaat ja kaikki ovat olleet valmiina jo kauan. Itse ty\u00f6 [&hellip;]<\/p>\n","protected":false},"author":1,"featured_media":0,"comment_status":"open","ping_status":"open","sticky":false,"template":"","format":"standard","meta":{"footnotes":""},"categories":[],"tags":[],"class_list":["post-5175","post","type-post","status-publish","format-standard","hentry"],"_links":{"self":[{"href":"https:\/\/www.kinanen.fi\/nukkekoti\/wp-json\/wp\/v2\/posts\/5175","targetHints":{"allow":["GET"]}}],"collection":[{"href":"https:\/\/www.kinanen.fi\/nukkekoti\/wp-json\/wp\/v2\/posts"}],"about":[{"href":"https:\/\/www.kinanen.fi\/nukkekoti\/wp-json\/wp\/v2\/types\/post"}],"author":[{"embeddable":true,"href":"https:\/\/www.kinanen.fi\/nukkekoti\/wp-json\/wp\/v2\/users\/1"}],"replies":[{"embeddable":true,"href":"https:\/\/www.kinanen.fi\/nukkekoti\/wp-json\/wp\/v2\/comments?post=5175"}],"version-history":[{"count":2,"href":"https:\/\/www.kinanen.fi\/nukkekoti\/wp-json\/wp\/v2\/posts\/5175\/revisions"}],"predecessor-version":[{"id":7692,"href":"https:\/\/www.kinanen.fi\/nukkekoti\/wp-json\/wp\/v2\/posts\/5175\/revisions\/7692"}],"wp:attachment":[{"href":"https:\/\/www.kinanen.fi\/nukkekoti\/wp-json\/wp\/v2\/media?parent=5175"}],"wp:term":[{"taxonomy":"category","embeddable":true,"href":"https:\/\/www.kinanen.fi\/nukkekoti\/wp-json\/wp\/v2\/categories?post=5175"},{"taxonomy":"post_tag","embeddable":true,"href":"https:\/\/www.kinanen.fi\/nukkekoti\/wp-json\/wp\/v2\/tags?post=5175"}],"curies":[{"name":"wp","href":"https:\/\/api.w.org\/{rel}","templated":true}]}}