{"id":5180,"date":"2012-08-09T11:02:50","date_gmt":"2012-08-09T08:02:50","guid":{"rendered":"http:\/\/kinanen.fi\/wordpress\/?p=5180"},"modified":"2012-08-09T16:03:57","modified_gmt":"2012-08-09T13:03:57","slug":"uusi-kalusto","status":"publish","type":"post","link":"https:\/\/www.kinanen.fi\/nukkekoti\/uusi-kalusto\/","title":{"rendered":"Uusi kalusto"},"content":{"rendered":"<p>Ooooh, huudahtelee Eevert avatessaan huonekaluliikkeen paketteja. Pitk\u00e4\u00e4n odotetut ja kaivatut olohuoneen tuolit ovat viimeinkin p\u00e4\u00e4sseet Taavitsaisen taloon saakka. Kyll\u00e4 se on kest\u00e4nytkin, vaikka tilaus on laitettu jo aikap\u00e4ivi\u00e4 sitten eteenp\u00e4in.<\/p>\n<p>Paketista paljastuu kaksi Pormestarintuolia.<\/p>\n<p>&nbsp;<\/p>\n<figure id=\"attachment_5181\" aria-describedby=\"caption-attachment-5181\" style=\"width: 499px\" class=\"wp-caption aligncenter\"><a href=\"http:\/\/kinanen.fi\/wordpress\/wp-content\/uploads\/2012\/08\/Pormestari.jpg\"><img fetchpriority=\"high\" decoding=\"async\" class=\" wp-image-5181\" title=\"Pormestari\" src=\"http:\/\/kinanen.fi\/wordpress\/wp-content\/uploads\/2012\/08\/Pormestari.jpg\" alt=\"\" width=\"499\" height=\"593\" \/><\/a><figcaption id=\"caption-attachment-5181\" class=\"wp-caption-text\">Vasta valmistunut tuolipari<\/figcaption><\/figure>\n<p>&nbsp;<\/p>\n<p>Eevert ei kovin kauan malttanut pihalla tuolejaan tarkastella. Yl\u00f6sh\u00e4n ne oli kiikutettava mit\u00e4 pikimmin. Ja hyvin sopivat takan edustalle. T\u00e4ss\u00e4 sit\u00e4 olisi syksyn pimein\u00e4 mit\u00e4 herttaisinta lukea hyv\u00e4\u00e4 kirjaa ja nautiskella pehmoisesta tuolista.<\/p>\n<p>&nbsp;<\/p>\n<figure id=\"attachment_5182\" aria-describedby=\"caption-attachment-5182\" style=\"width: 501px\" class=\"wp-caption aligncenter\"><a href=\"http:\/\/kinanen.fi\/wordpress\/wp-content\/uploads\/2012\/08\/Pormestari2.jpg\"><img decoding=\"async\" class=\" wp-image-5182\" title=\"Pormestari2\" src=\"http:\/\/kinanen.fi\/wordpress\/wp-content\/uploads\/2012\/08\/Pormestari2.jpg\" alt=\"\" width=\"501\" height=\"379\" \/><\/a><figcaption id=\"caption-attachment-5182\" class=\"wp-caption-text\">Tuolit paikoilleen<\/figcaption><\/figure>\n<p>&nbsp;<\/p>\n<p>Tuolien valmistus l\u00e4hti oikop\u00e4\u00e4t\u00e4 vastaanotettuani <a href=\"http:\/\/nukketalo.org\/\" target=\"_blank\">Marian tuoreen kirjan<\/a>. Suunnitelmissa on ollut juurikin tuon tuolin saaminen taloon omin k\u00e4sin tehden. Projekti on viiv\u00e4stynyt milloin mist\u00e4kin syyst\u00e4. Varmaan suurin syy on ollut kaavojen puute. Marian kirjassa Nukkekoti V\u00e4in\u00f6l\u00e4n tapaan oli ohjeet ja vaihekuvat sen verta houkuttelevasti esill\u00e4, ett\u00e4 toimeen oli tartuttava heti. Materiaalit tuolia varten olivat olleet jo aikap\u00e4ivi\u00e4 sitten valmiina.<\/p>\n<p>Kiitos Maria!<\/p>\n<p>&nbsp;<\/p>\n<figure id=\"attachment_5183\" aria-describedby=\"caption-attachment-5183\" style=\"width: 500px\" class=\"wp-caption aligncenter\"><a href=\"http:\/\/kinanen.fi\/wordpress\/wp-content\/uploads\/2012\/08\/Pormestari3.jpg\"><img decoding=\"async\" class=\" wp-image-5183\" title=\"Pormestari3\" src=\"http:\/\/kinanen.fi\/wordpress\/wp-content\/uploads\/2012\/08\/Pormestari3.jpg\" alt=\"\" width=\"500\" height=\"338\" \/><\/a><figcaption id=\"caption-attachment-5183\" class=\"wp-caption-text\">Olohuoneen nurkkaa laajemmin<\/figcaption><\/figure>\n<p>&nbsp;<\/p>\n<p>Kolme p\u00e4iv\u00e4\u00e4 meni kahden tuolin rakentamiseen minulta. Muutamia kohtia tein uusiksi joko omaa h\u00f6lm\u00f6ytt\u00e4ni (esimerkiksi ett\u00e4 kun kankaaseen siirt\u00e4\u00e4 k\u00e4sinojien kaavoja, niin kannattaa kaava tai kangas k\u00e4\u00e4nt\u00e4\u00e4 v\u00e4lill\u00e4 toisinp\u00e4in. Molempia ei kannata tehd\u00e4- ainakaan yht\u00e4aikaa, sill\u00e4 siten saa vain tuhottoman m\u00e4\u00e4r\u00e4n samaa kaavanosaa :D) tai sitten vaan tumpulasormisuuttani.<\/p>\n<p>Yll\u00e4tt\u00e4en istuintyynyn tekeminen oli hankalin kohta ja siin\u00e4 s\u00e4veltelinkin lopussa omiani kun kangas ei vain taipunut niinkuin mallikuvassa kauniisti teki. J\u00e4tin ne viel\u00e4 kiinnitt\u00e4m\u00e4tt\u00e4, jos vaikka viel\u00e4 kertaalleen kokeilisin. Tuoleissa ei my\u00f6sk\u00e4\u00e4n ole viel\u00e4 jalkoja, kun oli niin kiire mallailemaan paikoilleen. Mutta liimat on kuivuneet. Kuivaa pikaliimaa on lis\u00e4ksi varmaan jokaisessa sormessani puusomisteiden liimauksen j\u00e4ljilt\u00e4.<\/p>\n<p>Ja kyll\u00e4, olen tyytyv\u00e4inen lopputulokseen, vaikka joka sauma ei kymppi\u00e4 saisikaan.<\/p>\n<p>&nbsp;<\/p>\n<p>Ja nyt sitten sormet syyhy\u00e4v\u00e4t jatkoon&#8230;.<\/p>\n<p>&nbsp;<\/p>\n<p>&nbsp;<\/p>\n","protected":false},"excerpt":{"rendered":"<p>Ooooh, huudahtelee Eevert avatessaan huonekaluliikkeen paketteja. Pitk\u00e4\u00e4n odotetut ja kaivatut olohuoneen tuolit ovat viimeinkin p\u00e4\u00e4sseet Taavitsaisen taloon saakka. Kyll\u00e4 se on kest\u00e4nytkin, vaikka tilaus on laitettu jo aikap\u00e4ivi\u00e4 sitten eteenp\u00e4in. Paketista paljastuu kaksi Pormestarintuolia. &nbsp; &nbsp; Eevert ei kovin kauan malttanut pihalla tuolejaan tarkastella. Yl\u00f6sh\u00e4n ne oli kiikutettava mit\u00e4 pikimmin. Ja hyvin sopivat takan edustalle. [&hellip;]<\/p>\n","protected":false},"author":1,"featured_media":0,"comment_status":"open","ping_status":"open","sticky":false,"template":"","format":"standard","meta":{"footnotes":""},"categories":[],"tags":[],"class_list":["post-5180","post","type-post","status-publish","format-standard","hentry"],"_links":{"self":[{"href":"https:\/\/www.kinanen.fi\/nukkekoti\/wp-json\/wp\/v2\/posts\/5180","targetHints":{"allow":["GET"]}}],"collection":[{"href":"https:\/\/www.kinanen.fi\/nukkekoti\/wp-json\/wp\/v2\/posts"}],"about":[{"href":"https:\/\/www.kinanen.fi\/nukkekoti\/wp-json\/wp\/v2\/types\/post"}],"author":[{"embeddable":true,"href":"https:\/\/www.kinanen.fi\/nukkekoti\/wp-json\/wp\/v2\/users\/1"}],"replies":[{"embeddable":true,"href":"https:\/\/www.kinanen.fi\/nukkekoti\/wp-json\/wp\/v2\/comments?post=5180"}],"version-history":[{"count":6,"href":"https:\/\/www.kinanen.fi\/nukkekoti\/wp-json\/wp\/v2\/posts\/5180\/revisions"}],"predecessor-version":[{"id":5189,"href":"https:\/\/www.kinanen.fi\/nukkekoti\/wp-json\/wp\/v2\/posts\/5180\/revisions\/5189"}],"wp:attachment":[{"href":"https:\/\/www.kinanen.fi\/nukkekoti\/wp-json\/wp\/v2\/media?parent=5180"}],"wp:term":[{"taxonomy":"category","embeddable":true,"href":"https:\/\/www.kinanen.fi\/nukkekoti\/wp-json\/wp\/v2\/categories?post=5180"},{"taxonomy":"post_tag","embeddable":true,"href":"https:\/\/www.kinanen.fi\/nukkekoti\/wp-json\/wp\/v2\/tags?post=5180"}],"curies":[{"name":"wp","href":"https:\/\/api.w.org\/{rel}","templated":true}]}}