{"id":5244,"date":"2012-09-02T22:48:38","date_gmt":"2012-09-02T19:48:38","guid":{"rendered":"http:\/\/kinanen.fi\/wordpress\/?p=5244"},"modified":"2012-09-02T22:48:58","modified_gmt":"2012-09-02T19:48:58","slug":"fanikortti","status":"publish","type":"post","link":"https:\/\/www.kinanen.fi\/nukkekoti\/fanikortti\/","title":{"rendered":"Fanikortti"},"content":{"rendered":"<p>Oih ja huoh!<\/p>\n<p>Eevert on saanut fanikortin er\u00e4\u00e4lt\u00e4 kaltaiseltaan mielikuvituksen tuottamalta hyv\u00e4ntahtoiselta hahmolta.<\/p>\n<p>Putous-ohjelmasta tuttu, Dragsfj\u00e4rdist\u00e4 kotoisin oleva, viittaan verhoutunut Jani-Petteri taistelee valomiekka tanassa paremman maailman puolesta, naapurin Teroa vastaan. Valomiekka tosin on v\u00e4h\u00e4n risa, haittaakse? Syksyn suuri koko perheen auton\u00e4yttely X-treme Car Show houkutteli Jani-Petterin mukaan menoon t\u00e4n\u00e4\u00e4n.<\/p>\n<p>&nbsp;<\/p>\n<figure id=\"attachment_5245\" aria-describedby=\"caption-attachment-5245\" style=\"width: 456px\" class=\"wp-caption aligncenter\"><a href=\"http:\/\/kinanen.fi\/wordpress\/wp-content\/uploads\/2012\/09\/Jani-Petteri1.jpg\"><img fetchpriority=\"high\" decoding=\"async\" class=\"size-full wp-image-5245\" title=\"Jani-Petteri\" src=\"http:\/\/kinanen.fi\/wordpress\/wp-content\/uploads\/2012\/09\/Jani-Petteri1.jpg\" alt=\"\" width=\"456\" height=\"640\" \/><\/a><figcaption id=\"caption-attachment-5245\" class=\"wp-caption-text\">Fanikuva Jani-Petterilt\u00e4<\/figcaption><\/figure>\n<p>&nbsp;<\/p>\n<p>L\u00e4mmin kiitos Jani-Petteri ja Iina Kuustonen. Seuraavalla kerralla otetaan sitten se kaverikuva.\u00a0 \ud83d\ude42<\/p>\n","protected":false},"excerpt":{"rendered":"<p>Oih ja huoh! Eevert on saanut fanikortin er\u00e4\u00e4lt\u00e4 kaltaiseltaan mielikuvituksen tuottamalta hyv\u00e4ntahtoiselta hahmolta. Putous-ohjelmasta tuttu, Dragsfj\u00e4rdist\u00e4 kotoisin oleva, viittaan verhoutunut Jani-Petteri taistelee valomiekka tanassa paremman maailman puolesta, naapurin Teroa vastaan. Valomiekka tosin on v\u00e4h\u00e4n risa, haittaakse? Syksyn suuri koko perheen auton\u00e4yttely X-treme Car Show houkutteli Jani-Petterin mukaan menoon t\u00e4n\u00e4\u00e4n. &nbsp; &nbsp; L\u00e4mmin kiitos Jani-Petteri ja [&hellip;]<\/p>\n","protected":false},"author":1,"featured_media":0,"comment_status":"open","ping_status":"open","sticky":false,"template":"","format":"standard","meta":{"footnotes":""},"categories":[],"tags":[],"class_list":["post-5244","post","type-post","status-publish","format-standard","hentry"],"_links":{"self":[{"href":"https:\/\/www.kinanen.fi\/nukkekoti\/wp-json\/wp\/v2\/posts\/5244","targetHints":{"allow":["GET"]}}],"collection":[{"href":"https:\/\/www.kinanen.fi\/nukkekoti\/wp-json\/wp\/v2\/posts"}],"about":[{"href":"https:\/\/www.kinanen.fi\/nukkekoti\/wp-json\/wp\/v2\/types\/post"}],"author":[{"embeddable":true,"href":"https:\/\/www.kinanen.fi\/nukkekoti\/wp-json\/wp\/v2\/users\/1"}],"replies":[{"embeddable":true,"href":"https:\/\/www.kinanen.fi\/nukkekoti\/wp-json\/wp\/v2\/comments?post=5244"}],"version-history":[{"count":2,"href":"https:\/\/www.kinanen.fi\/nukkekoti\/wp-json\/wp\/v2\/posts\/5244\/revisions"}],"predecessor-version":[{"id":5247,"href":"https:\/\/www.kinanen.fi\/nukkekoti\/wp-json\/wp\/v2\/posts\/5244\/revisions\/5247"}],"wp:attachment":[{"href":"https:\/\/www.kinanen.fi\/nukkekoti\/wp-json\/wp\/v2\/media?parent=5244"}],"wp:term":[{"taxonomy":"category","embeddable":true,"href":"https:\/\/www.kinanen.fi\/nukkekoti\/wp-json\/wp\/v2\/categories?post=5244"},{"taxonomy":"post_tag","embeddable":true,"href":"https:\/\/www.kinanen.fi\/nukkekoti\/wp-json\/wp\/v2\/tags?post=5244"}],"curies":[{"name":"wp","href":"https:\/\/api.w.org\/{rel}","templated":true}]}}