{"id":5249,"date":"2012-09-09T18:11:04","date_gmt":"2012-09-09T15:11:04","guid":{"rendered":"http:\/\/kinanen.fi\/wordpress\/?p=5249"},"modified":"2012-09-09T18:12:06","modified_gmt":"2012-09-09T15:12:06","slug":"syysretki","status":"publish","type":"post","link":"https:\/\/www.kinanen.fi\/nukkekoti\/syysretki\/","title":{"rendered":"Syysretki"},"content":{"rendered":"<p>Eevertin mieli on vienyt jo monta kertaa mets\u00e4\u00e4n. Syksyisin on kummallinen halu p\u00e4\u00e4st\u00e4 haistelemaan mets\u00e4n tuoksuja. Syksyll\u00e4 ne ovat aivan toisenlaisia kuin kes\u00e4mets\u00e4ss\u00e4 tai kev\u00e4\u00e4ll\u00e4. Jokaisella vuodenajalla on oma ominaistuoksunsa my\u00f6s luonnossa.<\/p>\n<p>Aamulla Eevert pakkasi ev\u00e4\u00e4t reppuunsa ja otti matkaansa kameran sek\u00e4 korin. Eih\u00e4n sit\u00e4 koskaan tied\u00e4 mit\u00e4 ker\u00e4tt\u00e4v\u00e4\u00e4 mets\u00e4st\u00e4 l\u00f6ytyy.<\/p>\n<p>Mets\u00e4retki suuntautui Salmen kartanon maille. Siell\u00e4 on hyvi\u00e4 polkuja ja riitt\u00e4v\u00e4sti koskematonta mets\u00e4\u00e4 ihasteltavaksi.<\/p>\n<p>Sieni\u00e4 tulikin vastaan monenlaisia. Olisikohan t\u00e4m\u00e4 sy\u00f6t\u00e4v\u00e4, vai eik\u00e4 se sittenk\u00e4\u00e4n ollut? Monen sienen kohdalla piti oikein pit\u00e4\u00e4 tuumaustunti.<\/p>\n<figure id=\"attachment_5250\" aria-describedby=\"caption-attachment-5250\" style=\"width: 500px\" class=\"wp-caption aligncenter\"><a href=\"http:\/\/kinanen.fi\/wordpress\/wp-content\/uploads\/2012\/09\/sieni.jpg\"><img fetchpriority=\"high\" decoding=\"async\" class=\" wp-image-5250\" title=\"sieni\" src=\"http:\/\/kinanen.fi\/wordpress\/wp-content\/uploads\/2012\/09\/sieni.jpg\" alt=\"\" width=\"500\" height=\"333\" \/><\/a><figcaption id=\"caption-attachment-5250\" class=\"wp-caption-text\">Mets\u00e4sieni<\/figcaption><\/figure>\n<p>&nbsp;<\/p>\n<p>Ep\u00e4varmoissa tapauksissa Eevert p\u00e4\u00e4tti tallettaa sienet vain kuvina kameraansa. Aina voi ihastella v\u00e4rej\u00e4 ja muotoja vaikka sy\u00f6t\u00e4v\u00e4ksi ei valmistaisikaan.<\/p>\n<p>&nbsp;<\/p>\n<figure id=\"attachment_5251\" aria-describedby=\"caption-attachment-5251\" style=\"width: 500px\" class=\"wp-caption aligncenter\"><a href=\"http:\/\/kinanen.fi\/wordpress\/wp-content\/uploads\/2012\/09\/sieni2.jpg\"><img decoding=\"async\" class=\"size-full wp-image-5251\" title=\"sieni2\" src=\"http:\/\/kinanen.fi\/wordpress\/wp-content\/uploads\/2012\/09\/sieni2.jpg\" alt=\"\" width=\"500\" height=\"333\" \/><\/a><figcaption id=\"caption-attachment-5251\" class=\"wp-caption-text\">K\u00e4rp\u00e4ssieni<\/figcaption><\/figure>\n<p>&nbsp;<\/p>\n<p>Kauniin punaisen sienen mies sent\u00e4\u00e4n tunnisti k\u00e4rp\u00e4ssieneksi. Ihan tuo oli niinkuin aikanaan kansakoulun lukukirjassa piirrettyn\u00e4. Mallikas pikkuyksil\u00f6.<\/p>\n<p>V\u00e4rej\u00e4 Eevert ihasteli hieman joka suuntaa. Keltahaarakas hyp\u00e4hti hienosti esiin syksyiden mets\u00e4n aluskasvillisuudesta.<\/p>\n<p>&nbsp;<\/p>\n<figure id=\"attachment_5252\" aria-describedby=\"caption-attachment-5252\" style=\"width: 427px\" class=\"wp-caption aligncenter\"><a href=\"http:\/\/kinanen.fi\/wordpress\/wp-content\/uploads\/2012\/09\/sieni3.jpg\"><img decoding=\"async\" class=\"size-full wp-image-5252\" title=\"sieni3\" src=\"http:\/\/kinanen.fi\/wordpress\/wp-content\/uploads\/2012\/09\/sieni3.jpg\" alt=\"\" width=\"427\" height=\"640\" \/><\/a><figcaption id=\"caption-attachment-5252\" class=\"wp-caption-text\">Keltainen pikkusieni<\/figcaption><\/figure>\n<p>&nbsp;<\/p>\n<p>Jotakin sent\u00e4\u00e4n tarttui miehen sienikoriinkin. P\u00e4iv\u00e4n mittaan se t\u00e4yttyi mukavasti. Ev\u00e4stauolle p\u00e4\u00e4sty\u00e4 se oli jo pullollaan monenlaista herkkua.<\/p>\n<p>&nbsp;<\/p>\n<figure id=\"attachment_5253\" aria-describedby=\"caption-attachment-5253\" style=\"width: 500px\" class=\"wp-caption aligncenter\"><a href=\"http:\/\/kinanen.fi\/wordpress\/wp-content\/uploads\/2012\/09\/Salmi.jpg\"><img loading=\"lazy\" decoding=\"async\" class=\" wp-image-5253\" title=\"Salmi\" src=\"http:\/\/kinanen.fi\/wordpress\/wp-content\/uploads\/2012\/09\/Salmi.jpg\" alt=\"\" width=\"500\" height=\"333\" \/><\/a><figcaption id=\"caption-attachment-5253\" class=\"wp-caption-text\">V\u00e4h\u00e4-Parikkaan rannalla<\/figcaption><\/figure>\n<p>&nbsp;<\/p>\n<p>Pikkuj\u00e4rven rannalla oli oiva paikka pit\u00e4\u00e4 ruokataukoa. Johan sit\u00e4 mies oli mets\u00e4ss\u00e4 tarponut monta tuntia. Ei ihme ett\u00e4 hieman jo hiukoi&#8230;<\/p>\n<p>Kahvi oli valmista ja kuppinsa kanssa kiirehtiess\u00e4\u00e4n Eevert vahingossa potkaisi sienikorinkin nurin. Sinne meniv\u00e4t pitkin maita koko mahtava saalis.<\/p>\n<p>&nbsp;<\/p>\n<figure id=\"attachment_5254\" aria-describedby=\"caption-attachment-5254\" style=\"width: 501px\" class=\"wp-caption aligncenter\"><a href=\"http:\/\/kinanen.fi\/wordpress\/wp-content\/uploads\/2012\/09\/Salmi2.jpg\"><img loading=\"lazy\" decoding=\"async\" class=\" wp-image-5254\" title=\"Salmi2\" src=\"http:\/\/kinanen.fi\/wordpress\/wp-content\/uploads\/2012\/09\/Salmi2.jpg\" alt=\"\" width=\"501\" height=\"334\" \/><\/a><figcaption id=\"caption-attachment-5254\" class=\"wp-caption-text\">Mukkelimakkelis-sienet<\/figcaption><\/figure>\n<p>&nbsp;<\/p>\n<p>Onneksi eiv\u00e4t ihan pahasti levinneet tai vaurioituneet. Nopsasti vain takaisin koriin ja ev\u00e4stelem\u00e4\u00e4n.<\/p>\n<p>&nbsp;<\/p>\n<figure id=\"attachment_5255\" aria-describedby=\"caption-attachment-5255\" style=\"width: 427px\" class=\"wp-caption aligncenter\"><a href=\"http:\/\/kinanen.fi\/wordpress\/wp-content\/uploads\/2012\/09\/Salmi3.jpg\"><img loading=\"lazy\" decoding=\"async\" class=\"size-full wp-image-5255\" title=\"Salmi3\" src=\"http:\/\/kinanen.fi\/wordpress\/wp-content\/uploads\/2012\/09\/Salmi3.jpg\" alt=\"\" width=\"427\" height=\"640\" \/><\/a><figcaption id=\"caption-attachment-5255\" class=\"wp-caption-text\">Ev\u00e4\u00e4t<\/figcaption><\/figure>\n<p>&nbsp;<\/p>\n<p>Kunnon retkiev\u00e4\u00e4t olikin matkassa. Reilua ruisleip\u00e4\u00e4 voilla p\u00e4\u00e4llystettyn\u00e4 (Jatan herkkuja) ja kahvia. Nuotiomakkaraa hieman lis\u00e4ksi niin hyvin jaksoi taas jatkaa taivalta.<\/p>\n<p>&nbsp;<\/p>\n<figure id=\"attachment_5256\" aria-describedby=\"caption-attachment-5256\" style=\"width: 500px\" class=\"wp-caption aligncenter\"><a href=\"http:\/\/kinanen.fi\/wordpress\/wp-content\/uploads\/2012\/09\/Salmi4.jpg\"><img loading=\"lazy\" decoding=\"async\" class=\" wp-image-5256\" title=\"Salmi4\" src=\"http:\/\/kinanen.fi\/wordpress\/wp-content\/uploads\/2012\/09\/Salmi4.jpg\" alt=\"\" width=\"500\" height=\"333\" \/><\/a><figcaption id=\"caption-attachment-5256\" class=\"wp-caption-text\">Naavaa?<\/figcaption><\/figure>\n<p>&nbsp;<\/p>\n<p>Puhdas ja hyvin voiva mets\u00e4, myh\u00e4ili Eevert tarkastellessaan kasvustoja. Naavaa ja j\u00e4k\u00e4li\u00e4 eri muodoissaan oli runsaasti puiden ja kivien pinnoilla. Oikein hyv\u00e4lt\u00e4 n\u00e4ytt\u00e4\u00e4&#8230;.<\/p>\n<p>&nbsp;<\/p>\n<figure id=\"attachment_5257\" aria-describedby=\"caption-attachment-5257\" style=\"width: 501px\" class=\"wp-caption aligncenter\"><a href=\"http:\/\/kinanen.fi\/wordpress\/wp-content\/uploads\/2012\/09\/Salmi5.jpg\"><img loading=\"lazy\" decoding=\"async\" class=\" wp-image-5257\" title=\"Salmi5\" src=\"http:\/\/kinanen.fi\/wordpress\/wp-content\/uploads\/2012\/09\/Salmi5.jpg\" alt=\"\" width=\"501\" height=\"334\" \/><\/a><figcaption id=\"caption-attachment-5257\" class=\"wp-caption-text\">P\u00f6rri\u00e4inen kukassa<\/figcaption><\/figure>\n<p>&nbsp;<\/p>\n<p>Viel\u00e4 oli pikku hy\u00f6nteisill\u00e4kin kiire ker\u00e4t\u00e4 viimeiset medet talteen. Kuuleman mukaan yhdell\u00e4 t\u00e4ydell\u00e4 massulla kimalainen lent\u00e4\u00e4 40 min. Toivottavasti eiv\u00e4t kovin kauas pes\u00e4st\u00e4 l\u00e4hde medenkeruu matkalle, ett\u00e4 jotakin riitt\u00e4\u00e4 pes\u00e4nkin tarpeisiin.<\/p>\n<p>Sellainen retkip\u00e4iv\u00e4 t\u00e4n\u00e4\u00e4n.<\/p>\n<p>&nbsp;<\/p>\n","protected":false},"excerpt":{"rendered":"<p>Eevertin mieli on vienyt jo monta kertaa mets\u00e4\u00e4n. Syksyisin on kummallinen halu p\u00e4\u00e4st\u00e4 haistelemaan mets\u00e4n tuoksuja. Syksyll\u00e4 ne ovat aivan toisenlaisia kuin kes\u00e4mets\u00e4ss\u00e4 tai kev\u00e4\u00e4ll\u00e4. Jokaisella vuodenajalla on oma ominaistuoksunsa my\u00f6s luonnossa. Aamulla Eevert pakkasi ev\u00e4\u00e4t reppuunsa ja otti matkaansa kameran sek\u00e4 korin. Eih\u00e4n sit\u00e4 koskaan tied\u00e4 mit\u00e4 ker\u00e4tt\u00e4v\u00e4\u00e4 mets\u00e4st\u00e4 l\u00f6ytyy. Mets\u00e4retki suuntautui Salmen kartanon [&hellip;]<\/p>\n","protected":false},"author":1,"featured_media":0,"comment_status":"open","ping_status":"open","sticky":false,"template":"","format":"standard","meta":{"footnotes":""},"categories":[],"tags":[],"class_list":["post-5249","post","type-post","status-publish","format-standard","hentry"],"_links":{"self":[{"href":"https:\/\/www.kinanen.fi\/nukkekoti\/wp-json\/wp\/v2\/posts\/5249","targetHints":{"allow":["GET"]}}],"collection":[{"href":"https:\/\/www.kinanen.fi\/nukkekoti\/wp-json\/wp\/v2\/posts"}],"about":[{"href":"https:\/\/www.kinanen.fi\/nukkekoti\/wp-json\/wp\/v2\/types\/post"}],"author":[{"embeddable":true,"href":"https:\/\/www.kinanen.fi\/nukkekoti\/wp-json\/wp\/v2\/users\/1"}],"replies":[{"embeddable":true,"href":"https:\/\/www.kinanen.fi\/nukkekoti\/wp-json\/wp\/v2\/comments?post=5249"}],"version-history":[{"count":3,"href":"https:\/\/www.kinanen.fi\/nukkekoti\/wp-json\/wp\/v2\/posts\/5249\/revisions"}],"predecessor-version":[{"id":5260,"href":"https:\/\/www.kinanen.fi\/nukkekoti\/wp-json\/wp\/v2\/posts\/5249\/revisions\/5260"}],"wp:attachment":[{"href":"https:\/\/www.kinanen.fi\/nukkekoti\/wp-json\/wp\/v2\/media?parent=5249"}],"wp:term":[{"taxonomy":"category","embeddable":true,"href":"https:\/\/www.kinanen.fi\/nukkekoti\/wp-json\/wp\/v2\/categories?post=5249"},{"taxonomy":"post_tag","embeddable":true,"href":"https:\/\/www.kinanen.fi\/nukkekoti\/wp-json\/wp\/v2\/tags?post=5249"}],"curies":[{"name":"wp","href":"https:\/\/api.w.org\/{rel}","templated":true}]}}