{"id":5268,"date":"2012-09-16T17:05:17","date_gmt":"2012-09-16T14:05:17","guid":{"rendered":"http:\/\/kinanen.fi\/wordpress\/?p=5268"},"modified":"2014-06-22T11:05:47","modified_gmt":"2014-06-22T08:05:47","slug":"aamuhamaraa","status":"publish","type":"post","link":"https:\/\/www.kinanen.fi\/nukkekoti\/aamuhamaraa\/","title":{"rendered":"Aamuh\u00e4m\u00e4r\u00e4\u00e4"},"content":{"rendered":"<p>Niin se vain vilahti taas yksi viikonloppu, eik\u00e4 aikomuksena ollutta mineilyyn uppoamista tapahtunut. Mik\u00e4h\u00e4n t\u00e4ss\u00e4 odotuttaa ilmaantumistaan \ud83d\ude00<\/p>\n<p>Sensijaan aamusella on mukavaa sytytell\u00e4 taloon valot ja mietiskell\u00e4 mit\u00e4 siell\u00e4 mahtaa tapahtua. Oikein kun kahvikupin takaa katselee niin melkein n\u00e4kee varjojen vilahtavan ikkunoissa. Hyv\u00e4 mielikuvitus.<\/p>\n<p>&nbsp;<\/p>\n<figure id=\"attachment_5269\" aria-describedby=\"caption-attachment-5269\" style=\"width: 498px\" class=\"wp-caption aligncenter\"><a href=\"http:\/\/kinanen.fi\/wordpress\/wp-content\/uploads\/2012\/09\/hamara2.jpg\"><img fetchpriority=\"high\" decoding=\"async\" class=\" wp-image-5269\" title=\"ha\u0308ma\u0308ra\u0308\" src=\"http:\/\/kinanen.fi\/wordpress\/wp-content\/uploads\/2012\/09\/hamara2.jpg\" alt=\"\" width=\"498\" height=\"332\" \/><\/a><figcaption id=\"caption-attachment-5269\" class=\"wp-caption-text\">Talo h\u00e4m\u00e4r\u00e4ss\u00e4<\/figcaption><\/figure>\n<p>&nbsp;<\/p>\n<p>Aikaisen se on Suntiokin liikkeell\u00e4 ja Kappelia p\u00e4iv\u00e4kuntoon laittamassa. N\u00e4ink\u00f6h\u00e4n herrat nautiskelevat yhteiset aamukahvit kun niin l\u00e4hekk\u00e4in asustavat? Eevertin kahvipannusta riitt\u00e4\u00e4 aina vieraille kupposet pikkuisessa keitti\u00f6ss\u00e4.<\/p>\n<p>Vai onkohan niin ett\u00e4 Suntio on per\u00e4ti saanut kortteerin Eevertin yl\u00e4kerrasta. Eip\u00e4 olekkaan tullut ajatelluksi miss\u00e4 muualla Suntio liikkuu kuin Kappelissa.<\/p>\n<p>&nbsp;<\/p>\n<figure id=\"attachment_5270\" aria-describedby=\"caption-attachment-5270\" style=\"width: 500px\" class=\"wp-caption aligncenter\"><a href=\"http:\/\/kinanen.fi\/wordpress\/wp-content\/uploads\/2012\/09\/hamara.jpg\"><img decoding=\"async\" class=\" wp-image-5270\" title=\"ha\u0308ma\u0308ra\u03082\" src=\"http:\/\/kinanen.fi\/wordpress\/wp-content\/uploads\/2012\/09\/hamara.jpg\" alt=\"\" width=\"500\" height=\"533\" \/><\/a><figcaption id=\"caption-attachment-5270\" class=\"wp-caption-text\">Valoa ikkunoissa<\/figcaption><\/figure>\n<p>&nbsp;<\/p>\n<p>P\u00f6yd\u00e4nkulmalta kuvattuna v\u00e4kisinkin kuvasta tulee kellert\u00e4v\u00e4. No, sellainen talo on p\u00e4iv\u00e4nvalossakin, mutta takana oleva sein\u00e4 on valkoinen. Kappelin katto ei ole kunnolla paikoillaan kun valo vilkkuu r\u00e4yst\u00e4\u00e4n alta.<\/p>\n<p>Oikein hyv\u00e4\u00e4 viikkoa kaikille k\u00e4vij\u00f6ille ja l\u00e4mpim\u00e4t kiitokset monista mielt\u00e4 l\u00e4mmitt\u00e4vist\u00e4 kommenteista!<\/p>\n<p>Kiitoksena Eevert ojentaa Sinulle kotipihastaan viimeisen kukkijan. Syksy saapuu.<\/p>\n<p>&nbsp;<\/p>\n<figure id=\"attachment_5271\" aria-describedby=\"caption-attachment-5271\" style=\"width: 500px\" class=\"wp-caption aligncenter\"><a href=\"http:\/\/kinanen.fi\/wordpress\/wp-content\/uploads\/2012\/09\/krassi.jpg\"><img decoding=\"async\" class=\" wp-image-5271\" title=\"krassi\" src=\"http:\/\/kinanen.fi\/wordpress\/wp-content\/uploads\/2012\/09\/krassi.jpg\" alt=\"\" width=\"500\" height=\"333\" \/><\/a><figcaption id=\"caption-attachment-5271\" class=\"wp-caption-text\">Hehkuva krassi<\/figcaption><\/figure>\n<p>&nbsp;<\/p>\n<p>&nbsp;<\/p>\n<p>&nbsp;<\/p>\n","protected":false},"excerpt":{"rendered":"<p>Niin se vain vilahti taas yksi viikonloppu, eik\u00e4 aikomuksena ollutta mineilyyn uppoamista tapahtunut. Mik\u00e4h\u00e4n t\u00e4ss\u00e4 odotuttaa ilmaantumistaan \ud83d\ude00 Sensijaan aamusella on mukavaa sytytell\u00e4 taloon valot ja mietiskell\u00e4 mit\u00e4 siell\u00e4 mahtaa tapahtua. Oikein kun kahvikupin takaa katselee niin melkein n\u00e4kee varjojen vilahtavan ikkunoissa. Hyv\u00e4 mielikuvitus. &nbsp; &nbsp; Aikaisen se on Suntiokin liikkeell\u00e4 ja Kappelia p\u00e4iv\u00e4kuntoon laittamassa. [&hellip;]<\/p>\n","protected":false},"author":1,"featured_media":0,"comment_status":"open","ping_status":"open","sticky":false,"template":"","format":"standard","meta":{"footnotes":""},"categories":[],"tags":[],"class_list":["post-5268","post","type-post","status-publish","format-standard","hentry"],"_links":{"self":[{"href":"https:\/\/www.kinanen.fi\/nukkekoti\/wp-json\/wp\/v2\/posts\/5268","targetHints":{"allow":["GET"]}}],"collection":[{"href":"https:\/\/www.kinanen.fi\/nukkekoti\/wp-json\/wp\/v2\/posts"}],"about":[{"href":"https:\/\/www.kinanen.fi\/nukkekoti\/wp-json\/wp\/v2\/types\/post"}],"author":[{"embeddable":true,"href":"https:\/\/www.kinanen.fi\/nukkekoti\/wp-json\/wp\/v2\/users\/1"}],"replies":[{"embeddable":true,"href":"https:\/\/www.kinanen.fi\/nukkekoti\/wp-json\/wp\/v2\/comments?post=5268"}],"version-history":[{"count":4,"href":"https:\/\/www.kinanen.fi\/nukkekoti\/wp-json\/wp\/v2\/posts\/5268\/revisions"}],"predecessor-version":[{"id":7688,"href":"https:\/\/www.kinanen.fi\/nukkekoti\/wp-json\/wp\/v2\/posts\/5268\/revisions\/7688"}],"wp:attachment":[{"href":"https:\/\/www.kinanen.fi\/nukkekoti\/wp-json\/wp\/v2\/media?parent=5268"}],"wp:term":[{"taxonomy":"category","embeddable":true,"href":"https:\/\/www.kinanen.fi\/nukkekoti\/wp-json\/wp\/v2\/categories?post=5268"},{"taxonomy":"post_tag","embeddable":true,"href":"https:\/\/www.kinanen.fi\/nukkekoti\/wp-json\/wp\/v2\/tags?post=5268"}],"curies":[{"name":"wp","href":"https:\/\/api.w.org\/{rel}","templated":true}]}}