{"id":5288,"date":"2012-12-02T06:00:27","date_gmt":"2012-12-02T04:00:27","guid":{"rendered":"http:\/\/kinanen.fi\/wordpress\/?p=5288"},"modified":"2012-12-02T08:35:47","modified_gmt":"2012-12-02T06:35:47","slug":"2-12-ensimmainen-adventti","status":"publish","type":"post","link":"https:\/\/www.kinanen.fi\/nukkekoti\/2-12-ensimmainen-adventti\/","title":{"rendered":"2.12. Ensimm\u00e4inen Adventti"},"content":{"rendered":"<p>T\u00e4n\u00e4\u00e4n vietet\u00e4\u00e4n ensimm\u00e4ist\u00e4 Adventtia. Adventiksi kutsutaan aikaa ennen joulua jolloin valmistaudutaan suureen juhlaan. Valmistautua voi tekem\u00e4ll\u00e4 erilaisia asioita tai vaikkapa miettim\u00e4ll\u00e4 ja pohdiskelemalla joulun sanomaa ja kaikkea sit\u00e4 mit\u00e4 joulu erilaisille ihmisille eripuolilla maailmaa voi merkit\u00e4.<\/p>\n<p>Joulua edelt\u00e4\u00e4 nelj\u00e4 odotuksen sunnuntaita &#8211; Adventtia. T\u00e4n\u00e4\u00e4n niist\u00e4 on vuorossa ensimm\u00e4inen. Monet Adventti- ja joulukalenterit alkavat ja luukkujen sis\u00e4\u00e4n on j\u00e4nnitt\u00e4v\u00e4\u00e4 kurkistaa joka aamu.<\/p>\n<p>Eevertin joulunodotuksen seuraaminen on samankaltaista kuin joulukalenterin luukkujen avaaminen. Joka p\u00e4iv\u00e4 voi k\u00e4yd\u00e4 katsomassa mit\u00e4 pieni, vaaksan mitainen mies puuhailee ja kuinka h\u00e4n valmistautuu jouluun.<\/p>\n<p>T\u00e4n\u00e4\u00e4n on Eevertin kotikappelin vihkiminen k\u00e4ytt\u00f6\u00f6n. <a href=\"http:\/\/kinanen.fi\/wordpress\/?p=4325\" target=\"_blank\">Kappelin rakennushankkeen<\/a> edetess\u00e4 pieni\u00e4 hetkipalveluksia on tullut vietetyksi, mutta varsinainen valmistuminen on alunperinkin ajateltu Ensimm\u00e4iseen Adventtiin ja joulukalenterin alkuun.<\/p>\n<p>&nbsp;<\/p>\n<figure id=\"attachment_5497\" aria-describedby=\"caption-attachment-5497\" style=\"width: 500px\" class=\"wp-caption aligncenter\"><a href=\"http:\/\/kinanen.fi\/wordpress\/wp-content\/uploads\/2012\/11\/1.12e.jpg\"><img fetchpriority=\"high\" decoding=\"async\" class=\" wp-image-5497 \" title=\"1.12e\" src=\"http:\/\/kinanen.fi\/wordpress\/wp-content\/uploads\/2012\/11\/1.12e.jpg\" alt=\"\" width=\"500\" height=\"438\" \/><\/a><figcaption id=\"caption-attachment-5497\" class=\"wp-caption-text\">Aamukahvilla Eevertin keitti\u00f6ss\u00e4<\/figcaption><\/figure>\n<p>&nbsp;<\/p>\n<p>Aamuvarhaisella Eevert ja Suntio istahtivat aamukahvip\u00f6yt\u00e4\u00e4n. Katselivat pitk\u00e4\u00e4n toisiaan ja hymyiliv\u00e4t tyytyv\u00e4isin\u00e4. Melkein vuoden kest\u00e4nyt rakentamisprojekti on hyv\u00e4ss\u00e4 mallissa ja kyl\u00e4l\u00e4iset voivat saapua aloittamaan joulun odotusta. Aivan tietty\u00e4 iloa on miesten silmiss\u00e4. Saattaapa olla jopa hieman kostuneet silm\u00e4kulmatkin havaittavissa.<\/p>\n<p>&nbsp;<\/p>\n<figure id=\"attachment_5498\" aria-describedby=\"caption-attachment-5498\" style=\"width: 500px\" class=\"wp-caption aligncenter\"><a href=\"http:\/\/kinanen.fi\/wordpress\/wp-content\/uploads\/2012\/11\/1.12f.jpg\"><img decoding=\"async\" class=\" wp-image-5498 \" title=\"1.12f\" src=\"http:\/\/kinanen.fi\/wordpress\/wp-content\/uploads\/2012\/11\/1.12f.jpg\" alt=\"\" width=\"500\" height=\"480\" \/><\/a><figcaption id=\"caption-attachment-5498\" class=\"wp-caption-text\">H\u00e4m\u00e4r\u00e4 kappeli aamulla aikaisin<\/figcaption><\/figure>\n<p>&nbsp;<\/p>\n<p>Pian kahvin j\u00e4lkeen Suntio kiirehtii teht\u00e4viins\u00e4. Viel\u00e4 on laitettavaa ennenkuin kyl\u00e4n v\u00e4ki voi astua sis\u00e4\u00e4n. Viimeiseen viikkoon Suntio ei ole ket\u00e4\u00e4n laskenut kurkistelemaan valmisteluja.<\/p>\n<p>Kappeli on saatettu joulukuntoon. Kuusikin l\u00f6yt\u00e4nyt paikkansa pienest\u00e4 kirkkosalista jo hyviss\u00e4 ajoin. Musiikki soi hiljaisena ja juhlallisena. T\u00e4m\u00e4 on aivan erityinen hetki.<\/p>\n<p>&nbsp;<\/p>\n<figure id=\"attachment_5499\" aria-describedby=\"caption-attachment-5499\" style=\"width: 480px\" class=\"wp-caption aligncenter\"><a href=\"http:\/\/kinanen.fi\/wordpress\/wp-content\/uploads\/2012\/11\/2.12.e.jpg\"><img decoding=\"async\" class=\"size-full wp-image-5499\" title=\"2.12.e\" src=\"http:\/\/kinanen.fi\/wordpress\/wp-content\/uploads\/2012\/11\/2.12.e.jpg\" alt=\"\" width=\"480\" height=\"640\" \/><\/a><figcaption id=\"caption-attachment-5499\" class=\"wp-caption-text\">Tervetuloa! K\u00e4yk\u00e4\u00e4 peremm\u00e4lle!<\/figcaption><\/figure>\n<p>&nbsp;<\/p>\n<p>Tervetuloa! Tervetuloa! Toivottelee Suntio Kappelin ovella ja ottaa henkil\u00f6kohtaisesti jokaisen vieraan l\u00e4mpim\u00e4sti vastaan. Pian alkaakin pienen kyl\u00e4n v\u00e4ki olla valmiina. Muutama kumaus Kappelin vasta asennetulla vaskikellolla ja juhlat voivat alkaa.<\/p>\n<p>Aluksi lauletaan virrest\u00e4 13 ensimm\u00e4inen s\u00e4keist\u00f6:<\/p>\n<p style=\"text-align: center;\">Nyt sytyt\u00e4mme kynttil\u00e4n, se liekkiin leimahtaa.<\/p>\n<p style=\"text-align: center;\">Me odotamme Jeesusta, seimess\u00e4 nukkuvaa.<\/p>\n<p>&nbsp;<\/p>\n<figure id=\"attachment_5500\" aria-describedby=\"caption-attachment-5500\" style=\"width: 480px\" class=\"wp-caption aligncenter\"><a href=\"http:\/\/kinanen.fi\/wordpress\/wp-content\/uploads\/2012\/11\/2.12.a.jpg\"><img loading=\"lazy\" decoding=\"async\" class=\"size-full wp-image-5500\" title=\"2.12.a\" src=\"http:\/\/kinanen.fi\/wordpress\/wp-content\/uploads\/2012\/11\/2.12.a.jpg\" alt=\"\" width=\"480\" height=\"640\" \/><\/a><figcaption id=\"caption-attachment-5500\" class=\"wp-caption-text\">Ensimm\u00e4inen kynttil\u00e4<\/figcaption><\/figure>\n<p>&nbsp;<\/p>\n<p>Kappelin vihkij\u00e4isiss\u00e4 Suntion t\u00e4rkeisiin teht\u00e4viin kuului tekstin lukeminen. Arvokkaasti h\u00e4n astelee eteen. Ottaa ison kirjan k\u00e4teens\u00e4. Hieman r\u00f6hist\u00e4\u00e4 kurkkuaan ja vakaalla, kuuluvalla \u00e4\u00e4nell\u00e4 lukee tutun tekstin Jeesuksen saapumisesta p\u00e4\u00e4si\u00e4isjuhlille aasin sel\u00e4ss\u00e4.<\/p>\n<p>&nbsp;<\/p>\n<figure id=\"attachment_5505\" aria-describedby=\"caption-attachment-5505\" style=\"width: 477px\" class=\"wp-caption aligncenter\"><a href=\"http:\/\/kinanen.fi\/wordpress\/wp-content\/uploads\/2012\/12\/2.12c.jpg\"><img loading=\"lazy\" decoding=\"async\" class=\"size-full wp-image-5505\" title=\"2.12c\" src=\"http:\/\/kinanen.fi\/wordpress\/wp-content\/uploads\/2012\/12\/2.12c.jpg\" alt=\"\" width=\"477\" height=\"640\" \/><\/a><figcaption id=\"caption-attachment-5505\" class=\"wp-caption-text\">T\u00e4rke\u00e4 teht\u00e4v\u00e4<\/figcaption><\/figure>\n<p>&nbsp;<\/p>\n<p>Raamatunkertomuksessa kerrotaan kuinka ihmiset riemuitsivat ja iloissaan heiluttivat palmunoksia tien varrella. Sellaista iloa ja riemua Suntio ja Eevert toivovat jokaisen joulunodottajan syd\u00e4meen ja koko joukon palmunoksia ilon v\u00e4litt\u00e4miseen. Ehk\u00e4 kuvitteellista, mutta oikeassa el\u00e4m\u00e4ss\u00e4 voisi k\u00e4yd\u00e4 ilahduttamassa l\u00e4heisi\u00e4\u00e4n ja kaukaisempiakin. Ilo on sellaista joka tartuu. Tartutetaankin iloa toisiimme oikein paljon t\u00e4st\u00e4 eteenp\u00e4in.<\/p>\n<p>&nbsp;<\/p>\n<p>Tekstin j\u00e4lkeen pieness\u00e4 Kappelissa kaikuu Hoosianna-hymni.<\/p>\n<p>[youtube]http:\/\/www.youtube.com\/watch?v=SWkabAfC30I[\/youtube]<\/p>\n<p>&nbsp;<\/p>\n<p>.<\/p>\n<p><span style=\"color: #ffcc99;\">Oikein hyv\u00e4\u00e4 adventinaikaa kaikille kyl\u00e4l\u00e4isille ja vierailijoille!<\/span><\/p>\n<p>&nbsp;<\/p>\n<p>&nbsp;<\/p>\n","protected":false},"excerpt":{"rendered":"<p>T\u00e4n\u00e4\u00e4n vietet\u00e4\u00e4n ensimm\u00e4ist\u00e4 Adventtia. Adventiksi kutsutaan aikaa ennen joulua jolloin valmistaudutaan suureen juhlaan. Valmistautua voi tekem\u00e4ll\u00e4 erilaisia asioita tai vaikkapa miettim\u00e4ll\u00e4 ja pohdiskelemalla joulun sanomaa ja kaikkea sit\u00e4 mit\u00e4 joulu erilaisille ihmisille eripuolilla maailmaa voi merkit\u00e4. Joulua edelt\u00e4\u00e4 nelj\u00e4 odotuksen sunnuntaita &#8211; Adventtia. T\u00e4n\u00e4\u00e4n niist\u00e4 on vuorossa ensimm\u00e4inen. Monet Adventti- ja joulukalenterit alkavat ja luukkujen [&hellip;]<\/p>\n","protected":false},"author":1,"featured_media":0,"comment_status":"open","ping_status":"open","sticky":false,"template":"","format":"standard","meta":{"footnotes":""},"categories":[],"tags":[],"class_list":["post-5288","post","type-post","status-publish","format-standard","hentry"],"_links":{"self":[{"href":"https:\/\/www.kinanen.fi\/nukkekoti\/wp-json\/wp\/v2\/posts\/5288","targetHints":{"allow":["GET"]}}],"collection":[{"href":"https:\/\/www.kinanen.fi\/nukkekoti\/wp-json\/wp\/v2\/posts"}],"about":[{"href":"https:\/\/www.kinanen.fi\/nukkekoti\/wp-json\/wp\/v2\/types\/post"}],"author":[{"embeddable":true,"href":"https:\/\/www.kinanen.fi\/nukkekoti\/wp-json\/wp\/v2\/users\/1"}],"replies":[{"embeddable":true,"href":"https:\/\/www.kinanen.fi\/nukkekoti\/wp-json\/wp\/v2\/comments?post=5288"}],"version-history":[{"count":16,"href":"https:\/\/www.kinanen.fi\/nukkekoti\/wp-json\/wp\/v2\/posts\/5288\/revisions"}],"predecessor-version":[{"id":5833,"href":"https:\/\/www.kinanen.fi\/nukkekoti\/wp-json\/wp\/v2\/posts\/5288\/revisions\/5833"}],"wp:attachment":[{"href":"https:\/\/www.kinanen.fi\/nukkekoti\/wp-json\/wp\/v2\/media?parent=5288"}],"wp:term":[{"taxonomy":"category","embeddable":true,"href":"https:\/\/www.kinanen.fi\/nukkekoti\/wp-json\/wp\/v2\/categories?post=5288"},{"taxonomy":"post_tag","embeddable":true,"href":"https:\/\/www.kinanen.fi\/nukkekoti\/wp-json\/wp\/v2\/tags?post=5288"}],"curies":[{"name":"wp","href":"https:\/\/api.w.org\/{rel}","templated":true}]}}