{"id":5292,"date":"2012-12-04T06:00:17","date_gmt":"2012-12-04T04:00:17","guid":{"rendered":"http:\/\/kinanen.fi\/wordpress\/?p=5292"},"modified":"2012-12-04T06:59:52","modified_gmt":"2012-12-04T04:59:52","slug":"4-12","status":"publish","type":"post","link":"https:\/\/www.kinanen.fi\/nukkekoti\/4-12\/","title":{"rendered":"4.12."},"content":{"rendered":"<p>Eeverti\u00e4 on jo jonkin aikaa kiinnostanut mit\u00e4 vanhan piharakennuksen ullakolla mahtaa olla. Monenlaista laittamista on kotitalossa ollut, joten tuo ullakko on saanut olla toistaiseksi rauhassa. T\u00e4n\u00e4\u00e4n mies haluaa kurkistaa sinne.<\/p>\n<p>Tenho-koira on tapansa mukaan innoissan p\u00e4\u00e4stess\u00e4\u00e4n nuuhkimaan uusia hajuja. Se on valmiina sy\u00f6ksyyn jo heti oven auettua ja rynt\u00e4\u00e4 pennun innollaan sis\u00e4\u00e4n. Tuossa tuokiossa se on l\u00f6yt\u00e4nyt portaat jotka johtavat vintille. Hirmuinen \u00e4rin\u00e4 ja murina kantautuu alas asti. Eevert l\u00e4htee kiiruhtaen auttamaan yst\u00e4v\u00e4\u00e4ns\u00e4. Onhan se voinut joutua vaikka mink\u00e4laiseen satimeen tuntemattomalla ullakolla.<\/p>\n<p>&nbsp;<\/p>\n<figure id=\"attachment_5561\" aria-describedby=\"caption-attachment-5561\" style=\"width: 502px\" class=\"wp-caption aligncenter\"><a href=\"http:\/\/kinanen.fi\/wordpress\/wp-content\/uploads\/2012\/11\/4.12a.jpg\"><img fetchpriority=\"high\" decoding=\"async\" class=\" wp-image-5561\" title=\"4.12a\" src=\"http:\/\/kinanen.fi\/wordpress\/wp-content\/uploads\/2012\/11\/4.12a.jpg\" alt=\"\" width=\"502\" height=\"337\" \/><\/a><figcaption id=\"caption-attachment-5561\" class=\"wp-caption-text\">Tenhon aarre<\/figcaption><\/figure>\n<p>&nbsp;<\/p>\n<p>Mit\u00e4 kumman kangasta Tenhokoira oikein py\u00f6rittelee hampaissaan. V\u00e4lill\u00e4 se murisee ja hyp\u00e4htelee tasajalkaa kankaan p\u00e4\u00e4lle. Hirmuinen meno ja vauhti tuntuu olevan vintill\u00e4 menossa.<\/p>\n<p>Nooh, tulehan t\u00e4nne niin katsotaan mit\u00e4 olet oikein l\u00f6yt\u00e4nyt \u2013 houkuttelee Eevert pient\u00e4 yst\u00e4v\u00e4\u00e4ns\u00e4. Eevert ottaa kankaan k\u00e4siins\u00e4 ja katselee sit\u00e4 hieman joka suunnalta. Paksua ja pehmoista kangasta. Tuoksusta p\u00e4\u00e4telleen se on ollut melkoisen kauan varastoituna ullakolle. Mist\u00e4h\u00e4n Tenho oikein on sen saanut esille. Menn\u00e4\u00e4np\u00e4 yhdess\u00e4 katsomaan.<\/p>\n<p>&nbsp;<\/p>\n<figure id=\"attachment_5562\" aria-describedby=\"caption-attachment-5562\" style=\"width: 502px\" class=\"wp-caption aligncenter\"><a href=\"http:\/\/kinanen.fi\/wordpress\/wp-content\/uploads\/2012\/11\/4.12c.jpg\"><img decoding=\"async\" class=\" wp-image-5562\" title=\"4.12c\" src=\"http:\/\/kinanen.fi\/wordpress\/wp-content\/uploads\/2012\/11\/4.12c.jpg\" alt=\"\" width=\"502\" height=\"376\" \/><\/a><figcaption id=\"caption-attachment-5562\" class=\"wp-caption-text\">Ullakolla<\/figcaption><\/figure>\n<p>&nbsp;<\/p>\n<p>Ullakolla on vanhoja huonekaluja ja vanha vesikelkka ja vaikka mit\u00e4 aikoinaan talossa asuneiden ihmisten sinne unohtaneita tavaroita. T\u00e4m\u00e4p\u00e4 vasta on aarreaitta! Eevert joka tunnetusti arvostaa kaikkea vanhaa ja menneiden sukupolvien el\u00e4m\u00e4\u00e4 haltioituu melkoisen pian n\u00e4kem\u00e4st\u00e4\u00e4n.<\/p>\n<p>Pikkukoira pit\u00e4\u00e4 huolen siit\u00e4 ett\u00e4 unelmoimiseen ei pitki\u00e4 aikoja j\u00e4tet\u00e4. Se ravistelee l\u00f6yt\u00e4m\u00e4\u00e4ns\u00e4 kangasta edelleen raivoisasti ja tuntuu nauttivan leikist\u00e4\u00e4n sen kanssa. Eevert koettaa selvitt\u00e4\u00e4 mist\u00e4 tuo hassu koira sen on saanut hampaisiinsa.<\/p>\n<p>Tarkkasilm\u00e4inen Eevert tutkii pikkutassun j\u00e4lki\u00e4 p\u00f6lyisell\u00e4 lattialla. Tassujono n\u00e4ytt\u00e4\u00e4 k\u00e4yneen ikkunan alla. Siell\u00e4 on vanha matkalaukku avonaisena.<\/p>\n<p>&nbsp;<\/p>\n<figure id=\"attachment_5563\" aria-describedby=\"caption-attachment-5563\" style=\"width: 502px\" class=\"wp-caption aligncenter\"><a href=\"http:\/\/kinanen.fi\/wordpress\/wp-content\/uploads\/2012\/11\/4.12b.jpg\"><img decoding=\"async\" class=\" wp-image-5563\" title=\"4.12b\" src=\"http:\/\/kinanen.fi\/wordpress\/wp-content\/uploads\/2012\/11\/4.12b.jpg\" alt=\"\" width=\"502\" height=\"376\" \/><\/a><figcaption id=\"caption-attachment-5563\" class=\"wp-caption-text\">Vanha matkalaukku<\/figcaption><\/figure>\n<p>&nbsp;<\/p>\n<p>Yst\u00e4vykset menev\u00e4t laukun luo ja Eevert katselee sit\u00e4 tutkien ja hieman kulmakarvojaan nostellen.<br \/>\nT\u00e4\u00e4ll\u00e4p\u00e4s onkin t\u00e4mm\u00f6inen salaper\u00e4inen laukku. Tutulta se n\u00e4ytt\u00e4\u00e4&#8230; siit\u00e4 on aikaa kun sen olen viimeksi n\u00e4hnyt. Niinp\u00e4 tietenkin!<\/p>\n<p>Taitaa olla ihan pojankoltiaisena kun Eevertin topakka \u00e4iti-muori komensi vallattoman pojan pyh\u00e4kouluun. Siihen aikaan oli tapana k\u00e4yd\u00e4 pyh\u00e4koulua aina rippikouluun saakka. Eik\u00e4 siin\u00e4 vilkkaiden poikien vikistelyt paljon auttaneet. Niinp\u00e4 on Eevertill\u00e4kin pyh\u00e4koulun peruilta laaja tuntemus Raamatunkertomuksista. Ja niihin kertomuksiin t\u00e4m\u00e4kin matkalaukku kiinte\u00e4sti liittyy. V\u00e4hitellen muistot ja muistikuvat yhdistyv\u00e4t Eevertin p\u00e4\u00e4ss\u00e4.<\/p>\n<p>Vanha pyh\u00e4kouluopettaja tuli kyl\u00e4lle ja vallastaloon \u2013 siis Eeverttil\u00e4\u00e4n \u2013 ja asettui joko saliin tai tupaan pit\u00e4m\u00e4\u00e4n opetushetke\u00e4 kaikille lapsille. Kaikki kyl\u00e4n lapset kokoontuivat silloin yhteen. Mukisematta.<\/p>\n<p>Tenhon l\u00f6yt\u00e4m\u00e4 tumma kangas oli tausta johon opettaja kiinnitti piirrettyj\u00e4 kuvia eri kertomuksista. Kuvat olivat takapuoleltakin p\u00e4\u00e4llystetty pehme\u00e4ll\u00e4 materiaalilla ja tarttuivat kankaaseen kiinni siihen kohtaan mihin ne asetettiin. Se oli sen ajan animaatiota. Ja hyv\u00e4\u00e4 olikin. Vilkkaat pojatkin uppoutuivat joka kerta kertomusten viet\u00e4v\u00e4ksi. Vanhalla pyh\u00e4kouluopettajalla oli kertomisen lahja. Lis\u00e4ksi tarvittiin vain kuulevat korvat.<\/p>\n<p>Niinh\u00e4n ne ennen aikaan asiat, opit ja viisaudet siirtyiv\u00e4t sukupolvelta toiselle.<\/p>\n<p>Viel\u00e4k\u00f6h\u00e4n sit\u00e4 muistaisi jotakin\u2026 miettii Eevert ja asettelee kankaan tuolille vanhan taulun p\u00e4\u00e4lle ja poimii flanellokuvia matkalaukusta&#8230;<\/p>\n<p>&nbsp;<\/p>\n<figure id=\"attachment_5564\" aria-describedby=\"caption-attachment-5564\" style=\"width: 503px\" class=\"wp-caption aligncenter\"><a href=\"http:\/\/kinanen.fi\/wordpress\/wp-content\/uploads\/2012\/11\/4.12e.jpg\"><img loading=\"lazy\" decoding=\"async\" class=\" wp-image-5564\" title=\"4.12e\" src=\"http:\/\/kinanen.fi\/wordpress\/wp-content\/uploads\/2012\/11\/4.12e.jpg\" alt=\"\" width=\"503\" height=\"377\" \/><\/a><figcaption id=\"caption-attachment-5564\" class=\"wp-caption-text\">Flanellot paikoillaan<\/figcaption><\/figure>\n<p>&nbsp;<\/p>\n<p>Tenhokin tulee innoissaan tutkimaan mit\u00e4 aromikkaalle kankaalle nyt oikein tapahtui?!? Eevert myh\u00e4ilee tyytyv\u00e4isen\u00e4 asetelmaansa ja suunnittelee sen esittelemist\u00e4 Suntiolle. Tied\u00e4, vaikka siit\u00e4 olisi iloa kirkonmenoja ajatellen. Hyr\u00e4illen itsekseen Eevert jatkaa ullakon tukimista. Vanhasta lipastosta l\u00f6ytyy valokuvakansio. Sit\u00e4 mies istahtaa selailemaan p\u00f6lyiselle ullakolle.<\/p>\n<p>Tuttuja kuvia, n\u00e4iden t\u00e4ytyy olla poikavuosilta&#8230; odotas.. joo.. t\u00e4\u00e4ll\u00e4 onkin kuva hetkest\u00e4 jolloin pihan lapsia on kokoontunut odottelemaan pyh\u00e4koulun opettajatarta saliin vievien rappusten tuntumaan.<\/p>\n<p>&nbsp;<\/p>\n<figure id=\"attachment_5565\" aria-describedby=\"caption-attachment-5565\" style=\"width: 502px\" class=\"wp-caption aligncenter\"><a href=\"http:\/\/kinanen.fi\/wordpress\/wp-content\/uploads\/2012\/11\/4.12f.jpg\"><img loading=\"lazy\" decoding=\"async\" class=\" wp-image-5565\" title=\"4.12f\" src=\"http:\/\/kinanen.fi\/wordpress\/wp-content\/uploads\/2012\/11\/4.12f.jpg\" alt=\"\" width=\"502\" height=\"376\" \/><\/a><figcaption id=\"caption-attachment-5565\" class=\"wp-caption-text\">Lapset rappusilla<\/figcaption><\/figure>\n<p>&nbsp;<\/p>\n<p>Eevert vaipuu hetkess\u00e4 lapsuutensa kesiin. Pyh\u00e4koulu oli lastenkin mielest\u00e4 hauska tapahtuma. Sai olla yhdess\u00e4 &#8211; tytt\u00f6jenkin kanssa &#8211; muuten leikit veiv\u00e4t usein erilleen. My\u00f6hemmin sitten ei niit\u00e4 tytt\u00f6j\u00e4k\u00e4\u00e4n niin karsastettu \ud83d\ude42<\/p>\n<p>Pyh\u00e4kouluvihkoa Eevert ei l\u00f6yt\u00e4nyt, mutta muistoissa on j\u00e4lki lammastaulusta johon joka kerta sai yhden pikkulampaan liimata kun oli pyh\u00e4koulussa paikalla. On niiss\u00e4 laumoissa ollut varmaan monta karitsaa.<\/p>\n<p>&nbsp;<\/p>\n<p>Millaisia pyh\u00e4koulumuistoja sinulla on? Vai onko?<\/p>\n<p>&nbsp;<\/p>\n<p>&nbsp;<\/p>\n","protected":false},"excerpt":{"rendered":"<p>Eeverti\u00e4 on jo jonkin aikaa kiinnostanut mit\u00e4 vanhan piharakennuksen ullakolla mahtaa olla. Monenlaista laittamista on kotitalossa ollut, joten tuo ullakko on saanut olla toistaiseksi rauhassa. T\u00e4n\u00e4\u00e4n mies haluaa kurkistaa sinne. Tenho-koira on tapansa mukaan innoissan p\u00e4\u00e4stess\u00e4\u00e4n nuuhkimaan uusia hajuja. Se on valmiina sy\u00f6ksyyn jo heti oven auettua ja rynt\u00e4\u00e4 pennun innollaan sis\u00e4\u00e4n. Tuossa tuokiossa se [&hellip;]<\/p>\n","protected":false},"author":1,"featured_media":0,"comment_status":"open","ping_status":"open","sticky":false,"template":"","format":"standard","meta":{"footnotes":""},"categories":[],"tags":[],"class_list":["post-5292","post","type-post","status-publish","format-standard","hentry"],"_links":{"self":[{"href":"https:\/\/www.kinanen.fi\/nukkekoti\/wp-json\/wp\/v2\/posts\/5292","targetHints":{"allow":["GET"]}}],"collection":[{"href":"https:\/\/www.kinanen.fi\/nukkekoti\/wp-json\/wp\/v2\/posts"}],"about":[{"href":"https:\/\/www.kinanen.fi\/nukkekoti\/wp-json\/wp\/v2\/types\/post"}],"author":[{"embeddable":true,"href":"https:\/\/www.kinanen.fi\/nukkekoti\/wp-json\/wp\/v2\/users\/1"}],"replies":[{"embeddable":true,"href":"https:\/\/www.kinanen.fi\/nukkekoti\/wp-json\/wp\/v2\/comments?post=5292"}],"version-history":[{"count":7,"href":"https:\/\/www.kinanen.fi\/nukkekoti\/wp-json\/wp\/v2\/posts\/5292\/revisions"}],"predecessor-version":[{"id":5837,"href":"https:\/\/www.kinanen.fi\/nukkekoti\/wp-json\/wp\/v2\/posts\/5292\/revisions\/5837"}],"wp:attachment":[{"href":"https:\/\/www.kinanen.fi\/nukkekoti\/wp-json\/wp\/v2\/media?parent=5292"}],"wp:term":[{"taxonomy":"category","embeddable":true,"href":"https:\/\/www.kinanen.fi\/nukkekoti\/wp-json\/wp\/v2\/categories?post=5292"},{"taxonomy":"post_tag","embeddable":true,"href":"https:\/\/www.kinanen.fi\/nukkekoti\/wp-json\/wp\/v2\/tags?post=5292"}],"curies":[{"name":"wp","href":"https:\/\/api.w.org\/{rel}","templated":true}]}}