{"id":5303,"date":"2012-12-10T06:00:30","date_gmt":"2012-12-10T04:00:30","guid":{"rendered":"http:\/\/kinanen.fi\/wordpress\/?p=5303"},"modified":"2012-11-11T09:51:44","modified_gmt":"2012-11-11T07:51:44","slug":"10-12","status":"publish","type":"post","link":"https:\/\/www.kinanen.fi\/nukkekoti\/10-12\/","title":{"rendered":"10.12."},"content":{"rendered":"<p>Eevert on her\u00e4nnyt aamulla omaan hihitykseens\u00e4. On tainnut miehell\u00e4 olla hauskat y\u00f6unet. Nauramisesta ja hihittelyst\u00e4 ei meinaa mill\u00e4\u00e4n tulla loppua. Mit\u00e4h\u00e4n kummaa siell\u00e4 harmaan hiustupsukan alla oikein tapahtuu?<\/p>\n<p>S\u00e4nkykin on j\u00e4\u00e4nyt sijaamatta kun miehell\u00e4 on niin kiirett\u00e4. On tainnut se jouluk\u00e4rp\u00e4nen jo iske\u00e4?<\/p>\n<p>&nbsp;<\/p>\n<figure id=\"attachment_5665\" aria-describedby=\"caption-attachment-5665\" style=\"width: 500px\" class=\"wp-caption aligncenter\"><a href=\"http:\/\/kinanen.fi\/wordpress\/wp-content\/uploads\/2012\/11\/10.12a.jpg\"><img fetchpriority=\"high\" decoding=\"async\" class=\" wp-image-5665\" title=\"10.12a\" src=\"http:\/\/kinanen.fi\/wordpress\/wp-content\/uploads\/2012\/11\/10.12a.jpg\" alt=\"\" width=\"500\" height=\"609\" \/><\/a><figcaption id=\"caption-attachment-5665\" class=\"wp-caption-text\">Makuukamarissa<\/figcaption><\/figure>\n<p>&nbsp;<\/p>\n<p>Aamukahvinsa Eevert malttaa h\u00e4dintuskin juoda kun on jo menossa pihalla kaulaliina lepattaen kameran kanssa pitkin poikin pihaa. Hetken aikaa mies pyllistelee nurkan takana ja kohta jo toisen nurkan. Poikkeaa piharakennukseen ja vilahtelee siell\u00e4 ikkunoiden takana&#8230; tulee juoksujaltaa sis\u00e4\u00e4n taloon ja sama meno jatkuu.<\/p>\n<p>Tenhokoira seuraa hetken aikaa miehen keskittynytta puuhastelua, mutta j\u00e4tt\u00e4\u00e4 pian asian sikseen. Eevertin kanssa asuessaan se on oivaltanut, ett\u00e4 kaikkea ei koirankaan tarvitse ymm\u00e4rt\u00e4\u00e4. Ei ainakaan vanhojen miesten aivoituksia. Hassu se on aina ollut, mutta t\u00e4mm\u00f6ist\u00e4 ei aikaisemmin koiran el\u00e4m\u00e4ss\u00e4 sent\u00e4\u00e4n ole viel\u00e4 tapahtunut. Tenho palaa oven edustalle odottamaan, kaipa tuo aikanaan takaisin palaa.<\/p>\n<p>Ja palasihan Eevert. Kertoi olleensa valokuvausretkell\u00e4. Innoissaan ja ylpe\u00e4n\u00e4 esitteli koiralle otoksiaan. Tenho ei niist\u00e4 juuri selv\u00e4\u00e4 saanut vaikka kuinka p\u00e4\u00e4t\u00e4\u00e4n kallisteli. Kummallisia ovat nuo ihmisoliot, tuumaili pikkukoira ja esitti edelleen kiinnostunutta, sill\u00e4 se odotti yh\u00e4 aamiaistaan joka olisi pit\u00e4nyt tarjoilla jo aikaa sitten.<\/p>\n<p>Eevertin kuvat ovat pian kaikkien n\u00e4ht\u00e4vill\u00e4. Mit\u00e4 kummaa niiss\u00e4 mahtaa oikein olla. Tunnistatko sin\u00e4? Pikkukoiran mielest\u00e4 miehen ehk\u00e4 olisi hyv\u00e4 k\u00e4yd\u00e4 vaikka Ty\u00f6v\u00e4enopiston &#8221;N\u00e4pp\u00e4ile nerokkaasti&#8221; &#8211; valokuvauskurssi.<\/p>\n<p>&nbsp;<\/p>\n<p>T\u00e4m\u00e4n min\u00e4 otin vanhan aitan tuvasta. Sielt\u00e4 miss\u00e4 isomummu asusteli viimeiset vuotensa.<\/p>\n<p>&nbsp;<\/p>\n<figure id=\"attachment_5666\" aria-describedby=\"caption-attachment-5666\" style=\"width: 480px\" class=\"wp-caption aligncenter\"><a href=\"http:\/\/kinanen.fi\/wordpress\/wp-content\/uploads\/2012\/11\/10.12c.jpg\"><img decoding=\"async\" class=\"size-full wp-image-5666\" title=\"10.12c\" src=\"http:\/\/kinanen.fi\/wordpress\/wp-content\/uploads\/2012\/11\/10.12c.jpg\" alt=\"\" width=\"480\" height=\"640\" \/><\/a><figcaption id=\"caption-attachment-5666\" class=\"wp-caption-text\">Kummallinen otos<\/figcaption><\/figure>\n<p>&nbsp;<\/p>\n<p>T\u00e4m\u00e4n min\u00e4 taas nappasin naapurin em\u00e4nn\u00e4n keitti\u00f6st\u00e4. Eik\u00f6s olekkin hieno!<\/p>\n<p>&nbsp;<\/p>\n<figure id=\"attachment_5667\" aria-describedby=\"caption-attachment-5667\" style=\"width: 500px\" class=\"wp-caption aligncenter\"><a href=\"http:\/\/kinanen.fi\/wordpress\/wp-content\/uploads\/2012\/11\/10.12e.jpg\"><img decoding=\"async\" class=\" wp-image-5667\" title=\"10.12e\" src=\"http:\/\/kinanen.fi\/wordpress\/wp-content\/uploads\/2012\/11\/10.12e.jpg\" alt=\"\" width=\"500\" height=\"411\" \/><\/a><figcaption id=\"caption-attachment-5667\" class=\"wp-caption-text\">Hutiko mahtaa olla koko kuva?<\/figcaption><\/figure>\n<p>&nbsp;<\/p>\n<p>Ja kas t\u00e4ss\u00e4, t\u00e4t\u00e4 ilman ei joulu Taavitsaisen taloonkaan tule!<\/p>\n<p>&nbsp;<\/p>\n<figure id=\"attachment_5668\" aria-describedby=\"caption-attachment-5668\" style=\"width: 508px\" class=\"wp-caption aligncenter\"><a href=\"http:\/\/kinanen.fi\/wordpress\/wp-content\/uploads\/2012\/11\/10.12h.jpg\"><img loading=\"lazy\" decoding=\"async\" class=\" wp-image-5668\" title=\"10.12h\" src=\"http:\/\/kinanen.fi\/wordpress\/wp-content\/uploads\/2012\/11\/10.12h.jpg\" alt=\"\" width=\"508\" height=\"391\" \/><\/a><figcaption id=\"caption-attachment-5668\" class=\"wp-caption-text\">Nippu mik\u00e4 nippu&#8230;<\/figcaption><\/figure>\n<p>&nbsp;<\/p>\n<p>No olipa siin Eevertill\u00e4 kuvia. Ny pikkukoira jo k\u00e4rsim\u00e4tt\u00f6m\u00e4n\u00e4 odottaa aamiaistaan&#8230;<\/p>\n<p>Tied\u00e4tk\u00f6 sin\u00e4 mit\u00e4 ilman ei joulu saavu Eeverttil\u00e4\u00e4n?<\/p>\n<p>.<\/p>\n<p>.<\/p>\n<p>.<\/p>\n<p>&nbsp;<\/p>\n<p><!--more--><\/p>\n<p>&nbsp;<\/p>\n<p>.<\/p>\n<p>.<\/p>\n<p>.<\/p>\n<p>No, jouluun tarvitaan tietenkin adventtikynttelikk\u00f6, mist\u00e4 voidaan seurata joulua edelt\u00e4vien pyhien etenemist\u00e4 ja joulun lahestymist\u00e4. Joka viikko sytytet\u00e4\u00e4n yksi kynttil\u00e4 lis\u00e4\u00e4.<\/p>\n<p>T\u00e4m\u00e4 kynttelikk\u00f6 on vankien tekem\u00e4 taos ja on viime aikoina varmistanut joulun odotusta niin Eevertin kuin meid\u00e4n muidenkin keitti\u00f6n p\u00f6yd\u00e4ll\u00e4.<\/p>\n<p>&nbsp;<\/p>\n<figure id=\"attachment_5669\" aria-describedby=\"caption-attachment-5669\" style=\"width: 480px\" class=\"wp-caption aligncenter\"><a href=\"http:\/\/kinanen.fi\/wordpress\/wp-content\/uploads\/2012\/11\/10.12d.jpg\"><img loading=\"lazy\" decoding=\"async\" class=\"size-full wp-image-5669\" title=\"10.12d\" src=\"http:\/\/kinanen.fi\/wordpress\/wp-content\/uploads\/2012\/11\/10.12d.jpg\" alt=\"\" width=\"480\" height=\"640\" \/><\/a><figcaption id=\"caption-attachment-5669\" class=\"wp-caption-text\">Adventtikynttelikk\u00f6<\/figcaption><\/figure>\n<p>&nbsp;<\/p>\n<p>Kynttelikk\u00f6 on Onnimannista, Turun kaupungin ty\u00f6keskusten ja vankoloiden myym\u00e4l\u00e4st\u00e4, Tuureporinkatu 17. Se tarttui matkaan vuosi sitten ty\u00f6reissulta.<\/p>\n<p>&nbsp;<\/p>\n<p>Jouluun kuuluu tietenkin piparit. Kev\u00e4\u00e4ll\u00e4 2012 kev\u00e4tketki Varsovaan johdatti kaupunkiseikkailijan pieneen piparkakkukauppaan. Sielt\u00e4 l\u00f6ytyi piparkakkua joka l\u00e4ht\u00f6\u00f6n ja p\u00e4\u00e4s\u00e4\u00e4nt\u00f6isesti sellaisia joita ei ainakaan sy\u00f6d\u00e4 raaski. Tuoksu kaupassa oli huumaava, eli kaikki oli oikeasti tehty piparkakkutaikinasta. Melkoisen taitava leipuri \ud83d\ude42<\/p>\n<p>&nbsp;<\/p>\n<figure id=\"attachment_5670\" aria-describedby=\"caption-attachment-5670\" style=\"width: 478px\" class=\"wp-caption aligncenter\"><a href=\"http:\/\/kinanen.fi\/wordpress\/wp-content\/uploads\/2012\/11\/10.12f.jpg\"><img loading=\"lazy\" decoding=\"async\" class=\"size-full wp-image-5670\" title=\"10.12f\" src=\"http:\/\/kinanen.fi\/wordpress\/wp-content\/uploads\/2012\/11\/10.12f.jpg\" alt=\"\" width=\"478\" height=\"640\" \/><\/a><figcaption id=\"caption-attachment-5670\" class=\"wp-caption-text\">Varsovan pipari<\/figcaption><\/figure>\n<p>&nbsp;<\/p>\n<p>Monet pipareista on jo lahjoitettu eteenp\u00e4in. T\u00e4m\u00e4 enkeli j\u00e4i suojelemaan Eevertin taloa.<\/p>\n<p>&nbsp;<\/p>\n<p>Ja joulun ehdoton kunkku on tietenkin&#8230;<\/p>\n<p>&nbsp;<\/p>\n<figure id=\"attachment_5671\" aria-describedby=\"caption-attachment-5671\" style=\"width: 501px\" class=\"wp-caption aligncenter\"><a href=\"http:\/\/kinanen.fi\/wordpress\/wp-content\/uploads\/2012\/11\/10.12k.jpg\"><img loading=\"lazy\" decoding=\"async\" class=\" wp-image-5671\" title=\"10.12k\" src=\"http:\/\/kinanen.fi\/wordpress\/wp-content\/uploads\/2012\/11\/10.12k.jpg\" alt=\"\" width=\"501\" height=\"397\" \/><\/a><figcaption id=\"caption-attachment-5671\" class=\"wp-caption-text\">Olkipossu<\/figcaption><\/figure>\n<p>&nbsp;<\/p>\n<p>&#8230;possu, muodossa tai toisessa.<\/p>\n<p>T\u00e4ss\u00e4 olkisena ja juuri Eevertin taloon sopivana joulukoristeena. Taitaa olla Tiimarista \ud83d\ude42<\/p>\n<p>&nbsp;<\/p>\n<p>&nbsp;<\/p>\n<p>&nbsp;<\/p>\n<p>&nbsp;<\/p>\n","protected":false},"excerpt":{"rendered":"<p>Eevert on her\u00e4nnyt aamulla omaan hihitykseens\u00e4. On tainnut miehell\u00e4 olla hauskat y\u00f6unet. Nauramisesta ja hihittelyst\u00e4 ei meinaa mill\u00e4\u00e4n tulla loppua. Mit\u00e4h\u00e4n kummaa siell\u00e4 harmaan hiustupsukan alla oikein tapahtuu? S\u00e4nkykin on j\u00e4\u00e4nyt sijaamatta kun miehell\u00e4 on niin kiirett\u00e4. On tainnut se jouluk\u00e4rp\u00e4nen jo iske\u00e4? &nbsp; &nbsp; Aamukahvinsa Eevert malttaa h\u00e4dintuskin juoda kun on jo menossa pihalla [&hellip;]<\/p>\n","protected":false},"author":1,"featured_media":0,"comment_status":"open","ping_status":"open","sticky":false,"template":"","format":"standard","meta":{"footnotes":""},"categories":[],"tags":[],"class_list":["post-5303","post","type-post","status-publish","format-standard","hentry"],"_links":{"self":[{"href":"https:\/\/www.kinanen.fi\/nukkekoti\/wp-json\/wp\/v2\/posts\/5303","targetHints":{"allow":["GET"]}}],"collection":[{"href":"https:\/\/www.kinanen.fi\/nukkekoti\/wp-json\/wp\/v2\/posts"}],"about":[{"href":"https:\/\/www.kinanen.fi\/nukkekoti\/wp-json\/wp\/v2\/types\/post"}],"author":[{"embeddable":true,"href":"https:\/\/www.kinanen.fi\/nukkekoti\/wp-json\/wp\/v2\/users\/1"}],"replies":[{"embeddable":true,"href":"https:\/\/www.kinanen.fi\/nukkekoti\/wp-json\/wp\/v2\/comments?post=5303"}],"version-history":[{"count":7,"href":"https:\/\/www.kinanen.fi\/nukkekoti\/wp-json\/wp\/v2\/posts\/5303\/revisions"}],"predecessor-version":[{"id":5765,"href":"https:\/\/www.kinanen.fi\/nukkekoti\/wp-json\/wp\/v2\/posts\/5303\/revisions\/5765"}],"wp:attachment":[{"href":"https:\/\/www.kinanen.fi\/nukkekoti\/wp-json\/wp\/v2\/media?parent=5303"}],"wp:term":[{"taxonomy":"category","embeddable":true,"href":"https:\/\/www.kinanen.fi\/nukkekoti\/wp-json\/wp\/v2\/categories?post=5303"},{"taxonomy":"post_tag","embeddable":true,"href":"https:\/\/www.kinanen.fi\/nukkekoti\/wp-json\/wp\/v2\/tags?post=5303"}],"curies":[{"name":"wp","href":"https:\/\/api.w.org\/{rel}","templated":true}]}}