{"id":5307,"date":"2012-12-12T06:00:03","date_gmt":"2012-12-12T04:00:03","guid":{"rendered":"http:\/\/kinanen.fi\/wordpress\/?p=5307"},"modified":"2012-11-10T11:41:18","modified_gmt":"2012-11-10T09:41:18","slug":"12-12","status":"publish","type":"post","link":"https:\/\/www.kinanen.fi\/nukkekoti\/12-12\/","title":{"rendered":"12.12."},"content":{"rendered":"<p>Taitaa olla juhlap\u00e4iv\u00e4 t\u00e4n\u00e4\u00e4n, tuumailee Eevert huomatessaan lehden kulmassa p\u00e4iv\u00e4m\u00e4\u00e4r\u00e4n 12.12.12. Juhlia tai merkitt\u00e4vi\u00e4 el\u00e4m\u00e4n taitekohtia juhlistetaan v\u00e4lill\u00e4 niin ett\u00e4 ajoitetaan kiinnostaville p\u00e4iv\u00e4m\u00e4\u00e4rille.<\/p>\n<p>&nbsp;<\/p>\n<figure id=\"attachment_5700\" aria-describedby=\"caption-attachment-5700\" style=\"width: 501px\" class=\"wp-caption aligncenter\"><a href=\"http:\/\/kinanen.fi\/wordpress\/wp-content\/uploads\/2012\/11\/12.12f.jpg\"><img fetchpriority=\"high\" decoding=\"async\" class=\" wp-image-5700\" title=\"12.12f\" src=\"http:\/\/kinanen.fi\/wordpress\/wp-content\/uploads\/2012\/11\/12.12f.jpg\" alt=\"\" width=\"501\" height=\"376\" \/><\/a><figcaption id=\"caption-attachment-5700\" class=\"wp-caption-text\">Aamuposti<\/figcaption><\/figure>\n<p>&nbsp;<\/p>\n<p>Katsellaanpa lehte\u00e4&#8230; vihkimisi\u00e4 ja h\u00e4it\u00e4 on paljon. Luvassa ihan h\u00e4\u00e4\u00f6it\u00e4, miss\u00e4 useita pareja vihit\u00e4\u00e4n avioliittoon joko yht\u00e4aikaa tai per\u00e4kk\u00e4in. Jos ei kovin mahtavia juhlia halua pit\u00e4\u00e4, niin t\u00e4mm\u00f6inen sit\u00e4 sopii erinomaisesti. Lapsia kastetaan ja kihloihin menn\u00e4\u00e4n. P\u00e4iv\u00e4m\u00e4\u00e4r\u00e4 on ainakin helppo sitten muistaa my\u00f6hemmin. Ainakin t\u00e4mm\u00f6iselle miesv\u00e4elle se on t\u00e4rke\u00e4\u00e4, kun tuppaa kaikenlaiset p\u00e4iv\u00e4m\u00e4\u00e4r\u00e4t katoamaan p\u00e4\u00e4st\u00e4 muutenkin.<\/p>\n<p>Mit\u00e4s tuumisit Tenho jos mekin j\u00e4rjest\u00e4isimme t\u00e4n\u00e4\u00e4n juhlat? Pit\u00e4\u00e4 vain keksi\u00e4 mit\u00e4 juhlistetaan&#8230; Tenholla ei juuri ajatusta ollut varsinaisesta juhlasta, mutta se oli aina yht\u00e4 innokkaana Eevertin touhuissa mukana. Varsinkin silloin kun Eevertin silmiss\u00e4 vilkahti tietty kipin\u00e4 tai s\u00e4ihke oli luvassa jotakin hauskaa ja herkullista. Ehk\u00e4p\u00e4 vaikka oikein kunnon ydinluu.<\/p>\n<p>&nbsp;<\/p>\n<figure id=\"attachment_5701\" aria-describedby=\"caption-attachment-5701\" style=\"width: 501px\" class=\"wp-caption aligncenter\"><a href=\"http:\/\/kinanen.fi\/wordpress\/wp-content\/uploads\/2012\/11\/12.12g.jpg\"><img decoding=\"async\" class=\" wp-image-5701\" title=\"12.12g\" src=\"http:\/\/kinanen.fi\/wordpress\/wp-content\/uploads\/2012\/11\/12.12g.jpg\" alt=\"\" width=\"501\" height=\"534\" \/><\/a><figcaption id=\"caption-attachment-5701\" class=\"wp-caption-text\">Tenho ihmettelee<\/figcaption><\/figure>\n<p>&nbsp;<\/p>\n<p>T\u00e4n\u00e4\u00e4n tehd\u00e4\u00e4n joulukortteja ja ihan koko kyl\u00e4n voimin! Huomenna on viimeinen postitusp\u00e4iv\u00e4, jos meinaa joulumerkill\u00e4 saatella tervehdyksens\u00e4 perille. Nyt vain etsim\u00e4\u00e4n sopivia tarvikkeita kortteihin ja tietenkin pit\u00e4\u00e4 mainos vied\u00e4 kyl\u00e4lle kaupan sein\u00e4lle.<\/p>\n<p>Ihan ensiksi Eevert ottaa esille paperia ja kyn\u00e4n ja laatii hienon ilmoituksen korttieny\u00f6st\u00e4! Komea siit\u00e4 tulikin. Eevert on oikein tyytyv\u00e4inen aikaansaannokseensa. Parivaljakko l\u00e4htee samantien sit\u00e4 viem\u00e4\u00e4n kaupalle.Samalla kaupasta voi tuoda kaikkea tarpeellista mit\u00e4 ehdottomasti korttieny\u00f6ss\u00e4 tarvitaan.<\/p>\n<p>&nbsp;<\/p>\n<figure id=\"attachment_5702\" aria-describedby=\"caption-attachment-5702\" style=\"width: 500px\" class=\"wp-caption aligncenter\"><a href=\"http:\/\/kinanen.fi\/wordpress\/wp-content\/uploads\/2012\/11\/12.12a.jpg\"><img decoding=\"async\" class=\" wp-image-5702\" title=\"12.12a\" src=\"http:\/\/kinanen.fi\/wordpress\/wp-content\/uploads\/2012\/11\/12.12a.jpg\" alt=\"\" width=\"500\" height=\"375\" \/><\/a><figcaption id=\"caption-attachment-5702\" class=\"wp-caption-text\">Ilmoitus<\/figcaption><\/figure>\n<p>&nbsp;<\/p>\n<p>Kaverukset palaavat kaupasta ja aloittavat illan valmistelut. Samalla tehtiin ostokset ja turinoitiin kauppiaan kanssa p\u00e4\u00e4llimm\u00e4iset kuulumiset. Kauppias on Eevertin vanha yst\u00e4v\u00e4 poikavuosilta saakka. Sellaisia yst\u00e4vi\u00e4 on harvassa joiden kanssa voi jakaa kaikenlaiset asiat ja tunnot. Eevertille kauppias on sellainen syd\u00e4nyst\u00e4v\u00e4 ja sukulaissielu. Ja taitaa kauppias olla ihan sukuakin jonkun mutkan takaa.<\/p>\n<p>&nbsp;<\/p>\n<figure id=\"attachment_5703\" aria-describedby=\"caption-attachment-5703\" style=\"width: 502px\" class=\"wp-caption aligncenter\"><a href=\"http:\/\/kinanen.fi\/wordpress\/wp-content\/uploads\/2012\/11\/12.12e.jpg\"><img loading=\"lazy\" decoding=\"async\" class=\" wp-image-5703\" title=\"12.12e\" src=\"http:\/\/kinanen.fi\/wordpress\/wp-content\/uploads\/2012\/11\/12.12e.jpg\" alt=\"\" width=\"502\" height=\"376\" \/><\/a><figcaption id=\"caption-attachment-5703\" class=\"wp-caption-text\">Ostokset<\/figcaption><\/figure>\n<p>&nbsp;<\/p>\n<p>Aika paljon sit\u00e4 ostettavaa tulikin. No, nyt on taas kaapeissa t\u00e4ytett\u00e4, tuumii Eevert asetellessaan kaikkea omille paikoilleen. V\u00e4h\u00e4n pit\u00e4\u00e4 tarjottavaa laittaa valmiiksi illan vieraille. Eevertin taitavissa k\u00e4siss\u00e4 syntyy pasteijoita ja viinerpitkoa, hieman salaattia ja tietenkin v\u00e4h\u00e4n makeisia. Ei sit\u00e4 jouluasioita ihan ilman saa tehty\u00e4. T\u00e4rke\u00e4t\u00e4 kai on se, ett\u00e4 ei ihan joka p\u00e4iv\u00e4 niit\u00e4 makeitaka herkkuja sy\u00f6.<\/p>\n<p>&nbsp;<\/p>\n<figure id=\"attachment_5704\" aria-describedby=\"caption-attachment-5704\" style=\"width: 500px\" class=\"wp-caption aligncenter\"><a href=\"http:\/\/kinanen.fi\/wordpress\/wp-content\/uploads\/2012\/11\/12.12d.jpg\"><img loading=\"lazy\" decoding=\"async\" class=\" wp-image-5704\" title=\"12.12d\" src=\"http:\/\/kinanen.fi\/wordpress\/wp-content\/uploads\/2012\/11\/12.12d.jpg\" alt=\"\" width=\"500\" height=\"375\" \/><\/a><figcaption id=\"caption-attachment-5704\" class=\"wp-caption-text\">Tarjottavat<\/figcaption><\/figure>\n<p>&nbsp;<\/p>\n<p>Keitti\u00f6hommien valmistuttua Eevert ryhtyy laittamaan korttiaskartelupaikkaa valmiiksi. Tarvitaan kartonkia ja erilaisia papereita, liimaa ja saksia, kyni\u00e4 ja maaleja. Mit\u00e4h\u00e4n kaikkea sit\u00e4 voikaan tarvita kun oikein askarrus iskee?<\/p>\n<p>Jokin ajan kuluttua jo porstuasta kuuluu kolinaa. Taitaa ensimm\u00e4iset innokkaat sielt\u00e4 jo\u00a0 saapua. Pian on vanha talo t\u00e4ynnn\u00e4ns\u00e4 innokasta puheensorinaa, keskittynytt\u00e4 taiteilua, liimasormia ja iso kasa valmiita joulutervehdyksi\u00e4 yst\u00e4ville!<\/p>\n<p>V\u00e4en poistuttua Eevert siivoaa loput v\u00e4lineet talteen ja huomaa itsekin saaneen aikaiseksi hyv\u00e4n joukon joulukortteja. T\u00e4st\u00e4 tuli oikein hyv\u00e4 juhlap\u00e4iv\u00e4 meille kaikille! Onneksi ei ihan y\u00f6h\u00f6n asti mennyt, mumisi Eevert mahtavien haukotustensa lomassa.<\/p>\n<p>&nbsp;<\/p>\n<figure id=\"attachment_5705\" aria-describedby=\"caption-attachment-5705\" style=\"width: 500px\" class=\"wp-caption aligncenter\"><a href=\"http:\/\/kinanen.fi\/wordpress\/wp-content\/uploads\/2012\/11\/12.12b.jpg\"><img loading=\"lazy\" decoding=\"async\" class=\" wp-image-5705\" title=\"12.12b\" src=\"http:\/\/kinanen.fi\/wordpress\/wp-content\/uploads\/2012\/11\/12.12b.jpg\" alt=\"\" width=\"500\" height=\"369\" \/><\/a><figcaption id=\"caption-attachment-5705\" class=\"wp-caption-text\">Eevertin valmiit kortit<\/figcaption><\/figure>\n<p>&nbsp;<\/p>\n<p>Mit\u00e4 sin\u00e4 teit t\u00e4n\u00e4\u00e4n 12.12.12.?<\/p>\n<p>&nbsp;<\/p>\n<p>&nbsp;<\/p>\n<p>&nbsp;<\/p>\n","protected":false},"excerpt":{"rendered":"<p>Taitaa olla juhlap\u00e4iv\u00e4 t\u00e4n\u00e4\u00e4n, tuumailee Eevert huomatessaan lehden kulmassa p\u00e4iv\u00e4m\u00e4\u00e4r\u00e4n 12.12.12. Juhlia tai merkitt\u00e4vi\u00e4 el\u00e4m\u00e4n taitekohtia juhlistetaan v\u00e4lill\u00e4 niin ett\u00e4 ajoitetaan kiinnostaville p\u00e4iv\u00e4m\u00e4\u00e4rille. &nbsp; &nbsp; Katsellaanpa lehte\u00e4&#8230; vihkimisi\u00e4 ja h\u00e4it\u00e4 on paljon. Luvassa ihan h\u00e4\u00e4\u00f6it\u00e4, miss\u00e4 useita pareja vihit\u00e4\u00e4n avioliittoon joko yht\u00e4aikaa tai per\u00e4kk\u00e4in. Jos ei kovin mahtavia juhlia halua pit\u00e4\u00e4, niin t\u00e4mm\u00f6inen sit\u00e4 sopii [&hellip;]<\/p>\n","protected":false},"author":1,"featured_media":0,"comment_status":"open","ping_status":"open","sticky":false,"template":"","format":"standard","meta":{"footnotes":""},"categories":[],"tags":[],"class_list":["post-5307","post","type-post","status-publish","format-standard","hentry"],"_links":{"self":[{"href":"https:\/\/www.kinanen.fi\/nukkekoti\/wp-json\/wp\/v2\/posts\/5307","targetHints":{"allow":["GET"]}}],"collection":[{"href":"https:\/\/www.kinanen.fi\/nukkekoti\/wp-json\/wp\/v2\/posts"}],"about":[{"href":"https:\/\/www.kinanen.fi\/nukkekoti\/wp-json\/wp\/v2\/types\/post"}],"author":[{"embeddable":true,"href":"https:\/\/www.kinanen.fi\/nukkekoti\/wp-json\/wp\/v2\/users\/1"}],"replies":[{"embeddable":true,"href":"https:\/\/www.kinanen.fi\/nukkekoti\/wp-json\/wp\/v2\/comments?post=5307"}],"version-history":[{"count":6,"href":"https:\/\/www.kinanen.fi\/nukkekoti\/wp-json\/wp\/v2\/posts\/5307\/revisions"}],"predecessor-version":[{"id":5707,"href":"https:\/\/www.kinanen.fi\/nukkekoti\/wp-json\/wp\/v2\/posts\/5307\/revisions\/5707"}],"wp:attachment":[{"href":"https:\/\/www.kinanen.fi\/nukkekoti\/wp-json\/wp\/v2\/media?parent=5307"}],"wp:term":[{"taxonomy":"category","embeddable":true,"href":"https:\/\/www.kinanen.fi\/nukkekoti\/wp-json\/wp\/v2\/categories?post=5307"},{"taxonomy":"post_tag","embeddable":true,"href":"https:\/\/www.kinanen.fi\/nukkekoti\/wp-json\/wp\/v2\/tags?post=5307"}],"curies":[{"name":"wp","href":"https:\/\/api.w.org\/{rel}","templated":true}]}}