{"id":5309,"date":"2012-12-13T06:00:48","date_gmt":"2012-12-13T04:00:48","guid":{"rendered":"http:\/\/kinanen.fi\/wordpress\/?p=5309"},"modified":"2012-12-13T08:14:56","modified_gmt":"2012-12-13T06:14:56","slug":"13-12-lucian-paiva-3","status":"publish","type":"post","link":"https:\/\/www.kinanen.fi\/nukkekoti\/13-12-lucian-paiva-3\/","title":{"rendered":"13.12. Lucian p\u00e4iv\u00e4"},"content":{"rendered":"<p style=\"text-align: center;\">&#8221;Taivaalla t\u00e4htivy\u00f6 kirkkaana loistaa, viesti\u00e4 jouluy\u00f6n tuikkeensa toistaa.<br \/>\nTaivainen kirkkaus, riemuisa julistus. Kynttil\u00e4t syttyy, kynttil\u00e4t syttyy!&#8221;<\/p>\n<p style=\"text-align: center;\">[youtube]http:\/\/www.youtube.com\/watch?v=emg5-k3RAlw[\/youtube]<\/p>\n<p>&nbsp;<\/p>\n<p>Lucian p\u00e4iv\u00e4\u00e4 vietet\u00e4\u00e4n t\u00e4n\u00e4\u00e4n. Se ei ole meill\u00e4 kirkkovuoden juhla, mutta p\u00e4iv\u00e4n viett\u00e4minen on muodostunut perinteeksi. Juhla periytyy monien muiden vuotuisjuhlien tapaan katolisesta pyhimyskalenterista.<\/p>\n<p>Ennen vanhaan \u2013 ei vaan tosi kauan aikaa sitten &#8211; Ruotsi-Suomessa 13. joulukuuta oli koulujen lukukauden p\u00e4\u00e4t\u00f6sp\u00e4iv\u00e4, joten Lucian juhlinta levisi koulujen kautta. Esimerkiksi Porvoon lyseosta Lucian aamujuhla mainitaan 1860-luvulla yleisen\u00e4 tapana.<\/p>\n<p>Kouluun Eevertinkin ensimm\u00e4iset muistikuvat Lucia-neidosta liittyv\u00e4t. Kotona sellaisesta ei koskaan oltu kuultu. Lucia on ehk\u00e4 tunnetumpi ollut ruotsinkielisen v\u00e4est\u00f6n keskuudessa. Koulussa ruotsin tunnilla ensimm\u00e4isi\u00e4 kertoja asia valaistui eevertille. Ensimm\u00e4inen pime\u00e4ss\u00e4 koulussa kiert\u00e4nyt Lucia-kulkue kynttil\u00f6ineen aiheutti enimm\u00e4kseen kummastusta nuoren miehen p\u00e4\u00e4ss\u00e4. Sensijaan mukavaa oli kun tuo neito &#8211; kaunis neito (ylemm\u00e4n luokan ihana tytt\u00f6) &#8211; ojensi Eevertille pullan hymyillen. Siin\u00e4 nuorenmiehen syd\u00e4n pampahti melkein niin kovaa ett\u00e4 nolotti, jos vaikka joku kuuli sen molskahduksen ja korvien suhinan tuona hetken\u00e4.<\/p>\n<p>&nbsp;<\/p>\n<figure id=\"attachment_5736\" aria-describedby=\"caption-attachment-5736\" style=\"width: 340px\" class=\"wp-caption aligncenter\"><a href=\"http:\/\/kinanen.fi\/wordpress\/wp-content\/uploads\/2012\/11\/Kuvankaappaus-2012-11-10-kello-14.44.50.png\"><img fetchpriority=\"high\" decoding=\"async\" class=\"size-full wp-image-5736\" title=\"Kuvankaappaus 2012-11-10 kello 14.44.50\" src=\"http:\/\/kinanen.fi\/wordpress\/wp-content\/uploads\/2012\/11\/Kuvankaappaus-2012-11-10-kello-14.44.50.png\" alt=\"\" width=\"340\" height=\"241\" \/><\/a><figcaption id=\"caption-attachment-5736\" class=\"wp-caption-text\">Luciakortti<\/figcaption><\/figure>\n<p>&nbsp;<\/p>\n<p>Pulla siis liittyy ehdottomasti Lucian-p\u00e4iv\u00e4n viettoon. Niinp\u00e4 perinteisesti Eevertkin on sijoittanut yhden leivontap\u00e4iv\u00e4ns\u00e4 Lucia-juhlan aikoihin.<\/p>\n<p><strong>Lussekatter &#8211; Lucia-pullat<br \/>\n<\/strong><\/p>\n<p>200g voita, 7 dl maitoa, hyppysellinen sahramia, hiivapala,\u00a0 2 dl sokeria, vajaa tl suolaa, 2 tl kaardemummaa, 16 dl vehn\u00e4jauhoja, muna voiteluun ja rusinoita koristeluun<\/p>\n<p>Sulata voi kattilassa, lis\u00e4\u00e4 maito, lis\u00e4\u00e4 sahrami l\u00e4mpim\u00e4\u00e4n seokseen, murenna hiiva kulhoon ja kaada l\u00e4mmint\u00e4 maitoseosta hiivaan ja sekoita kunnes hiiva on liuennut. Lis\u00e4\u00e4 loput maitoseoksesta kulhoon ja lis\u00e4\u00e4 sokeri, suola sek\u00e4 suurin osa jauhoista. Vaivaa taikinaksi ja peit\u00e4 kulho. Kohota taikina.<\/p>\n<p>Leikkaa taikina palasiksi ja muotoile; \u00a0perinteisimm\u00e4t lussekatter -pullat ovat s-kirjaimen muotoisia. Peit\u00e4 pullat pellill\u00e4 ja kohota. Koristele rusinoilla ja voitele munalla.\u00a0 Paista uunissa 225 asteessa noin 10-12 min.<\/p>\n<p>&nbsp;<\/p>\n<figure id=\"attachment_5737\" aria-describedby=\"caption-attachment-5737\" style=\"width: 502px\" class=\"wp-caption aligncenter\"><a href=\"http:\/\/kinanen.fi\/wordpress\/wp-content\/uploads\/2012\/11\/13.12a.jpg\"><img decoding=\"async\" class=\" wp-image-5737\" title=\"13.12a\" src=\"http:\/\/kinanen.fi\/wordpress\/wp-content\/uploads\/2012\/11\/13.12a.jpg\" alt=\"\" width=\"502\" height=\"375\" \/><\/a><figcaption id=\"caption-attachment-5737\" class=\"wp-caption-text\">Luciapullia ja pipareita<\/figcaption><\/figure>\n<p>&nbsp;<\/p>\n<p>Leivontahetken j\u00e4lkeen Eevet pakkaa l\u00e4mpim\u00e4iset koriin ja l\u00e4htee kiertelem\u00e4\u00e4n kyl\u00e4\u00e4. Eevert tarjoaa vastaantulijoille l\u00e4mpim\u00e4isi\u00e4 koristaan. Alkuh\u00e4mmennyksen j\u00e4lkeen ihmiset ilahtuvat ja jatkavat matkaansa hymyss\u00e4suin. Hymy ja hyv\u00e4n tekeminen tarttuu heist\u00e4 eteenp\u00e4n. Pian on t\u00e4ss\u00e4 pieness\u00e4 maassamme ainakin yksi hymyilev\u00e4 ja iloinen kyl\u00e4. Eevert on tyytyv\u00e4inen kierrokseensa ja palaa itsekin hyvill\u00e4 mielin takaisin tupaansa miettim\u00e4\u00e4n, mit\u00e4 sit\u00e4 huomenna tekisi.<\/p>\n<p>Nykyinen Lucian p\u00e4iv\u00e4, jolloin Lucia-neidot eri kaupungeissa kiert\u00e4v\u00e4t muun muassa p\u00e4iv\u00e4- ja vanhustenkodeissa hyv\u00e4ntekev\u00e4isyysker\u00e4ysten edustajina, on per\u00e4isin 1900-luvun alusta. Ensimm\u00e4inen Lucia-kilpailu ja -kulkue j\u00e4rjestettiin Tukholmassa vuonna 1928 ja Helsingiss\u00e4 jo kaksi vuotta my\u00f6hemmin vuonna 1930.<\/p>\n<p>&nbsp;<\/p>\n<figure id=\"attachment_5738\" aria-describedby=\"caption-attachment-5738\" style=\"width: 292px\" class=\"wp-caption aligncenter\"><a href=\"http:\/\/www.vasabrage.fi\/suomi\/lucia_neito\/\" target=\"_blank\"><img decoding=\"async\" class=\"size-full wp-image-5738\" title=\"Kuvankaappaus 2012-11-10 kello 15.02.20\" src=\"http:\/\/kinanen.fi\/wordpress\/wp-content\/uploads\/2012\/11\/Kuvankaappaus-2012-11-10-kello-15.02.20.png\" alt=\"\" width=\"292\" height=\"484\" \/><\/a><figcaption id=\"caption-attachment-5738\" class=\"wp-caption-text\">Lucia-neito Gerd Backman, 1938<\/figcaption><\/figure>\n<p><span style=\"color: #ffcc99;\">Klikkaa kuvaa niin p\u00e4\u00e4set tutustumaan er\u00e4\u00e4seen maamme vanhimpaan Lucia-perinteeseen Vaasaan!<\/span><\/p>\n<p>&nbsp;<\/p>\n<p>Lucia-neito on nyky\u00e4\u00e4n yleinen hyv\u00e4ntahdon l\u00e4hettil\u00e4s sek\u00e4 n\u00e4k\u00f6vammaisten ja sokeiden suojelupyhimys katolisen pyhimyskalenterin mukaan.<\/p>\n<p>&nbsp;<\/p>\n<p>Millainen hyv\u00e4ntahdon asia tai tapa liittyy Sinun el\u00e4m\u00e4\u00e4si tai joulunodotukseesi?<\/p>\n<p>&nbsp;<\/p>\n<p>__________________________________________<\/p>\n<p>Leivonnaiset <a href=\"http:\/\/jatanukkekodinruokia.vuodatus.net\/\" target=\"_blank\">Jatan<\/a> k\u00e4sialaa.<\/p>\n","protected":false},"excerpt":{"rendered":"<p>&#8221;Taivaalla t\u00e4htivy\u00f6 kirkkaana loistaa, viesti\u00e4 jouluy\u00f6n tuikkeensa toistaa. Taivainen kirkkaus, riemuisa julistus. Kynttil\u00e4t syttyy, kynttil\u00e4t syttyy!&#8221; [youtube]http:\/\/www.youtube.com\/watch?v=emg5-k3RAlw[\/youtube] &nbsp; Lucian p\u00e4iv\u00e4\u00e4 vietet\u00e4\u00e4n t\u00e4n\u00e4\u00e4n. Se ei ole meill\u00e4 kirkkovuoden juhla, mutta p\u00e4iv\u00e4n viett\u00e4minen on muodostunut perinteeksi. Juhla periytyy monien muiden vuotuisjuhlien tapaan katolisesta pyhimyskalenterista. Ennen vanhaan \u2013 ei vaan tosi kauan aikaa sitten &#8211; Ruotsi-Suomessa 13. joulukuuta [&hellip;]<\/p>\n","protected":false},"author":1,"featured_media":0,"comment_status":"open","ping_status":"open","sticky":false,"template":"","format":"standard","meta":{"footnotes":""},"categories":[],"tags":[],"class_list":["post-5309","post","type-post","status-publish","format-standard","hentry"],"_links":{"self":[{"href":"https:\/\/www.kinanen.fi\/nukkekoti\/wp-json\/wp\/v2\/posts\/5309","targetHints":{"allow":["GET"]}}],"collection":[{"href":"https:\/\/www.kinanen.fi\/nukkekoti\/wp-json\/wp\/v2\/posts"}],"about":[{"href":"https:\/\/www.kinanen.fi\/nukkekoti\/wp-json\/wp\/v2\/types\/post"}],"author":[{"embeddable":true,"href":"https:\/\/www.kinanen.fi\/nukkekoti\/wp-json\/wp\/v2\/users\/1"}],"replies":[{"embeddable":true,"href":"https:\/\/www.kinanen.fi\/nukkekoti\/wp-json\/wp\/v2\/comments?post=5309"}],"version-history":[{"count":10,"href":"https:\/\/www.kinanen.fi\/nukkekoti\/wp-json\/wp\/v2\/posts\/5309\/revisions"}],"predecessor-version":[{"id":5740,"href":"https:\/\/www.kinanen.fi\/nukkekoti\/wp-json\/wp\/v2\/posts\/5309\/revisions\/5740"}],"wp:attachment":[{"href":"https:\/\/www.kinanen.fi\/nukkekoti\/wp-json\/wp\/v2\/media?parent=5309"}],"wp:term":[{"taxonomy":"category","embeddable":true,"href":"https:\/\/www.kinanen.fi\/nukkekoti\/wp-json\/wp\/v2\/categories?post=5309"},{"taxonomy":"post_tag","embeddable":true,"href":"https:\/\/www.kinanen.fi\/nukkekoti\/wp-json\/wp\/v2\/tags?post=5309"}],"curies":[{"name":"wp","href":"https:\/\/api.w.org\/{rel}","templated":true}]}}