{"id":5311,"date":"2012-12-14T06:00:57","date_gmt":"2012-12-14T04:00:57","guid":{"rendered":"http:\/\/kinanen.fi\/wordpress\/?p=5311"},"modified":"2012-11-08T12:51:32","modified_gmt":"2012-11-08T10:51:32","slug":"14-12","status":"publish","type":"post","link":"https:\/\/www.kinanen.fi\/nukkekoti\/14-12\/","title":{"rendered":"14.12."},"content":{"rendered":"<p>T\u00e4n\u00e4\u00e4n on perinteinen matka Kalamajalle valmistamaan el\u00e4inten joulua. Eevertin kalamaja sijaitsee pienen lammen rannalla hyvien kala- ja marja-apajien \u00e4\u00e4rell\u00e4. Majalle\u00a0 on mukava vet\u00e4yty\u00e4 aina hetkeksi nauttimaan er\u00e4maan rauhasta. Johan se on m\u00f6kki laitettava samalla talviteloille. Hattu piipun p\u00e4\u00e4lle ja vesiastiat tyhjiksi. Joskus j\u00e4\u00e4nyt sankoon vett\u00e4 talven yli. J\u00e4\u00e4tyess\u00e4\u00e4n ja laajetessaan se on tietenkin halkaissut koko sankon ja mill\u00e4s sitten on vett\u00e4 tupaan tuotu? Kalamajalta on kuitenkin melkoinen matka l\u00e4himm\u00e4lle kaupalle. Siisp\u00e4 tarkkaa puuhaa on talven valmistelu vaatimattomassakin ymp\u00e4rist\u00f6ss\u00e4. Ja sellainen t\u00e4rke\u00e4 teht\u00e4v\u00e4 on parasta aloittaa kunnon pannukahvilla.<\/p>\n<p>&nbsp;<\/p>\n<figure id=\"attachment_5603\" aria-describedby=\"caption-attachment-5603\" style=\"width: 480px\" class=\"wp-caption aligncenter\"><a href=\"http:\/\/kinanen.fi\/wordpress\/wp-content\/uploads\/2012\/11\/14.12a.jpg\"><img fetchpriority=\"high\" decoding=\"async\" class=\"size-full wp-image-5603\" title=\"14.12a\" src=\"http:\/\/kinanen.fi\/wordpress\/wp-content\/uploads\/2012\/11\/14.12a.jpg\" alt=\"\" width=\"480\" height=\"640\" \/><\/a><figcaption id=\"caption-attachment-5603\" class=\"wp-caption-text\">Kahvipannu porisemassa<\/figcaption><\/figure>\n<p>&nbsp;<\/p>\n<p>Niinp\u00e4 Eevert virittelee tulen vanhan kaminan pes\u00e4\u00e4n. Hakee vett\u00e4 lammesta ja laittaa pannun kuumenemaan.<\/p>\n<p>El\u00e4inten joulua Eevert on aina valmistellut suurella l\u00e4mm\u00f6ll\u00e4. T\u00e4n\u00e4 vuonna h\u00e4n on p\u00e4\u00e4tt\u00e4nyt rakentaa hein\u00e4kaukalon pihapiiriin. Jos siihen paljon saa ahdettua hein\u00e4\u00e4 niin varmaan se riitt\u00e4\u00e4 pahimman talven yli.<\/p>\n<p>Tuvan p\u00f6yd\u00e4n \u00e4\u00e4ress\u00e4 on hyv\u00e4 tehd\u00e4 viimeiset suunnitelmat ennen ty\u00f6h\u00f6n ryhtymist\u00e4.<\/p>\n<p>&nbsp;<\/p>\n<figure id=\"attachment_5606\" aria-describedby=\"caption-attachment-5606\" style=\"width: 488px\" class=\"wp-caption aligncenter\"><a href=\"http:\/\/kinanen.fi\/wordpress\/wp-content\/uploads\/2012\/11\/14.12b.jpg\"><img decoding=\"async\" class=\"size-full wp-image-5606\" title=\"14.12b\" src=\"http:\/\/kinanen.fi\/wordpress\/wp-content\/uploads\/2012\/11\/14.12b.jpg\" alt=\"\" width=\"488\" height=\"640\" \/><\/a><figcaption id=\"caption-attachment-5606\" class=\"wp-caption-text\">Tuvan p\u00f6yt\u00e4<\/figcaption><\/figure>\n<p>&nbsp;<\/p>\n<p>Pihan pikku-puun Eevert koristelee talipalloilla iloiseksi joulupuuksi mets\u00e4n el\u00e4imille. Hauska siit\u00e4 tulikin ja pikku linnut ovat nopsasti liittyneet riemuun mukaan. Ajatuksen Eevert sai syksyiselt\u00e4 retkelt\u00e4\u00e4n Salmen kartanon maille, miss\u00e4 seurasi kiinnostuneena luontopolkua. Luontopolulla oli paljon mielenkiintoista tietoa luonnosta ja kaikista el\u00e4imist\u00e4.<\/p>\n<p>&nbsp;<\/p>\n<figure id=\"attachment_5604\" aria-describedby=\"caption-attachment-5604\" style=\"width: 501px\" class=\"wp-caption aligncenter\"><a href=\"http:\/\/kinanen.fi\/wordpress\/wp-content\/uploads\/2012\/11\/IMG_2668.jpg\"><img decoding=\"async\" class=\" wp-image-5604\" title=\"IMG_2668\" src=\"http:\/\/kinanen.fi\/wordpress\/wp-content\/uploads\/2012\/11\/IMG_2668.jpg\" alt=\"\" width=\"501\" height=\"334\" \/><\/a><figcaption id=\"caption-attachment-5604\" class=\"wp-caption-text\">Luontopolun ohje<\/figcaption><\/figure>\n<p>&nbsp;<\/p>\n<p>P\u00e4iv\u00e4n t\u00f6iden p\u00e4\u00e4tteeksi on viel\u00e4 hetki aikaa istuskella nuotion loimussa. Makkarat pit\u00e4\u00e4 paistaa ja loput kahvit juoda ennen paluumatkaa. Eip\u00e4 sit\u00e4 muuta juuri tarvitse.<\/p>\n<p>&nbsp;<\/p>\n<figure id=\"attachment_5605\" aria-describedby=\"caption-attachment-5605\" style=\"width: 502px\" class=\"wp-caption aligncenter\"><a href=\"http:\/\/kinanen.fi\/wordpress\/wp-content\/uploads\/2012\/11\/14.12d.jpg\"><img loading=\"lazy\" decoding=\"async\" class=\" wp-image-5605\" title=\"14.12d\" src=\"http:\/\/kinanen.fi\/wordpress\/wp-content\/uploads\/2012\/11\/14.12d.jpg\" alt=\"\" width=\"502\" height=\"376\" \/><\/a><figcaption id=\"caption-attachment-5605\" class=\"wp-caption-text\">Nuotiomakkara paistumassa<\/figcaption><\/figure>\n<p>&nbsp;<\/p>\n<p>Molemmat maistuvat makoisilta. Ilta alkaa hiljalleen h\u00e4m\u00e4rty\u00e4 ja on aika j\u00e4tt\u00e4\u00e4 Kalamaja. Tuttua polkua pitkin matka taittuu miehelt\u00e4mme sukkelasti.<\/p>\n<p>Eevertin l\u00e4hdetty\u00e4 mets\u00e4n k\u00e4tk\u00f6ist\u00e4 astelee varovaisesti esiin siell\u00e4 tapahtumia tarkkailleet el\u00e4imet. Ensin tulee mets\u00e4kauris \u00e4iti tunnustelemaan paikan turvallisuutta. Pian pieni vasa saa luvan tulla esiin. Molemmat herk\u00e4t mets\u00e4n asukit nauttivat saamastaan hein\u00e4st\u00e4 ja luovat kiitollisen katseen polun h\u00e4m\u00e4ryyteen katoavalle miehen sel\u00e4lle.<\/p>\n<p>&nbsp;<\/p>\n<figure id=\"attachment_5607\" aria-describedby=\"caption-attachment-5607\" style=\"width: 502px\" class=\"wp-caption aligncenter\"><a href=\"http:\/\/kinanen.fi\/wordpress\/wp-content\/uploads\/2012\/11\/14.12g.jpg\"><img loading=\"lazy\" decoding=\"async\" class=\" wp-image-5607\" title=\"14.12g\" src=\"http:\/\/kinanen.fi\/wordpress\/wp-content\/uploads\/2012\/11\/14.12g.jpg\" alt=\"\" width=\"502\" height=\"376\" \/><\/a><figcaption id=\"caption-attachment-5607\" class=\"wp-caption-text\">Mets\u00e4kauriit<\/figcaption><\/figure>\n<p>&nbsp;<\/p>\n<p>Illan aikana monet muutkin tutut el\u00e4imet piipahtavat pihalla. Pikku-karhu tuntuu olevan kiinnostunut my\u00f6s m\u00f6kist\u00e4. Onkohan Eevert unohtanut sinne marjasammion, vai mik\u00e4 karhunpoikaa oikein kiinnostaa\u2026<\/p>\n<p>&nbsp;<\/p>\n<figure id=\"attachment_5608\" aria-describedby=\"caption-attachment-5608\" style=\"width: 480px\" class=\"wp-caption aligncenter\"><a href=\"http:\/\/kinanen.fi\/wordpress\/wp-content\/uploads\/2012\/11\/14.12e.jpg\"><img loading=\"lazy\" decoding=\"async\" class=\"size-full wp-image-5608\" title=\"14.12e\" src=\"http:\/\/kinanen.fi\/wordpress\/wp-content\/uploads\/2012\/11\/14.12e.jpg\" alt=\"\" width=\"480\" height=\"640\" \/><\/a><figcaption id=\"caption-attachment-5608\" class=\"wp-caption-text\">Karhunpoika l\u00f6yt\u00f6retkell\u00e4<\/figcaption><\/figure>\n<p>&nbsp;<\/p>\n<p>Melkoisen vilkasta on Eevertin Kalamajalla. Eip\u00e4 taida mies aavistaakaan mit\u00e4 kaikkea tontilla on h\u00e4nen l\u00e4htemises\u00e4 j\u00e4lkeen tapahtunut.<\/p>\n<p>Illalla viimeisen\u00e4 pihapiiriin kurkistaa er\u00e4s mets\u00e4n v\u00e4enkin mielest\u00e4 arvostetuista asukeista&#8230;<\/p>\n<p>&nbsp;<\/p>\n<figure id=\"attachment_5610\" aria-describedby=\"caption-attachment-5610\" style=\"width: 480px\" class=\"wp-caption aligncenter\"><a href=\"http:\/\/kinanen.fi\/wordpress\/wp-content\/uploads\/2012\/11\/14.12f1.jpg\"><img loading=\"lazy\" decoding=\"async\" class=\"size-full wp-image-5610\" title=\"14.12f\" src=\"http:\/\/kinanen.fi\/wordpress\/wp-content\/uploads\/2012\/11\/14.12f1.jpg\" alt=\"\" width=\"480\" height=\"640\" \/><\/a><figcaption id=\"caption-attachment-5610\" class=\"wp-caption-text\">Komea sarvip\u00e4\u00e4<\/figcaption><\/figure>\n<p>&nbsp;<\/p>\n<p>Miten sin\u00e4 ilahduttaisit mets\u00e4nv\u00e4en joulunaikaa?<\/p>\n<p>&nbsp;<\/p>\n<p>&nbsp;<\/p>\n<p>&nbsp;<\/p>\n","protected":false},"excerpt":{"rendered":"<p>T\u00e4n\u00e4\u00e4n on perinteinen matka Kalamajalle valmistamaan el\u00e4inten joulua. Eevertin kalamaja sijaitsee pienen lammen rannalla hyvien kala- ja marja-apajien \u00e4\u00e4rell\u00e4. Majalle\u00a0 on mukava vet\u00e4yty\u00e4 aina hetkeksi nauttimaan er\u00e4maan rauhasta. Johan se on m\u00f6kki laitettava samalla talviteloille. Hattu piipun p\u00e4\u00e4lle ja vesiastiat tyhjiksi. Joskus j\u00e4\u00e4nyt sankoon vett\u00e4 talven yli. J\u00e4\u00e4tyess\u00e4\u00e4n ja laajetessaan se on tietenkin halkaissut koko [&hellip;]<\/p>\n","protected":false},"author":1,"featured_media":0,"comment_status":"open","ping_status":"open","sticky":false,"template":"","format":"standard","meta":{"footnotes":""},"categories":[],"tags":[],"class_list":["post-5311","post","type-post","status-publish","format-standard","hentry"],"_links":{"self":[{"href":"https:\/\/www.kinanen.fi\/nukkekoti\/wp-json\/wp\/v2\/posts\/5311","targetHints":{"allow":["GET"]}}],"collection":[{"href":"https:\/\/www.kinanen.fi\/nukkekoti\/wp-json\/wp\/v2\/posts"}],"about":[{"href":"https:\/\/www.kinanen.fi\/nukkekoti\/wp-json\/wp\/v2\/types\/post"}],"author":[{"embeddable":true,"href":"https:\/\/www.kinanen.fi\/nukkekoti\/wp-json\/wp\/v2\/users\/1"}],"replies":[{"embeddable":true,"href":"https:\/\/www.kinanen.fi\/nukkekoti\/wp-json\/wp\/v2\/comments?post=5311"}],"version-history":[{"count":5,"href":"https:\/\/www.kinanen.fi\/nukkekoti\/wp-json\/wp\/v2\/posts\/5311\/revisions"}],"predecessor-version":[{"id":5613,"href":"https:\/\/www.kinanen.fi\/nukkekoti\/wp-json\/wp\/v2\/posts\/5311\/revisions\/5613"}],"wp:attachment":[{"href":"https:\/\/www.kinanen.fi\/nukkekoti\/wp-json\/wp\/v2\/media?parent=5311"}],"wp:term":[{"taxonomy":"category","embeddable":true,"href":"https:\/\/www.kinanen.fi\/nukkekoti\/wp-json\/wp\/v2\/categories?post=5311"},{"taxonomy":"post_tag","embeddable":true,"href":"https:\/\/www.kinanen.fi\/nukkekoti\/wp-json\/wp\/v2\/tags?post=5311"}],"curies":[{"name":"wp","href":"https:\/\/api.w.org\/{rel}","templated":true}]}}