{"id":5313,"date":"2012-12-15T06:00:49","date_gmt":"2012-12-15T04:00:49","guid":{"rendered":"http:\/\/kinanen.fi\/wordpress\/?p=5313"},"modified":"2014-06-22T11:02:29","modified_gmt":"2014-06-22T08:02:29","slug":"15-12","status":"publish","type":"post","link":"https:\/\/www.kinanen.fi\/nukkekoti\/15-12\/","title":{"rendered":"15.12."},"content":{"rendered":"<p>Kynttil\u00f6iden valaminen ja kastaminen on Eevertin perinteisi\u00e4 joulunaluspuuhia. T\u00e4n\u00e4\u00e4n n\u00e4ytt\u00e4\u00e4 olevan oikein hyv\u00e4 valanta p\u00e4iv\u00e4.<\/p>\n<p>Vuoden varrella Eeverill\u00e4 on tapana ker\u00e4t\u00e4 kynttil\u00e4np\u00e4tki\u00e4 sielt\u00e4 t\u00e4\u00e4lt\u00e4. Niist\u00e4 sitten valmistetaan uudelleen k\u00e4ytt\u00f6\u00f6n sopivia kynttil\u00f6it\u00e4. Varsinaista kierr\u00e4tyst\u00e4, sit\u00e4 tarvittaisiin monessa asiassa t\u00e4ss\u00e4 el\u00e4m\u00e4ss\u00e4.<\/p>\n<p>Kynttil\u00e4talkoisiin Eevert valmistautuu huolella. Palopeitteet on paikoillaan ja keskittymisrauha varmistettu. Sula kynttil\u00e4massa on herkk\u00e4\u00e4 syttym\u00e4\u00e4n, siksi ty\u00f6h\u00f6n on keskitytt\u00e4v\u00e4 koko olemuksellaan. On tainnut aikaa my\u00f6ten monessa talossa sytty\u00e4 tulipalojakin kun valmistajat eiv\u00e4t ole olleet tarkkana polttavan kuuman kynttil\u00e4massan kanssa.<\/p>\n<p>N\u00e4ihin puuhiin pieni Tenho-koirakaan ei osallistu, sill\u00e4 kuinka mahtaisi k\u00e4yd\u00e4k\u00e4\u00e4n jos pentu innoisaan h\u00e4\u00e4risi valamispuuhissa.<\/p>\n<p>&nbsp;<\/p>\n<p><a href=\"http:\/\/kinanen.fi\/wordpress\/wp-content\/uploads\/2011\/11\/Kynttil%C3%A4t4.jpg\"><img fetchpriority=\"high\" decoding=\"async\" title=\"Kynttil\u00e4t4\" src=\"http:\/\/kinanen.fi\/wordpress\/wp-content\/uploads\/2011\/11\/Kynttil%C3%A4t4.jpg\" alt=\"\" width=\"483\" height=\"640\" \/><\/a><\/p>\n<p>&nbsp;<\/p>\n<p>Muutaman juhlap\u00f6yt\u00e4\u00e4n tarkoitetun kastetunkin kynttil\u00e4n Eevert kaikessa rauhassa valmistaa. Kynttil\u00f6iden tekeminen on tarkkaa puuhaa. Siin\u00e4 on oltava vakaa k\u00e4si ja tasainen liike kun syd\u00e4nlankaan hiljaksiin kerros kerrokselta kastetaan sulaan massaan. Vaiva kyll\u00e4 kannattaa, sill\u00e4 on se niin mukava joulup\u00f6yt\u00e4 varustaa omin k\u00e4sin tehdyill\u00e4 valontuojilla.<\/p>\n<p>Eevert oikein huomaa innostuvansa kastamiseen ja suhteellisen vilkkaaseen tahtiin kynttil\u00e4pino kasvaa, niin ett\u00e4 taitaa olla viel\u00e4 p\u00e4\u00e4si\u00e4isen\u00e4kin p\u00f6yd\u00e4ss\u00e4 itse valmistettuja kynttil\u00f6it\u00e4.<\/p>\n<p>&nbsp;<\/p>\n<figure id=\"attachment_5747\" aria-describedby=\"caption-attachment-5747\" style=\"width: 501px\" class=\"wp-caption aligncenter\"><a href=\"http:\/\/kinanen.fi\/wordpress\/wp-content\/uploads\/2012\/11\/Kynttil.jpg\"><img decoding=\"async\" class=\" wp-image-5747\" title=\"Kynttil\" src=\"http:\/\/kinanen.fi\/wordpress\/wp-content\/uploads\/2012\/11\/Kynttil.jpg\" alt=\"\" width=\"501\" height=\"337\" \/><\/a><figcaption id=\"caption-attachment-5747\" class=\"wp-caption-text\">Isoja kynttil\u00f6it\u00e4<\/figcaption><\/figure>\n<p>&nbsp;<\/p>\n<p>Osan kynttil\u00e4massasta Eevert valaa muottiin. Muotin tulee olla sellainen mist\u00e4 kynttil\u00e4n saa pois sitten kun massa on j\u00e4hmettynyt. Hyvi\u00e4 muotteja ovat vaikkapa maitopurkit. Niihin kiinnitet\u00e4\u00e4n syd\u00e4nlanka ensiksi paikoilleen ja pohjaan kiinni, vaikka maalarinteipill\u00e4. Sula massa kaadetaan p\u00e4\u00e4lle ja varmistetaan ett\u00e4 syd\u00e4nlanka pysyy pystyss\u00e4. Annetaan rauhassa j\u00e4\u00e4hty\u00e4 ja puretaan muotti ymp\u00e4rilt\u00e4.<\/p>\n<p>Kynttil\u00e4n voi sitten asettaa p\u00f6yd\u00e4lle jouluiloksi tai ulos lyhtyyn.<\/p>\n<p>&nbsp;<\/p>\n<figure id=\"attachment_5748\" aria-describedby=\"caption-attachment-5748\" style=\"width: 427px\" class=\"wp-caption aligncenter\"><a href=\"http:\/\/kinanen.fi\/wordpress\/wp-content\/uploads\/2012\/11\/luhty3.jpg\"><img decoding=\"async\" class=\"size-full wp-image-5748\" title=\"luhty3\" src=\"http:\/\/kinanen.fi\/wordpress\/wp-content\/uploads\/2012\/11\/luhty3.jpg\" alt=\"\" width=\"427\" height=\"640\" \/><\/a><figcaption id=\"caption-attachment-5748\" class=\"wp-caption-text\">Pihalyhty<\/figcaption><\/figure>\n<p>&nbsp;<\/p>\n<p>Kynttil\u00f6ist\u00e4 Eevert pit\u00e4\u00e4 oikein erityisesti. Niiden tuoma valo on pehme\u00e4 ja kodikas. Kynttil\u00e4 symbolisoi my\u00f6s rukousta. Sen kautta voidaan muistaa kaikkia l\u00e4heisi\u00e4 tai vaikka tuntemattomiakin joiden puolesta haluaa rukoilla tai joita esityisesti haluaa siunata el\u00e4m\u00e4n eri vaiheissa. Monissa kirkoissa on mahdollisuus sytytt\u00e4\u00e4 muisto- ja rukouskynttil\u00e4. Matkoillaan ja reissuillaan Eevertill\u00e4 on tapana sytytt\u00e4\u00e4 kynttil\u00e4 aina kun se vain on mahdollista.<\/p>\n<p>&nbsp;<\/p>\n<figure id=\"attachment_5749\" aria-describedby=\"caption-attachment-5749\" style=\"width: 427px\" class=\"wp-caption aligncenter\"><a href=\"http:\/\/kinanen.fi\/wordpress\/wp-content\/uploads\/2012\/11\/kynttilat12.jpg\"><img loading=\"lazy\" decoding=\"async\" class=\"size-full wp-image-5749\" title=\"kynttila\u0308t\" src=\"http:\/\/kinanen.fi\/wordpress\/wp-content\/uploads\/2012\/11\/kynttilat12.jpg\" alt=\"\" width=\"427\" height=\"640\" \/><\/a><figcaption id=\"caption-attachment-5749\" class=\"wp-caption-text\">Rukouskynttil\u00f6it\u00e4<\/figcaption><\/figure>\n<p>&nbsp;<\/p>\n<p>Ket\u00e4 sin\u00e4 haluaisit t\u00e4n\u00e4\u00e4n erityisesti muistaa?<\/p>\n<p>&nbsp;<\/p>\n<p>&nbsp;<\/p>\n","protected":false},"excerpt":{"rendered":"<p>Kynttil\u00f6iden valaminen ja kastaminen on Eevertin perinteisi\u00e4 joulunaluspuuhia. T\u00e4n\u00e4\u00e4n n\u00e4ytt\u00e4\u00e4 olevan oikein hyv\u00e4 valanta p\u00e4iv\u00e4. Vuoden varrella Eeverill\u00e4 on tapana ker\u00e4t\u00e4 kynttil\u00e4np\u00e4tki\u00e4 sielt\u00e4 t\u00e4\u00e4lt\u00e4. Niist\u00e4 sitten valmistetaan uudelleen k\u00e4ytt\u00f6\u00f6n sopivia kynttil\u00f6it\u00e4. Varsinaista kierr\u00e4tyst\u00e4, sit\u00e4 tarvittaisiin monessa asiassa t\u00e4ss\u00e4 el\u00e4m\u00e4ss\u00e4. Kynttil\u00e4talkoisiin Eevert valmistautuu huolella. Palopeitteet on paikoillaan ja keskittymisrauha varmistettu. Sula kynttil\u00e4massa on herkk\u00e4\u00e4 syttym\u00e4\u00e4n, siksi [&hellip;]<\/p>\n","protected":false},"author":1,"featured_media":0,"comment_status":"open","ping_status":"open","sticky":false,"template":"","format":"standard","meta":{"footnotes":""},"categories":[],"tags":[],"class_list":["post-5313","post","type-post","status-publish","format-standard","hentry"],"_links":{"self":[{"href":"https:\/\/www.kinanen.fi\/nukkekoti\/wp-json\/wp\/v2\/posts\/5313","targetHints":{"allow":["GET"]}}],"collection":[{"href":"https:\/\/www.kinanen.fi\/nukkekoti\/wp-json\/wp\/v2\/posts"}],"about":[{"href":"https:\/\/www.kinanen.fi\/nukkekoti\/wp-json\/wp\/v2\/types\/post"}],"author":[{"embeddable":true,"href":"https:\/\/www.kinanen.fi\/nukkekoti\/wp-json\/wp\/v2\/users\/1"}],"replies":[{"embeddable":true,"href":"https:\/\/www.kinanen.fi\/nukkekoti\/wp-json\/wp\/v2\/comments?post=5313"}],"version-history":[{"count":5,"href":"https:\/\/www.kinanen.fi\/nukkekoti\/wp-json\/wp\/v2\/posts\/5313\/revisions"}],"predecessor-version":[{"id":7686,"href":"https:\/\/www.kinanen.fi\/nukkekoti\/wp-json\/wp\/v2\/posts\/5313\/revisions\/7686"}],"wp:attachment":[{"href":"https:\/\/www.kinanen.fi\/nukkekoti\/wp-json\/wp\/v2\/media?parent=5313"}],"wp:term":[{"taxonomy":"category","embeddable":true,"href":"https:\/\/www.kinanen.fi\/nukkekoti\/wp-json\/wp\/v2\/categories?post=5313"},{"taxonomy":"post_tag","embeddable":true,"href":"https:\/\/www.kinanen.fi\/nukkekoti\/wp-json\/wp\/v2\/tags?post=5313"}],"curies":[{"name":"wp","href":"https:\/\/api.w.org\/{rel}","templated":true}]}}