{"id":5315,"date":"2012-12-16T06:00:41","date_gmt":"2012-12-16T04:00:41","guid":{"rendered":"http:\/\/kinanen.fi\/wordpress\/?p=5315"},"modified":"2012-12-16T08:53:22","modified_gmt":"2012-12-16T06:53:22","slug":"16-12-kolmas-adventti","status":"publish","type":"post","link":"https:\/\/www.kinanen.fi\/nukkekoti\/16-12-kolmas-adventti\/","title":{"rendered":"16.12. Kolmas Adventti"},"content":{"rendered":"<figure id=\"attachment_5546\" aria-describedby=\"caption-attachment-5546\" style=\"width: 470px\" class=\"wp-caption aligncenter\"><a href=\"http:\/\/kinanen.fi\/wordpress\/wp-content\/uploads\/2012\/11\/16.12c.jpg\"><img fetchpriority=\"high\" decoding=\"async\" class=\"size-full wp-image-5546\" title=\"16.12c\" src=\"http:\/\/kinanen.fi\/wordpress\/wp-content\/uploads\/2012\/11\/16.12c.jpg\" alt=\"\" width=\"470\" height=\"640\" \/><\/a><figcaption id=\"caption-attachment-5546\" class=\"wp-caption-text\">Aamuh\u00e4m\u00e4r\u00e4ss\u00e4<\/figcaption><\/figure>\n<p>&nbsp;<\/p>\n<p>Aamulla aikaisin on liikett\u00e4 kyl\u00e4ll\u00e4. Eevertin pikkukoirakin on l\u00e4htenyt haistelemaan kirpakkaa aamuilmaa. Maahan on satanut hieman lunta ja keve\u00e4t hiutalet ovat Tenhon mielest\u00e4 oikein hauskoja. Niit\u00e4 on kiva nuoleskella ja hauskasti lumi p\u00f6l\u00e4ht\u00e4\u00e4 kun nen\u00e4ll\u00e4 v\u00e4h\u00e4n tuhahtaa lumen pinnalla.<\/p>\n<p>Kas n\u00e4ytt\u00e4\u00e4 silt\u00e4 ett\u00e4 Suntio on jo valmistelemassa aamuhetke\u00e4.<\/p>\n<p>&nbsp;<\/p>\n<figure id=\"attachment_5547\" aria-describedby=\"caption-attachment-5547\" style=\"width: 502px\" class=\"wp-caption aligncenter\"><a href=\"http:\/\/kinanen.fi\/wordpress\/wp-content\/uploads\/2012\/11\/16.12b.jpg\"><img decoding=\"async\" class=\" wp-image-5547\" title=\"16.12b\" src=\"http:\/\/kinanen.fi\/wordpress\/wp-content\/uploads\/2012\/11\/16.12b.jpg\" alt=\"\" width=\"502\" height=\"376\" \/><\/a><figcaption id=\"caption-attachment-5547\" class=\"wp-caption-text\">Valokeilassa<\/figcaption><\/figure>\n<p>&nbsp;<\/p>\n<p>Uteliaana Tenho kurkistelee pihamaalta sis\u00e4lle. Usein Suntiolla on taskussaan jokin makupala pikkuista yst\u00e4v\u00e4\u00e4ns\u00e4kin varten. Tenho hieman arkailee, sill\u00e4 Suntio n\u00e4ytt\u00e4\u00e4 olevan kovin keskittynyt teht\u00e4viins\u00e4.<\/p>\n<p>T\u00e4n\u00e4\u00e4n syttyv\u00e4 kolmas adventtikynttil\u00e4 on rauhan kynttil\u00e4. Sit\u00e4 sytytelleess\u00e4\u00e4n Suntio tuumii, ett\u00e4 joutaisi t\u00e4mm\u00f6isen t\u00e4rke\u00e4n kynttil\u00e4n sytytt\u00e4\u00e4 useamminkin.<\/p>\n<p>Rauha &#8211; niin ihmisen syd\u00e4mess\u00e4 kuin t\u00e4ss\u00e4 maailmassakin on t\u00e4rke\u00e4 asia. Silloin kun ihmisell\u00e4 on hyv\u00e4 olla niin ei tarvitse toistakaan vahingoittaa mill\u00e4\u00e4n tavalla. Niin usein ja helposti omaa kiukkua ja huonoa tuulta haluaa jakaa toisille. Sit\u00e4mukaa riidat ja turhanaikaiset jupinatkin saavat valtaa.<\/p>\n<p>Mik\u00e4h\u00e4n siin\u00e4 oikein onkaan kun niin helposti l\u00f6yd\u00e4mme viat ja v\u00e4\u00e4ristym\u00e4t sen sijaan ett\u00e4 iloitsisimme olemassa olevasta ja pyrkisimme rakentamaan parempaa huomista. Ihmisen mieli on v\u00e4lill\u00e4 hassu. Tai sitten nariseminen on vain niin mukavaa. Ken tiet\u00e4\u00e4 \u2013 tuumii Suntio ja purskahtaa nauruun.\u00a0 T\u00e4n\u00e4\u00e4n ei ainakaan ole aikomustakaan valitella mist\u00e4\u00e4n, vaan iloita siit\u00e4 ett\u00e4 on aika sytytt\u00e4\u00e4 kolmas adventtikynttil\u00e4 n\u00e4ytt\u00e4m\u00e4\u00e4n valoa ja iloa kaikille k\u00e4vij\u00f6ille.<\/p>\n<p>Kappelille on jo matkalla ihmisi\u00e4. Heid\u00e4n per\u00e4ss\u00e4\u00e4n Tenhokin uskaltautuu ovelle katselemaan. Pian Kappelista kuuluu kaunis laulu:<\/p>\n<p style=\"text-align: center;\"><span style=\"color: #ffcc99;\">Nyt loistaa kolmas kynttil\u00e4,<\/span><br \/>\n<span style=\"color: #ffcc99;\"> niin kirkas, kutsuva.<\/span><br \/>\n<span style=\"color: #ffcc99;\"> Oi, kohta meille kuningas<\/span><br \/>\n<span style=\"color: #ffcc99;\"> jo syntyy tallissa. (virsi 13)<\/span><\/p>\n<p>&nbsp;<\/p>\n<figure id=\"attachment_5521\" aria-describedby=\"caption-attachment-5521\" style=\"width: 500px\" class=\"wp-caption aligncenter\"><a href=\"http:\/\/kinanen.fi\/wordpress\/wp-content\/uploads\/2012\/09\/16.12a.jpg\"><img decoding=\"async\" class=\" wp-image-5521 \" title=\"16.12a\" src=\"http:\/\/kinanen.fi\/wordpress\/wp-content\/uploads\/2012\/09\/16.12a.jpg\" alt=\"\" width=\"500\" height=\"434\" \/><\/a><figcaption id=\"caption-attachment-5521\" class=\"wp-caption-text\">Kolmas kynttil\u00e4 syttyy<\/figcaption><\/figure>\n<p>&nbsp;<\/p>\n<p>Pikkuinen Kappeli on kynttil\u00e4nsytytyslaulun j\u00e4lkeen t\u00e4ynn\u00e4 iloisia ja nauravia kirkkovieraita. Yksi suuri ilahduttaja on Tenho-koira joka on toisten per\u00e4ss\u00e4 astellut sis\u00e4\u00e4n ja asettunut kaikessa rauhassa istuskelemaan k\u00e4yt\u00e4v\u00e4lle ja katselee lumoutuneena kynttil\u00f6it\u00e4, kukkia ja valoja.<\/p>\n<p>Ilo ja hvy\u00e4 mieli tarttuu herk\u00e4sti.<\/p>\n<p>Niinp\u00e4 Suntiokin asettuu urkujensa \u00e4\u00e4reen ja antaa virren 17 kajahtaa mahtavana pieness\u00e4 kirkossa. Suntio on monitaitoinen mies, melkein voisi kuvitella urkutaituri Kalevi Kiviniemen olevan vieraana Kappelin adventtihetkess\u00e4.<\/p>\n<p>&nbsp;<\/p>\n<p>[youtube]http:\/\/www.youtube.com\/watch?v=2-fGJA59kLw[\/youtube]<\/p>\n<p>&nbsp;<\/p>\n<p>Kappelin eteisess\u00e4 Suntio jakoi kaikille pieni\u00e4 paperipalasia ja kyni\u00e4. Jokaisella on t\u00e4n\u00e4\u00e4n mahdollisuus kirjoittaa hyvi\u00e4, iloisia ja rauhaa synnytt\u00e4vi\u00e4 asioita omassa el\u00e4m\u00e4ss\u00e4 yhteiseksi iloksi. Laput saa j\u00e4tt\u00e4\u00e4 portinpieless\u00e4 olevaan Kiitos-laatikkoon t\u00e4n\u00e4\u00e4n tai viikon varrella. Niit\u00e4 voidaan sitten seuraavassa kappelihetkess\u00e4 lukea yhteiseksi iloksi.<\/p>\n<p>Tenhokoirakin k\u00e4vi ulosmenness\u00e4\u00e4n haukahtelemassa laatikolle.<\/p>\n<p>&nbsp;<\/p>\n<figure id=\"attachment_5548\" aria-describedby=\"caption-attachment-5548\" style=\"width: 501px\" class=\"wp-caption aligncenter\"><a href=\"http:\/\/kinanen.fi\/wordpress\/wp-content\/uploads\/2012\/11\/16.12f.jpg\"><img loading=\"lazy\" decoding=\"async\" class=\" wp-image-5548\" title=\"16.12f\" src=\"http:\/\/kinanen.fi\/wordpress\/wp-content\/uploads\/2012\/11\/16.12f.jpg\" alt=\"\" width=\"501\" height=\"628\" \/><\/a><figcaption id=\"caption-attachment-5548\" class=\"wp-caption-text\">Kiitos-laatikko<\/figcaption><\/figure>\n<p>&nbsp;<\/p>\n<p>Millaisia hyvi\u00e4 asioita Sinun el\u00e4m\u00e4ss\u00e4si on?<\/p>\n<p>&nbsp;<\/p>\n","protected":false},"excerpt":{"rendered":"<p>&nbsp; Aamulla aikaisin on liikett\u00e4 kyl\u00e4ll\u00e4. Eevertin pikkukoirakin on l\u00e4htenyt haistelemaan kirpakkaa aamuilmaa. Maahan on satanut hieman lunta ja keve\u00e4t hiutalet ovat Tenhon mielest\u00e4 oikein hauskoja. Niit\u00e4 on kiva nuoleskella ja hauskasti lumi p\u00f6l\u00e4ht\u00e4\u00e4 kun nen\u00e4ll\u00e4 v\u00e4h\u00e4n tuhahtaa lumen pinnalla. Kas n\u00e4ytt\u00e4\u00e4 silt\u00e4 ett\u00e4 Suntio on jo valmistelemassa aamuhetke\u00e4. &nbsp; &nbsp; Uteliaana Tenho kurkistelee pihamaalta [&hellip;]<\/p>\n","protected":false},"author":1,"featured_media":0,"comment_status":"open","ping_status":"open","sticky":false,"template":"","format":"standard","meta":{"footnotes":""},"categories":[],"tags":[],"class_list":["post-5315","post","type-post","status-publish","format-standard","hentry"],"_links":{"self":[{"href":"https:\/\/www.kinanen.fi\/nukkekoti\/wp-json\/wp\/v2\/posts\/5315","targetHints":{"allow":["GET"]}}],"collection":[{"href":"https:\/\/www.kinanen.fi\/nukkekoti\/wp-json\/wp\/v2\/posts"}],"about":[{"href":"https:\/\/www.kinanen.fi\/nukkekoti\/wp-json\/wp\/v2\/types\/post"}],"author":[{"embeddable":true,"href":"https:\/\/www.kinanen.fi\/nukkekoti\/wp-json\/wp\/v2\/users\/1"}],"replies":[{"embeddable":true,"href":"https:\/\/www.kinanen.fi\/nukkekoti\/wp-json\/wp\/v2\/comments?post=5315"}],"version-history":[{"count":6,"href":"https:\/\/www.kinanen.fi\/nukkekoti\/wp-json\/wp\/v2\/posts\/5315\/revisions"}],"predecessor-version":[{"id":5854,"href":"https:\/\/www.kinanen.fi\/nukkekoti\/wp-json\/wp\/v2\/posts\/5315\/revisions\/5854"}],"wp:attachment":[{"href":"https:\/\/www.kinanen.fi\/nukkekoti\/wp-json\/wp\/v2\/media?parent=5315"}],"wp:term":[{"taxonomy":"category","embeddable":true,"href":"https:\/\/www.kinanen.fi\/nukkekoti\/wp-json\/wp\/v2\/categories?post=5315"},{"taxonomy":"post_tag","embeddable":true,"href":"https:\/\/www.kinanen.fi\/nukkekoti\/wp-json\/wp\/v2\/tags?post=5315"}],"curies":[{"name":"wp","href":"https:\/\/api.w.org\/{rel}","templated":true}]}}