{"id":5319,"date":"2012-12-18T06:00:25","date_gmt":"2012-12-18T04:00:25","guid":{"rendered":"http:\/\/kinanen.fi\/wordpress\/?p=5319"},"modified":"2012-11-08T17:11:57","modified_gmt":"2012-11-08T15:11:57","slug":"18-12","status":"publish","type":"post","link":"https:\/\/www.kinanen.fi\/nukkekoti\/18-12\/","title":{"rendered":"18.12."},"content":{"rendered":"<p>Eevertin luo tulee nuoria vieraita. Kyl\u00e4n pojat ovat tulleet tervehtim\u00e4\u00e4n Eeverti\u00e4 ja ihan asiaa tehden. Ennen asioiden hoitamista nuoret vieraat kuitenkin kestit\u00e4\u00e4n, niinkuin talossa on tapana. Pojat sattuivat paikalle juuri samaan aikaan kun Eevertin lettupannu kihisi kuumana hellalla. Liek\u00f6 pojat haistaneet houkuttelevan tuoksun. Eevertin r\u00e4isk\u00e4leet ovat kyl\u00e4n kuulut, sill\u00e4 vastaavia ei taidokkainkaan em\u00e4nt\u00e4 ole saanut aikaiseksi. Ainakaan poikien mielest\u00e4.<\/p>\n<p>&nbsp;<\/p>\n<figure id=\"attachment_5622\" aria-describedby=\"caption-attachment-5622\" style=\"width: 503px\" class=\"wp-caption aligncenter\"><a href=\"http:\/\/kinanen.fi\/wordpress\/wp-content\/uploads\/2012\/11\/18.12b.jpg\"><img fetchpriority=\"high\" decoding=\"async\" class=\" wp-image-5622\" title=\"18.12b\" src=\"http:\/\/kinanen.fi\/wordpress\/wp-content\/uploads\/2012\/11\/18.12b.jpg\" alt=\"\" width=\"503\" height=\"377\" \/><\/a><figcaption id=\"caption-attachment-5622\" class=\"wp-caption-text\">R\u00e4isk\u00e4leet<\/figcaption><\/figure>\n<p>&nbsp;<\/p>\n<p>R\u00e4isk\u00e4leiden lis\u00e4ksi l\u00f6ytyi muutakin vasta tehty\u00e4. Eevertill\u00e4 oli ollut jo joulupaistosten p\u00e4iv\u00e4 ja k\u00e4teviss\u00e4 k\u00e4siss\u00e4 oli syntynyeet jo ensimm\u00e4iset tortut ja pullat. Kun kerran t\u00f6ihin ryhdyt\u00e4\u00e4n niin sitten ruukataan tehd\u00e4 &#8211; Eevertin mielilausahduksia joka on jo monesti k\u00e4ynyt toteen toimeliaan miehen el\u00e4m\u00e4ss\u00e4.<\/p>\n<p>&nbsp;<\/p>\n<figure id=\"attachment_5623\" aria-describedby=\"caption-attachment-5623\" style=\"width: 480px\" class=\"wp-caption aligncenter\"><a href=\"http:\/\/kinanen.fi\/wordpress\/wp-content\/uploads\/2012\/11\/18.12a.jpg\"><img decoding=\"async\" class=\"size-full wp-image-5623\" title=\"18.12a\" src=\"http:\/\/kinanen.fi\/wordpress\/wp-content\/uploads\/2012\/11\/18.12a.jpg\" alt=\"\" width=\"480\" height=\"640\" \/><\/a><figcaption id=\"caption-attachment-5623\" class=\"wp-caption-text\">Nisua ja piparia<\/figcaption><\/figure>\n<p>&nbsp;<\/p>\n<p>Suut t\u00e4ynn\u00e4 pullaa pojat koettavat saada asiansa selvitetty\u00e4. Koululla olisi pian joulujuhlien aika ja t\u00e4n\u00e4 vuonna oli koulun historiallisista arkistolaatikoista kaivettu esiin vanhoja kuusijuhlan ohjelmistoja. Ne olivat sek\u00e4 mielenkiintoisia ett\u00e4 nykypoikien mielest\u00e4 jopa hassunkurisia. Koululla oli yhteistuumin tultu siihen tulokseen ett\u00e4 vanha ohjelma teht\u00e4isiin niin prikulleen uusintana kuin vain mahdollista. Sellaisella asialla pojat liikkuivat.<\/p>\n<p>Kyseisess\u00e4 juhlassa oli Eevertin isois\u00e4 pit\u00e4nyt juhlapuheen. Nyt olisi kovana toiveena saada Eevert koululle t\u00e4ytt\u00e4m\u00e4\u00e4n puheenpit\u00e4j\u00e4n paikka. Aikansa jutusteltuaan ja emmitty\u00e4\u00e4n ja kursailtuaan ja&#8230;. vaikka mit\u00e4 koska Eeverth\u00e4n on vaatimaton mies, vaikka pakko on my\u00f6nt\u00e4\u00e4 ett\u00e4 moinen kunniateht\u00e4v\u00e4 kyll\u00e4 hieman mukavalla tavalla hiveli vanhaa miest\u00e4.<\/p>\n<p>Eip\u00e4 siin\u00e4 auttanut muu kuin suostua. Siit\u00e4p\u00e4 keskustelua ja menneiden aikojen ihmettely\u00e4 virisikin. Eevert haki makuukamaristaan vanhan valokuva-albumin poikien katseltavaksi.<\/p>\n<p>&nbsp;<\/p>\n<figure id=\"attachment_5624\" aria-describedby=\"caption-attachment-5624\" style=\"width: 480px\" class=\"wp-caption aligncenter\"><a href=\"http:\/\/kinanen.fi\/wordpress\/wp-content\/uploads\/2012\/11\/18.12d.jpg\"><img decoding=\"async\" class=\"size-full wp-image-5624\" title=\"18.12d\" src=\"http:\/\/kinanen.fi\/wordpress\/wp-content\/uploads\/2012\/11\/18.12d.jpg\" alt=\"\" width=\"480\" height=\"640\" \/><\/a><figcaption id=\"caption-attachment-5624\" class=\"wp-caption-text\">Makuukamari<\/figcaption><\/figure>\n<p>&nbsp;<\/p>\n<p>Siin\u00e4 oli kuvia juurikin silt\u00e4 ajalta kun kyl\u00e4ll\u00e4 ei viel\u00e4 kansakoulua ollut olemassa. Silloin oli koulua pidetty t\u00e4\u00e4ll\u00e4 Eeverttil\u00e4ss\u00e4 salissa ja opettajatarneiti oli asunut ullakkohuoneessa. Lyhyt oli ty\u00f6matka opettajalla silloin.<\/p>\n<p>&nbsp;<\/p>\n<figure id=\"attachment_5625\" aria-describedby=\"caption-attachment-5625\" style=\"width: 502px\" class=\"wp-caption aligncenter\"><a href=\"http:\/\/kinanen.fi\/wordpress\/wp-content\/uploads\/2012\/11\/18.12c.jpg\"><img loading=\"lazy\" decoding=\"async\" class=\" wp-image-5625\" title=\"18.12c\" src=\"http:\/\/kinanen.fi\/wordpress\/wp-content\/uploads\/2012\/11\/18.12c.jpg\" alt=\"\" width=\"502\" height=\"376\" \/><\/a><figcaption id=\"caption-attachment-5625\" class=\"wp-caption-text\">Albumin aarteita<\/figcaption><\/figure>\n<p>&nbsp;<\/p>\n<p>Tuossa keskell\u00e4 nyt on sitten se isois\u00e4 joka silloin on puhetta pit\u00e4nyt &#8211; Alfreed. Ei taida olla is\u00e4nn\u00e4n puheet en\u00e4\u00e4 tallella joten on kai itse sellaista ryhdytt\u00e4v\u00e4 joulujuhlaan tekem\u00e4\u00e4n.<\/p>\n<p>Joulujuhlista ei Eevertin nuoruudessakaan juuri puhuttu, vaan niist\u00e4 k\u00e4ytettiin useimmin nimityst\u00e4 Kuusijuhla. Koulun p\u00e4\u00e4ttymist\u00e4 on aina juhlistettu ja niihin on tarkoin valmistauduttu, niinkuin pojat tiesiv\u00e4t kertoa. Vanhemmat on alusta alkaen kutsuttu mukaan. Kev\u00e4\u00e4ll\u00e4 kev\u00e4tjuhlaan ja talvella kuusijuhlaan.<\/p>\n<p>Koulujen kuusijuhlat ovat olleet uskonnolliss\u00e4vytteisi\u00e4, lapsenmielisi\u00e4 ja leikkisi\u00e4 juhlia. Seimikuvaelmakin oli vuodesta toiseen mukana juhlassa. Eevertkin sai olla useampana kertana paimenena mukana. Se jos mik\u00e4 tuntui pienest\u00e4 pojasta juhlalliselta. Ajatella, ett\u00e4 ne paimenet saivat k\u00e4yd\u00e4 tervehtim\u00e4ss\u00e4 vastasyntynytt\u00e4 vauvaa ensimm\u00e4isen\u00e4.<\/p>\n<p>&nbsp;<\/p>\n<figure id=\"attachment_5626\" aria-describedby=\"caption-attachment-5626\" style=\"width: 501px\" class=\"wp-caption aligncenter\"><a href=\"http:\/\/kinanen.fi\/wordpress\/wp-content\/uploads\/2012\/11\/18.12f.jpg\"><img loading=\"lazy\" decoding=\"async\" class=\" wp-image-5626\" title=\"18.12f\" src=\"http:\/\/kinanen.fi\/wordpress\/wp-content\/uploads\/2012\/11\/18.12f.jpg\" alt=\"\" width=\"501\" height=\"330\" \/><\/a><figcaption id=\"caption-attachment-5626\" class=\"wp-caption-text\">Kirkon kattomaalaus It\u00e4vallassa<\/figcaption><\/figure>\n<p>&nbsp;<\/p>\n<p>Eevertin vanhempien kouluaikoina kuuset v\u00e4hitellen yleistyiv\u00e4t koulussa. Koulun kautta ovat monet juhlatavat ja perinteet siirtyneet perheisiin.\u00a0 Niin kuin koristeltu joulukuusi. Alkuun lahjoja ei niin paljon jaeltu, mutta kauniin joulukortin saattoi opettajalta saada jokainen oppilas. My\u00f6hemmin kuusijuhlaan tuli joulupukkikin mukaan joulupussin jakamisen merkeiss\u00e4. Joulupussista l\u00f6ytyi perinteisesti omena, pipari ja makeinen. Voi sit\u00e4 iloa ja riemua kun oman pussinsa sai avata!<\/p>\n<p>Monin paikoin joulupukki jakoi k\u00f6yhempien perheiden lapsille my\u00f6s kenki\u00e4 ja vaatteita k\u00e4ytt\u00f6\u00f6n.<\/p>\n<p>&nbsp;<\/p>\n<figure id=\"attachment_5629\" aria-describedby=\"caption-attachment-5629\" style=\"width: 311px\" class=\"wp-caption aligncenter\"><a href=\"http:\/\/kinanen.fi\/wordpress\/wp-content\/uploads\/2012\/11\/Kuvankaappaus-2012-11-8-kello-16.55.36.png\"><img loading=\"lazy\" decoding=\"async\" class=\"size-full wp-image-5629\" title=\"Kuvankaappaus 2012-11-8 kello 16.55.36\" src=\"http:\/\/kinanen.fi\/wordpress\/wp-content\/uploads\/2012\/11\/Kuvankaappaus-2012-11-8-kello-16.55.36.png\" alt=\"\" width=\"311\" height=\"437\" \/><\/a><figcaption id=\"caption-attachment-5629\" class=\"wp-caption-text\">Rudolf Koivun joulupukki-kortti<\/figcaption><\/figure>\n<p>&nbsp;<\/p>\n<p>Kuusijuhlaan valmistautumisen j\u00e4nnityksen Eevert muistaa viel\u00e4kin. Juhlan ohjelmia harjoiteltiin monta viikkoa. Se aivan kuin lis\u00e4si jouluun valmistautumista. Kuusijuhlaan liittyi monesti hassujakin tapahtumia ja kommelluksia. Milloin jonkun pikkutontun housut putosivat kesken hurjimman tonttutanssin, milloin taas joulupukkina esiintyv\u00e4n oppilaan hurjan pitk\u00e4 parta sekaantui muiden esiintyjien vaatteisiin tai sitten opettaja unohti perinteisen puheensa konseptit kotiin ja joutui keksim\u00e4\u00e4n uuden puheen j\u00e4nnitt\u00e4v\u00e4ss\u00e4 tilanteessa.<\/p>\n<p>Kuusijuhlia tai paremminkin joulujuhlia vietet\u00e4\u00e4n lukukauden p\u00e4\u00e4tteeksi yh\u00e4 edelleen. Monet tutut asiat niiss\u00e4 on viel\u00e4kin mukana.<\/p>\n<p>Eevert hyv\u00e4stelee pienet yst\u00e4v\u00e4ns\u00e4 ja ryhtyy puheen kirjoittamiseen. Paljon niit\u00e4 muistoja tulikin mieleen vanhojen valokuvien ja turinoinnin aikana. Lipaston laatikosta oli tipahtanut joko joukko vanhoja joulukortteja. Niit\u00e4 Eevert selailee ja hiljaa lauleskelee kuusijuhlastakin tuttua virtt\u00e4.<\/p>\n<p>&nbsp;<\/p>\n<p>[youtube]http:\/\/www.youtube.com\/watch?v=Q-iuiHiEZEk[\/youtube]<\/p>\n<p>&nbsp;<\/p>\n<p>&nbsp;<\/p>\n","protected":false},"excerpt":{"rendered":"<p>Eevertin luo tulee nuoria vieraita. Kyl\u00e4n pojat ovat tulleet tervehtim\u00e4\u00e4n Eeverti\u00e4 ja ihan asiaa tehden. Ennen asioiden hoitamista nuoret vieraat kuitenkin kestit\u00e4\u00e4n, niinkuin talossa on tapana. Pojat sattuivat paikalle juuri samaan aikaan kun Eevertin lettupannu kihisi kuumana hellalla. Liek\u00f6 pojat haistaneet houkuttelevan tuoksun. Eevertin r\u00e4isk\u00e4leet ovat kyl\u00e4n kuulut, sill\u00e4 vastaavia ei taidokkainkaan em\u00e4nt\u00e4 ole saanut [&hellip;]<\/p>\n","protected":false},"author":1,"featured_media":0,"comment_status":"open","ping_status":"open","sticky":false,"template":"","format":"standard","meta":{"footnotes":""},"categories":[],"tags":[],"class_list":["post-5319","post","type-post","status-publish","format-standard","hentry"],"_links":{"self":[{"href":"https:\/\/www.kinanen.fi\/nukkekoti\/wp-json\/wp\/v2\/posts\/5319","targetHints":{"allow":["GET"]}}],"collection":[{"href":"https:\/\/www.kinanen.fi\/nukkekoti\/wp-json\/wp\/v2\/posts"}],"about":[{"href":"https:\/\/www.kinanen.fi\/nukkekoti\/wp-json\/wp\/v2\/types\/post"}],"author":[{"embeddable":true,"href":"https:\/\/www.kinanen.fi\/nukkekoti\/wp-json\/wp\/v2\/users\/1"}],"replies":[{"embeddable":true,"href":"https:\/\/www.kinanen.fi\/nukkekoti\/wp-json\/wp\/v2\/comments?post=5319"}],"version-history":[{"count":9,"href":"https:\/\/www.kinanen.fi\/nukkekoti\/wp-json\/wp\/v2\/posts\/5319\/revisions"}],"predecessor-version":[{"id":5632,"href":"https:\/\/www.kinanen.fi\/nukkekoti\/wp-json\/wp\/v2\/posts\/5319\/revisions\/5632"}],"wp:attachment":[{"href":"https:\/\/www.kinanen.fi\/nukkekoti\/wp-json\/wp\/v2\/media?parent=5319"}],"wp:term":[{"taxonomy":"category","embeddable":true,"href":"https:\/\/www.kinanen.fi\/nukkekoti\/wp-json\/wp\/v2\/categories?post=5319"},{"taxonomy":"post_tag","embeddable":true,"href":"https:\/\/www.kinanen.fi\/nukkekoti\/wp-json\/wp\/v2\/tags?post=5319"}],"curies":[{"name":"wp","href":"https:\/\/api.w.org\/{rel}","templated":true}]}}