{"id":5321,"date":"2012-12-19T06:00:50","date_gmt":"2012-12-19T04:00:50","guid":{"rendered":"http:\/\/kinanen.fi\/wordpress\/?p=5321"},"modified":"2012-11-09T15:14:47","modified_gmt":"2012-11-09T13:14:47","slug":"19-12","status":"publish","type":"post","link":"https:\/\/www.kinanen.fi\/nukkekoti\/19-12\/","title":{"rendered":"19.12."},"content":{"rendered":"<p>&nbsp;<\/p>\n<p>Keskiviikkop\u00e4iv\u00e4 alkaa Eeverttil\u00e4ss\u00e4 verkkaisesti. Kuinka mahtaakaan niin kovasti ramaista, ettei mill\u00e4\u00e4n tahdo p\u00e4\u00e4st\u00e4 s\u00e4ngyst\u00e4 yl\u00f6s. Haukotellen viimein Tenhon jo komentaessa mies saapuu keitti\u00f6\u00f6n.<\/p>\n<p>Ensimm\u00e4iseksi se antaa pikku-koiralle hieman vett\u00e4. On tainnut jano sille tulla kun on kuppi ihan tyhj\u00e4. Tenho ryhtyy heti juomaan raikasta vett\u00e4. Mit\u00e4h\u00e4n sit\u00e4 t\u00e4n\u00e4\u00e4n teht\u00e4isiin, juttelee Eevert koiralle jamalla hieman hell\u00e4sti rapsutellen sit\u00e4 korvan takaa. Pikkukoira haukahtaa kiitokseksi ja j\u00e4\u00e4 istumaan Eevertin jalkojen juureen palvova katse silmiss\u00e4\u00e4n.<\/p>\n<p>&nbsp;<\/p>\n<figure id=\"attachment_5687\" aria-describedby=\"caption-attachment-5687\" style=\"width: 500px\" class=\"wp-caption aligncenter\"><a href=\"http:\/\/kinanen.fi\/wordpress\/wp-content\/uploads\/2012\/11\/19.12e.jpg\"><img fetchpriority=\"high\" decoding=\"async\" class=\" wp-image-5687\" title=\"19.12e\" src=\"http:\/\/kinanen.fi\/wordpress\/wp-content\/uploads\/2012\/11\/19.12e.jpg\" alt=\"\" width=\"500\" height=\"609\" \/><\/a><figcaption id=\"caption-attachment-5687\" class=\"wp-caption-text\">Koiran aamiainen<\/figcaption><\/figure>\n<p>&nbsp;<\/p>\n<p>Eevert on saanut paketin saksalaiselta yst\u00e4v\u00e4lt\u00e4\u00e4n. Eilen illalla Eevert k\u00e4vi sen noutamassa postista. Paketti j\u00e4i keitti\u00f6\u00f6n odottamaan seuraavaa p\u00e4iv\u00e4\u00e4. Nyt on aika tutkia l\u00e4hetyksen sis\u00e4lt\u00f6\u00e4. Paketti oli kohtalaisen painava ja j\u00e4nnittyneen\u00e4 Eevert sit\u00e4 availee.<\/p>\n<p>&nbsp;<\/p>\n<figure id=\"attachment_5688\" aria-describedby=\"caption-attachment-5688\" style=\"width: 480px\" class=\"wp-caption aligncenter\"><a href=\"http:\/\/kinanen.fi\/wordpress\/wp-content\/uploads\/2012\/11\/19.12f.jpg\"><img decoding=\"async\" class=\"size-full wp-image-5688\" title=\"19.12f\" src=\"http:\/\/kinanen.fi\/wordpress\/wp-content\/uploads\/2012\/11\/19.12f.jpg\" alt=\"\" width=\"480\" height=\"640\" \/><\/a><figcaption id=\"caption-attachment-5688\" class=\"wp-caption-text\">Mielenkiintoinen l\u00e4hetys<\/figcaption><\/figure>\n<p>&nbsp;<\/p>\n<p>Paketista paljastui mit\u00e4 kaunein ja herkin seimiasetelma. Tunnettua on, ett\u00e4 Eevert ker\u00e4ilee seimi\u00e4, joten yst\u00e4v\u00e4t ajoittain h\u00e4nt\u00e4 muistavat l\u00f6yt\u00e4ess\u00e4\u00e4n jotakin erilaista.<\/p>\n<p>&nbsp;<\/p>\n<figure id=\"attachment_5689\" aria-describedby=\"caption-attachment-5689\" style=\"width: 500px\" class=\"wp-caption aligncenter\"><a href=\"http:\/\/kinanen.fi\/wordpress\/wp-content\/uploads\/2012\/11\/19.12g.jpg\"><img decoding=\"async\" class=\" wp-image-5689\" title=\"19.12g\" src=\"http:\/\/kinanen.fi\/wordpress\/wp-content\/uploads\/2012\/11\/19.12g.jpg\" alt=\"\" width=\"500\" height=\"333\" \/><\/a><figcaption id=\"caption-attachment-5689\" class=\"wp-caption-text\">S\u00e4ihkyv\u00e4 l\u00e4hetys<\/figcaption><\/figure>\n<p>&nbsp;<\/p>\n<p>T\u00e4n\u00e4\u00e4n me etsimme t\u00e4lle kaunistukselle paikan, sanoo Eevert koiralle.\u00a0 Parivaljakko seimiasetelma mukanaan kulkevat sinne t\u00e4nne talossa ja kokeilevat sopisiko koristus jonnekin. Pitk\u00e4n aikaa saavatkin etsi\u00e4 sopivaa paikkaa ennenkuin Eevertin esteettinen silm\u00e4 on tyytyv\u00e4inen.<\/p>\n<p>Takan p\u00e4\u00e4lle p\u00e4\u00e4tyv\u00e4 asetelma on kuin sinne luotu ja vartavasten ajateltu. Ken tiet\u00e4\u00e4 vaikka juuri Eevertin takanp\u00e4\u00e4llys olisi ollut l\u00e4hett\u00e4j\u00e4ll\u00e4 mieless\u00e4.<\/p>\n<p>&nbsp;<\/p>\n<figure id=\"attachment_5690\" aria-describedby=\"caption-attachment-5690\" style=\"width: 502px\" class=\"wp-caption aligncenter\"><a href=\"http:\/\/kinanen.fi\/wordpress\/wp-content\/uploads\/2012\/11\/19.12c.jpg\"><img loading=\"lazy\" decoding=\"async\" class=\" wp-image-5690\" title=\"19.12c\" src=\"http:\/\/kinanen.fi\/wordpress\/wp-content\/uploads\/2012\/11\/19.12c.jpg\" alt=\"\" width=\"502\" height=\"376\" \/><\/a><figcaption id=\"caption-attachment-5690\" class=\"wp-caption-text\">Seimen paikka<\/figcaption><\/figure>\n<p>&nbsp;<\/p>\n<p>Seimi n\u00e4ytt\u00e4\u00e4 kauniilta takan p\u00e4\u00e4ll\u00e4. Siihen ei juuri muuta joulukoristetta t\u00e4n\u00e4n vuonna taida tullakkaan. Eevert virittelee takkaan tulen ja istahtaa hetkeksi ihastelemaan taidokasta ty\u00f6t\u00e4. Kaikkea kaunista ihmiset osaavat kasill\u00e4\u00e4n valmista. Ei sit\u00e4 voi muuta kuin ihmetell\u00e4.<\/p>\n<p>&nbsp;<\/p>\n<figure id=\"attachment_5691\" aria-describedby=\"caption-attachment-5691\" style=\"width: 480px\" class=\"wp-caption aligncenter\"><a href=\"http:\/\/kinanen.fi\/wordpress\/wp-content\/uploads\/2012\/11\/19.12d.jpg\"><img loading=\"lazy\" decoding=\"async\" class=\"size-full wp-image-5691\" title=\"19.12d\" src=\"http:\/\/kinanen.fi\/wordpress\/wp-content\/uploads\/2012\/11\/19.12d.jpg\" alt=\"\" width=\"480\" height=\"640\" \/><\/a><figcaption id=\"caption-attachment-5691\" class=\"wp-caption-text\">Takan \u00e4\u00e4rell\u00e4<\/figcaption><\/figure>\n<p>&nbsp;<\/p>\n<p>Tuolillaan ja takan l\u00e4mm\u00f6ss\u00e4 Eevert on hetkess\u00e4 unessa. Aamullinen raukeus ei ole hellitt\u00e4nyt. P\u00e4iv\u00e4unillaan Eevert seikkailee monenlaisten seimiasetelmien mukana ymp\u00e4ri maailmaa&#8230;<\/p>\n<p>&nbsp;<\/p>\n<p>[youtube]http:\/\/www.youtube.com\/watch?v=1rT-97EAdC0[\/youtube]<\/p>\n","protected":false},"excerpt":{"rendered":"<p>&nbsp; Keskiviikkop\u00e4iv\u00e4 alkaa Eeverttil\u00e4ss\u00e4 verkkaisesti. Kuinka mahtaakaan niin kovasti ramaista, ettei mill\u00e4\u00e4n tahdo p\u00e4\u00e4st\u00e4 s\u00e4ngyst\u00e4 yl\u00f6s. Haukotellen viimein Tenhon jo komentaessa mies saapuu keitti\u00f6\u00f6n. Ensimm\u00e4iseksi se antaa pikku-koiralle hieman vett\u00e4. On tainnut jano sille tulla kun on kuppi ihan tyhj\u00e4. Tenho ryhtyy heti juomaan raikasta vett\u00e4. Mit\u00e4h\u00e4n sit\u00e4 t\u00e4n\u00e4\u00e4n teht\u00e4isiin, juttelee Eevert koiralle jamalla hieman [&hellip;]<\/p>\n","protected":false},"author":1,"featured_media":0,"comment_status":"open","ping_status":"open","sticky":false,"template":"","format":"standard","meta":{"footnotes":""},"categories":[],"tags":[],"class_list":["post-5321","post","type-post","status-publish","format-standard","hentry"],"_links":{"self":[{"href":"https:\/\/www.kinanen.fi\/nukkekoti\/wp-json\/wp\/v2\/posts\/5321","targetHints":{"allow":["GET"]}}],"collection":[{"href":"https:\/\/www.kinanen.fi\/nukkekoti\/wp-json\/wp\/v2\/posts"}],"about":[{"href":"https:\/\/www.kinanen.fi\/nukkekoti\/wp-json\/wp\/v2\/types\/post"}],"author":[{"embeddable":true,"href":"https:\/\/www.kinanen.fi\/nukkekoti\/wp-json\/wp\/v2\/users\/1"}],"replies":[{"embeddable":true,"href":"https:\/\/www.kinanen.fi\/nukkekoti\/wp-json\/wp\/v2\/comments?post=5321"}],"version-history":[{"count":8,"href":"https:\/\/www.kinanen.fi\/nukkekoti\/wp-json\/wp\/v2\/posts\/5321\/revisions"}],"predecessor-version":[{"id":5693,"href":"https:\/\/www.kinanen.fi\/nukkekoti\/wp-json\/wp\/v2\/posts\/5321\/revisions\/5693"}],"wp:attachment":[{"href":"https:\/\/www.kinanen.fi\/nukkekoti\/wp-json\/wp\/v2\/media?parent=5321"}],"wp:term":[{"taxonomy":"category","embeddable":true,"href":"https:\/\/www.kinanen.fi\/nukkekoti\/wp-json\/wp\/v2\/categories?post=5321"},{"taxonomy":"post_tag","embeddable":true,"href":"https:\/\/www.kinanen.fi\/nukkekoti\/wp-json\/wp\/v2\/tags?post=5321"}],"curies":[{"name":"wp","href":"https:\/\/api.w.org\/{rel}","templated":true}]}}