{"id":5325,"date":"2012-12-21T06:00:48","date_gmt":"2012-12-21T04:00:48","guid":{"rendered":"http:\/\/kinanen.fi\/wordpress\/?p=5325"},"modified":"2012-11-08T19:31:32","modified_gmt":"2012-11-08T17:31:32","slug":"21-12","status":"publish","type":"post","link":"https:\/\/www.kinanen.fi\/nukkekoti\/21-12\/","title":{"rendered":"21.12."},"content":{"rendered":"<p>Jaahas \u2013 t\u00e4n\u00e4\u00e4n on se ajankohta k\u00e4sill\u00e4 jolloin talven selk\u00e4 taittuu. Eevert juttelee aamuh\u00e4m\u00e4riss\u00e4 Tenholle keitti\u00f6ss\u00e4. Ajatella, nytkin on jo aamu pitk\u00e4ll\u00e4 ja viel\u00e4 on h\u00e4m\u00e4r\u00e4\u00e4 ulkona. Pihavalot vain v\u00e4h\u00e4n valaisevat tienoota.<\/p>\n<p>Eevert avaa aamulehden ja lukee sielt\u00e4 t\u00e4htitieteilij\u00f6iden uutisia.<\/p>\n<p>&nbsp;<\/p>\n<figure id=\"attachment_5641\" aria-describedby=\"caption-attachment-5641\" style=\"width: 500px\" class=\"wp-caption aligncenter\"><a href=\"http:\/\/kinanen.fi\/wordpress\/wp-content\/uploads\/2012\/11\/21.12g.jpg\"><img fetchpriority=\"high\" decoding=\"async\" class=\" wp-image-5641\" title=\"21.12g\" src=\"http:\/\/kinanen.fi\/wordpress\/wp-content\/uploads\/2012\/11\/21.12g.jpg\" alt=\"\" width=\"500\" height=\"357\" \/><\/a><figcaption id=\"caption-attachment-5641\" class=\"wp-caption-text\">Aamukahvilla<\/figcaption><\/figure>\n<p>&nbsp;<\/p>\n<p>&#8221;T\u00e4htitieteellisess\u00e4 kalenterista katsottuna viet\u00e4mme vuoden pimeint\u00e4 p\u00e4iv\u00e4\u00e4. T\u00e4st\u00e4 eteenp\u00e4in valo hiljalleen levi\u00e4\u00e4 kohti kes\u00e4\u00e4 ja valoisia \u00f6it\u00e4. Maailma on hieman kallellaan ja monenlaisia vaihteluita liittyy maapallomme py\u00f6rimiseen ja auringon suuntaan. T\u00e4n\u00e4\u00e4n samaan aikaan toisella puolella maapalloa vietet\u00e4\u00e4n kes\u00e4p\u00e4iv\u00e4n tasausta.&#8221;<\/p>\n<p>Nooh, ainahan t\u00e4ss\u00e4 maailmassa on jotakin kallellaan ja vinksallaan, naurahtaa mies ja kaataa itselleen toisenkin kupin kahvia.<\/p>\n<p>Eevertin perinteisiin Talvip\u00e4iv\u00e4nseisauksen aikoihin kuuluu el\u00e4inten muistaminen. Talven alkaessa monet luonnolliset ruokapaikat routaantuvat ja ravinnon saaminen on hankalampaa. Talviruokintapaikkojen yll\u00e4pit\u00e4minen talon tiluksilla on Eevertin kunnianosoitus luonotoa ja el\u00e4imi\u00e4 kohtaan. Niin t\u00e4n\u00e4\u00e4nkin. Aikaisemmin Eevert k\u00e4vi huoltamassa Kalamajan l\u00e4hist\u00f6ll\u00e4 olevat ruokintapaikat. T\u00e4n\u00e4\u00e4n on vuorossa pihapiirin pikkuyst\u00e4v\u00e4t. Talipalloja on viel\u00e4 j\u00e4ljell\u00e4 ja lintulaudan siemeni\u00e4kin on varastoituna mukavat m\u00e4\u00e4r\u00e4t.<\/p>\n<p>Talvip\u00e4iv\u00e4 oli muuten muinoin vuoden ainoa p\u00e4iv\u00e4, jolloin mets\u00e4n koiria eli susia, muistettiin uhrilla. Tienristeykseen vietiin susille lammas tai vuohi, ik\u00e4\u00e4nkuin sovintolahjana, jotta sudet eiv\u00e4t veisi karjaa ja tekisi vahinkoa tulevana vuonna. Ihan niin perinteiseen uhriin ja muistamiseen Eevert ei pihapiiriss\u00e4 ryhdy.<\/p>\n<p>Katsoppas Tenho, nyt pihalla jo n\u00e4kee hyvin. Eik\u00f6h\u00e4n l\u00e4hdet\u00e4 p\u00e4iv\u00e4n t\u00f6ihin.<\/p>\n<p>&nbsp;<\/p>\n<figure id=\"attachment_5642\" aria-describedby=\"caption-attachment-5642\" style=\"width: 480px\" class=\"wp-caption aligncenter\"><a href=\"http:\/\/kinanen.fi\/wordpress\/wp-content\/uploads\/2012\/11\/21.12b.jpg\"><img decoding=\"async\" class=\"size-full wp-image-5642\" title=\"21.12b\" src=\"http:\/\/kinanen.fi\/wordpress\/wp-content\/uploads\/2012\/11\/21.12b.jpg\" alt=\"\" width=\"480\" height=\"640\" \/><\/a><figcaption id=\"caption-attachment-5642\" class=\"wp-caption-text\">Lumiukko syntyy pihalle<\/figcaption><\/figure>\n<p>&nbsp;<\/p>\n<p>Pihalla on mukavasti lunta ja taitaa olla ihan lumipallokeli! Alkuun Eevert innostuu hauskuuttamaan Tenhoa py\u00f6rittelem\u00e4ll\u00e4 isoja lumipalloja. Suurista, Tenhoa isommista palloista tulee nopeasti mahtava lumiukko pihaan. Eevertin vanha pipo p\u00e4\u00e4h\u00e4n ja keppinen\u00e4. Siin\u00e4 on oiva pihavahti. Tenho hieman ep\u00e4ilee moista ukkoa ja haukkuu sen joka puolelta. Ukko ei hievahdakkaan. Lopulta pikkukoira antaa periksi ja koettaa tutustua uuteen tuttavuuteen.<\/p>\n<p>&nbsp;<\/p>\n<figure id=\"attachment_5643\" aria-describedby=\"caption-attachment-5643\" style=\"width: 480px\" class=\"wp-caption aligncenter\"><a href=\"http:\/\/kinanen.fi\/wordpress\/wp-content\/uploads\/2012\/11\/21.12d.jpg\"><img decoding=\"async\" class=\"size-full wp-image-5643\" title=\"21.12d\" src=\"http:\/\/kinanen.fi\/wordpress\/wp-content\/uploads\/2012\/11\/21.12d.jpg\" alt=\"\" width=\"480\" height=\"640\" \/><\/a><figcaption id=\"caption-attachment-5643\" class=\"wp-caption-text\">Tallilyhty paikoillaan<\/figcaption><\/figure>\n<p>&nbsp;<\/p>\n<p>Pihapeuhaamisen j\u00e4lkeen Eevert ja Tenho noutavat ullakolta ison tallilyhdyn ja asettavat sen portinpieleen. Siin\u00e4 se mukavasti valaisee niin pihaa kuin kyl\u00e4tiet\u00e4kin talon kohdalta. Piharakennuksesta Eevertin kainaloon on tullut my\u00f6s kauralyhde. Lumiukko saa t\u00e4rke\u00e4n teht\u00e4v\u00e4n lyhteen pit\u00e4j\u00e4n\u00e4. Siin\u00e4 on mallikas pari.<\/p>\n<p>&nbsp;<\/p>\n<figure id=\"attachment_5644\" aria-describedby=\"caption-attachment-5644\" style=\"width: 501px\" class=\"wp-caption aligncenter\"><a href=\"http:\/\/kinanen.fi\/wordpress\/wp-content\/uploads\/2012\/11\/21.12e.jpg\"><img loading=\"lazy\" decoding=\"async\" class=\" wp-image-5644\" title=\"21.12e\" src=\"http:\/\/kinanen.fi\/wordpress\/wp-content\/uploads\/2012\/11\/21.12e.jpg\" alt=\"\" width=\"501\" height=\"428\" \/><\/a><figcaption id=\"caption-attachment-5644\" class=\"wp-caption-text\">Kauralyhde ja T\u00f6ntt\u00f6<\/figcaption><\/figure>\n<p>&nbsp;<\/p>\n<p>Kauralyhteen huomaa pian my\u00f6s Eevertin pihalintu T\u00f6ntt\u00f6tiainen joka lehahtaa lyhteeseen niin ett\u00e4 irtonaisemmat akanat tipahtelevan lumiukon juurelle. T\u00f6ntt\u00f6 on vanha yst\u00e4v\u00e4. V\u00e4h\u00e4n hassu ja sen vuoksi niin rakastettava. Tenhokin tervehtii T\u00f6ntt\u00f6\u00e4 vikisem\u00e4ll\u00e4 sille. T\u00f6ntt\u00f6 vastaa omalla kielell\u00e4\u00e4n pikku pennulle. Taitavat ymm\u00e4rt\u00e4\u00e4 toisiaan, naurahtaa Eevert.<\/p>\n<p>Vanha vesikelkka p\u00e4\u00e4see t\u00f6ihin sekin sill\u00e4 sen kyydiss\u00e4 kulkee mukavasti jyv\u00e4pussit niin omaan pihaan kuin Kappelillekin.<\/p>\n<p>&nbsp;<\/p>\n<figure id=\"attachment_5645\" aria-describedby=\"caption-attachment-5645\" style=\"width: 480px\" class=\"wp-caption aligncenter\"><a href=\"http:\/\/kinanen.fi\/wordpress\/wp-content\/uploads\/2012\/11\/21.12c.jpg\"><img loading=\"lazy\" decoding=\"async\" class=\"size-full wp-image-5645\" title=\"21.12c\" src=\"http:\/\/kinanen.fi\/wordpress\/wp-content\/uploads\/2012\/11\/21.12c.jpg\" alt=\"\" width=\"480\" height=\"640\" \/><\/a><figcaption id=\"caption-attachment-5645\" class=\"wp-caption-text\">Vesikelkka<\/figcaption><\/figure>\n<p>&nbsp;<\/p>\n<p>&nbsp;<\/p>\n<p>No niin, Tenho&#8230; tulehan t\u00e4nne. L\u00e4hdet\u00e4\u00e4n porukalla Kappelille huolehtimaan sinnekin lintulaudat ja ev\u00e4\u00e4t valmiiksi.<\/p>\n<p>&nbsp;<\/p>\n<figure id=\"attachment_5646\" aria-describedby=\"caption-attachment-5646\" style=\"width: 500px\" class=\"wp-caption aligncenter\"><a href=\"http:\/\/kinanen.fi\/wordpress\/wp-content\/uploads\/2012\/11\/21.12f.jpg\"><img loading=\"lazy\" decoding=\"async\" class=\" wp-image-5646\" title=\"21.12f\" src=\"http:\/\/kinanen.fi\/wordpress\/wp-content\/uploads\/2012\/11\/21.12f.jpg\" alt=\"\" width=\"500\" height=\"401\" \/><\/a><figcaption id=\"caption-attachment-5646\" class=\"wp-caption-text\">Valmiina l\u00e4ht\u00f6\u00f6n<\/figcaption><\/figure>\n<p>&nbsp;<\/p>\n","protected":false},"excerpt":{"rendered":"<p>Jaahas \u2013 t\u00e4n\u00e4\u00e4n on se ajankohta k\u00e4sill\u00e4 jolloin talven selk\u00e4 taittuu. Eevert juttelee aamuh\u00e4m\u00e4riss\u00e4 Tenholle keitti\u00f6ss\u00e4. Ajatella, nytkin on jo aamu pitk\u00e4ll\u00e4 ja viel\u00e4 on h\u00e4m\u00e4r\u00e4\u00e4 ulkona. Pihavalot vain v\u00e4h\u00e4n valaisevat tienoota. Eevert avaa aamulehden ja lukee sielt\u00e4 t\u00e4htitieteilij\u00f6iden uutisia. &nbsp; &nbsp; &#8221;T\u00e4htitieteellisess\u00e4 kalenterista katsottuna viet\u00e4mme vuoden pimeint\u00e4 p\u00e4iv\u00e4\u00e4. T\u00e4st\u00e4 eteenp\u00e4in valo hiljalleen levi\u00e4\u00e4 kohti [&hellip;]<\/p>\n","protected":false},"author":1,"featured_media":0,"comment_status":"open","ping_status":"open","sticky":false,"template":"","format":"standard","meta":{"footnotes":""},"categories":[],"tags":[],"class_list":["post-5325","post","type-post","status-publish","format-standard","hentry"],"_links":{"self":[{"href":"https:\/\/www.kinanen.fi\/nukkekoti\/wp-json\/wp\/v2\/posts\/5325","targetHints":{"allow":["GET"]}}],"collection":[{"href":"https:\/\/www.kinanen.fi\/nukkekoti\/wp-json\/wp\/v2\/posts"}],"about":[{"href":"https:\/\/www.kinanen.fi\/nukkekoti\/wp-json\/wp\/v2\/types\/post"}],"author":[{"embeddable":true,"href":"https:\/\/www.kinanen.fi\/nukkekoti\/wp-json\/wp\/v2\/users\/1"}],"replies":[{"embeddable":true,"href":"https:\/\/www.kinanen.fi\/nukkekoti\/wp-json\/wp\/v2\/comments?post=5325"}],"version-history":[{"count":7,"href":"https:\/\/www.kinanen.fi\/nukkekoti\/wp-json\/wp\/v2\/posts\/5325\/revisions"}],"predecessor-version":[{"id":5648,"href":"https:\/\/www.kinanen.fi\/nukkekoti\/wp-json\/wp\/v2\/posts\/5325\/revisions\/5648"}],"wp:attachment":[{"href":"https:\/\/www.kinanen.fi\/nukkekoti\/wp-json\/wp\/v2\/media?parent=5325"}],"wp:term":[{"taxonomy":"category","embeddable":true,"href":"https:\/\/www.kinanen.fi\/nukkekoti\/wp-json\/wp\/v2\/categories?post=5325"},{"taxonomy":"post_tag","embeddable":true,"href":"https:\/\/www.kinanen.fi\/nukkekoti\/wp-json\/wp\/v2\/tags?post=5325"}],"curies":[{"name":"wp","href":"https:\/\/api.w.org\/{rel}","templated":true}]}}