{"id":5329,"date":"2012-12-23T06:00:48","date_gmt":"2012-12-23T04:00:48","guid":{"rendered":"http:\/\/kinanen.fi\/wordpress\/?p=5329"},"modified":"2012-11-07T15:45:36","modified_gmt":"2012-11-07T13:45:36","slug":"23-12-neljas-adventti","status":"publish","type":"post","link":"https:\/\/www.kinanen.fi\/nukkekoti\/23-12-neljas-adventti\/","title":{"rendered":"23.12. Nelj\u00e4s Adventti"},"content":{"rendered":"<p style=\"text-align: center;\"><span style=\"color: #ffcc99;\">Nyt syttyy nelj\u00e4s kynttil\u00e4,<\/span><br \/>\n<span style=\"color: #ffcc99;\"> jo joulu sarastaa.<\/span><br \/>\n<span style=\"color: #ffcc99;\"> Me odotamme Jeesusta,<\/span><br \/>\n<span style=\"color: #ffcc99;\"> h\u00e4n kaikki pelastaa. (virsi 13)<\/span><\/p>\n<figure id=\"attachment_5539\" aria-describedby=\"caption-attachment-5539\" style=\"width: 502px\" class=\"wp-caption aligncenter\"><a href=\"http:\/\/kinanen.fi\/wordpress\/wp-content\/uploads\/2012\/11\/23.12b.jpg\"><img fetchpriority=\"high\" decoding=\"async\" class=\" wp-image-5539  \" title=\"23.12b\" src=\"http:\/\/kinanen.fi\/wordpress\/wp-content\/uploads\/2012\/11\/23.12b.jpg\" alt=\"\" width=\"502\" height=\"376\" \/><\/a><figcaption id=\"caption-attachment-5539\" class=\"wp-caption-text\">Nelj\u00e4 kynttil\u00e4\u00e4<\/figcaption><\/figure>\n<p>&nbsp;<\/p>\n<p>T\u00e4n\u00e4\u00e4n 4. Adventtisunnuntaina joulu on jo ihan l\u00e4hell\u00e4. Varmaan l\u00e4hemp\u00e4n\u00e4 kuin pitk\u00e4\u00e4n aikaan, sill\u00e4 huomenna on jo jouluaatto.<\/p>\n<p>Pikkuinen Kappeli on jo t\u00e4ydess\u00e4 joulun tunnelmassa kaikkine kynttil\u00f6ineen ja valoineen.<\/p>\n<p>&nbsp;<\/p>\n<figure id=\"attachment_5540\" aria-describedby=\"caption-attachment-5540\" style=\"width: 502px\" class=\"wp-caption aligncenter\"><a href=\"http:\/\/kinanen.fi\/wordpress\/wp-content\/uploads\/2012\/11\/23.12a.jpg\"><img decoding=\"async\" class=\" wp-image-5540\" title=\"23.12a\" src=\"http:\/\/kinanen.fi\/wordpress\/wp-content\/uploads\/2012\/11\/23.12a.jpg\" alt=\"\" width=\"502\" height=\"337\" \/><\/a><figcaption id=\"caption-attachment-5540\" class=\"wp-caption-text\">Kaikki valmiina<\/figcaption><\/figure>\n<p>&nbsp;<\/p>\n<p>Aamulla aikaisin Suntio oli lukenut p\u00e4iv\u00e4n teksti\u00e4, jota isommissakin kirkoissa t\u00e4n\u00e4\u00e4n luetaan. Se kertoo Josefista joka hieman ep\u00e4ilee is\u00e4ksi ryhtymist\u00e4.<\/p>\n<p>&nbsp;<\/p>\n<figure id=\"attachment_5541\" aria-describedby=\"caption-attachment-5541\" style=\"width: 480px\" class=\"wp-caption aligncenter\"><a href=\"http:\/\/kinanen.fi\/wordpress\/wp-content\/uploads\/2012\/11\/23.12h.jpg\"><img decoding=\"async\" class=\"size-full wp-image-5541\" title=\"23.12h\" src=\"http:\/\/kinanen.fi\/wordpress\/wp-content\/uploads\/2012\/11\/23.12h.jpg\" alt=\"\" width=\"480\" height=\"640\" \/><\/a><figcaption id=\"caption-attachment-5541\" class=\"wp-caption-text\">P\u00e4iv\u00e4n teksti<\/figcaption><\/figure>\n<p>&nbsp;<\/p>\n<p>Se on iso asia ja vastuu. Oli silloin kauan sitten ja on viel\u00e4 t\u00e4n\u00e4kin p\u00e4iv\u00e4n\u00e4. Lapset tarvitsevat is\u00e4n, \u00e4idin tai sellaisen rakastavan ihmisen joka saattaen kulkee rinnalla lapsuudessa, nuoruudessa ja viel\u00e4 aikuisuudessakin. L\u00e4heiset ihmiset ovat jokaisen kasvulle ja kehitykselle merkitt\u00e4vi\u00e4.<\/p>\n<p>&nbsp;<\/p>\n<figure id=\"attachment_5570\" aria-describedby=\"caption-attachment-5570\" style=\"width: 412px\" class=\"wp-caption aligncenter\"><a href=\"http:\/\/kinanen.fi\/wordpress\/wp-content\/uploads\/2012\/12\/23.12i.jpg\"><img loading=\"lazy\" decoding=\"async\" class=\"size-full wp-image-5570\" title=\"23.12i\" src=\"http:\/\/kinanen.fi\/wordpress\/wp-content\/uploads\/2012\/12\/23.12i.jpg\" alt=\"\" width=\"412\" height=\"640\" \/><\/a><figcaption id=\"caption-attachment-5570\" class=\"wp-caption-text\">Vanha seimikuva<\/figcaption><\/figure>\n<p>Joskus ne l\u00e4heiset ovat niin l\u00e4hell\u00e4, ett\u00e4 unohtaa heid\u00e4n merkityksens\u00e4. Silloin sit\u00e4 voi kiukutella ja \u00e4ksyill\u00e4 ja pahoittaa toisen mielen. No, toisaalta kenellep\u00e4 sit\u00e4 kiukuttelisi kuin sellaiselle ihmiselle jonka rakkauden tiet\u00e4\u00e4 kest\u00e4v\u00e4n sen vastaanottamisen.<\/p>\n<p>Sellaista se on.<\/p>\n<p>Kesken kappelin valmistelemisen Eevert astuu sis\u00e4\u00e4n ja huokaisee ihastuksesta niin voimallisesti ett\u00e4 Suntio ihan pel\u00e4styy kun ei ollenkaan kuullut kenenk\u00e4\u00e4n kolistelevan ovissa.<\/p>\n<p>&nbsp;<\/p>\n<figure id=\"attachment_5542\" aria-describedby=\"caption-attachment-5542\" style=\"width: 465px\" class=\"wp-caption aligncenter\"><a href=\"http:\/\/kinanen.fi\/wordpress\/wp-content\/uploads\/2012\/11\/23.12g.jpg\"><img loading=\"lazy\" decoding=\"async\" class=\"size-full wp-image-5542\" title=\"23.12g\" src=\"http:\/\/kinanen.fi\/wordpress\/wp-content\/uploads\/2012\/11\/23.12g.jpg\" alt=\"\" width=\"465\" height=\"640\" \/><\/a><figcaption id=\"caption-attachment-5542\" class=\"wp-caption-text\">Lahja Suntiolle<\/figcaption><\/figure>\n<p>&nbsp;<\/p>\n<p>Hetken katseltuaan kirkkoa Eevert tulee Suntion luo ja ojentaa h\u00e4nelle pienen paketin. T\u00e4m\u00e4 on kiitokseksi kaikesta hyv\u00e4st\u00e4 mit\u00e4 olet mukanasi tuonut el\u00e4m\u00e4\u00e4n. Suntio ottaa paketin hieman h\u00e4mmentyneen\u00e4 k\u00e4teens\u00e4. Eevert huomaa Suntion ujon ep\u00e4tietoisuuden ja sanoo: Ota vain, toisen ilahduttaminen tuottaa joskus sellaista mielihyv\u00e4\u00e4, ett\u00e4 tekee mieli kiitt\u00e4\u00e4 h\u00e4nt\u00e4 siit\u00e4.<\/p>\n<p>Kiitos Suntio \u2013 olet minulle hyv\u00e4 ja rakas yst\u00e4v\u00e4.<\/p>\n<p>&nbsp;<\/p>\n<p>&nbsp;<\/p>\n<p>&nbsp;<\/p>\n<p>&nbsp;<\/p>\n<p>&nbsp;<\/p>\n","protected":false},"excerpt":{"rendered":"<p>Nyt syttyy nelj\u00e4s kynttil\u00e4, jo joulu sarastaa. Me odotamme Jeesusta, h\u00e4n kaikki pelastaa. (virsi 13) &nbsp; T\u00e4n\u00e4\u00e4n 4. Adventtisunnuntaina joulu on jo ihan l\u00e4hell\u00e4. Varmaan l\u00e4hemp\u00e4n\u00e4 kuin pitk\u00e4\u00e4n aikaan, sill\u00e4 huomenna on jo jouluaatto. Pikkuinen Kappeli on jo t\u00e4ydess\u00e4 joulun tunnelmassa kaikkine kynttil\u00f6ineen ja valoineen. &nbsp; &nbsp; Aamulla aikaisin Suntio oli lukenut p\u00e4iv\u00e4n teksti\u00e4, jota [&hellip;]<\/p>\n","protected":false},"author":1,"featured_media":0,"comment_status":"open","ping_status":"open","sticky":false,"template":"","format":"standard","meta":{"footnotes":""},"categories":[],"tags":[],"class_list":["post-5329","post","type-post","status-publish","format-standard","hentry"],"_links":{"self":[{"href":"https:\/\/www.kinanen.fi\/nukkekoti\/wp-json\/wp\/v2\/posts\/5329","targetHints":{"allow":["GET"]}}],"collection":[{"href":"https:\/\/www.kinanen.fi\/nukkekoti\/wp-json\/wp\/v2\/posts"}],"about":[{"href":"https:\/\/www.kinanen.fi\/nukkekoti\/wp-json\/wp\/v2\/types\/post"}],"author":[{"embeddable":true,"href":"https:\/\/www.kinanen.fi\/nukkekoti\/wp-json\/wp\/v2\/users\/1"}],"replies":[{"embeddable":true,"href":"https:\/\/www.kinanen.fi\/nukkekoti\/wp-json\/wp\/v2\/comments?post=5329"}],"version-history":[{"count":6,"href":"https:\/\/www.kinanen.fi\/nukkekoti\/wp-json\/wp\/v2\/posts\/5329\/revisions"}],"predecessor-version":[{"id":5572,"href":"https:\/\/www.kinanen.fi\/nukkekoti\/wp-json\/wp\/v2\/posts\/5329\/revisions\/5572"}],"wp:attachment":[{"href":"https:\/\/www.kinanen.fi\/nukkekoti\/wp-json\/wp\/v2\/media?parent=5329"}],"wp:term":[{"taxonomy":"category","embeddable":true,"href":"https:\/\/www.kinanen.fi\/nukkekoti\/wp-json\/wp\/v2\/categories?post=5329"},{"taxonomy":"post_tag","embeddable":true,"href":"https:\/\/www.kinanen.fi\/nukkekoti\/wp-json\/wp\/v2\/tags?post=5329"}],"curies":[{"name":"wp","href":"https:\/\/api.w.org\/{rel}","templated":true}]}}