{"id":5333,"date":"2012-12-25T06:00:20","date_gmt":"2012-12-25T04:00:20","guid":{"rendered":"http:\/\/kinanen.fi\/wordpress\/?p=5333"},"modified":"2014-06-22T11:01:44","modified_gmt":"2014-06-22T08:01:44","slug":"25-12-joulupaiva-2","status":"publish","type":"post","link":"https:\/\/www.kinanen.fi\/nukkekoti\/25-12-joulupaiva-2\/","title":{"rendered":"25.12. Joulup\u00e4iv\u00e4"},"content":{"rendered":"<p>Joulup\u00e4iv\u00e4n aamu on aina verkkainen ja viivyttelev\u00e4. Rauha ja raukeus k\u00e4y taloksi. Eevert on saanut mukavaa luettavaa joulupaketeista. Mik\u00e4 sen mukavampaa kuin istahtaa kirjan kanssa takkatulen \u00e4\u00e4reen ja uppoutua mit\u00e4 mainioimpiin seikkailuihin.<\/p>\n<p>&nbsp;<\/p>\n<figure id=\"attachment_5719\" aria-describedby=\"caption-attachment-5719\" style=\"width: 504px\" class=\"wp-caption aligncenter\"><a href=\"http:\/\/kinanen.fi\/wordpress\/wp-content\/uploads\/2012\/11\/25.12b.jpg\"><img fetchpriority=\"high\" decoding=\"async\" class=\" wp-image-5719\" title=\"25.12b\" src=\"http:\/\/kinanen.fi\/wordpress\/wp-content\/uploads\/2012\/11\/25.12b.jpg\" alt=\"\" width=\"504\" height=\"570\" \/><\/a><figcaption id=\"caption-attachment-5719\" class=\"wp-caption-text\">Joulup\u00e4iv\u00e4n lukuhetki<\/figcaption><\/figure>\n<p>&nbsp;<\/p>\n<p>Verkkaisen p\u00e4iv\u00e4n kohokohta on yhteinen jouluateria l\u00e4himpien kanssa. Eevert on tunnetusti hyv\u00e4 ruuan laittaja ja vieraat sen hyvin tiet\u00e4v\u00e4t. Eevertin p\u00f6yd\u00e4st\u00e4 ei puutu mit\u00e4\u00e4n. Kaikkea on yllin kyllin ja rakkaudella laadittuna. Kinkku on omassa leivinuunissa j\u00e4lkil\u00e4mm\u00f6ss\u00e4 paistettu y\u00f6n yli. Niin mureaa ja maukasta. Laatikoitakin jokaiseen makuun. Rosollit ja kaikenlaiset kalat. Kaiken laittamisesta Eevert nauttii, siksip\u00e4 on mukavaa kun tulee vieraita. Eip\u00e4 sit\u00e4 yksikseen niin joka sorttia tulisikaan laitetuksi.<\/p>\n<p>&nbsp;<\/p>\n<figure id=\"attachment_5720\" aria-describedby=\"caption-attachment-5720\" style=\"width: 502px\" class=\"wp-caption aligncenter\"><a href=\"http:\/\/kinanen.fi\/wordpress\/wp-content\/uploads\/2012\/11\/25.12d.jpg\"><img decoding=\"async\" class=\" wp-image-5720\" title=\"25.12d\" src=\"http:\/\/kinanen.fi\/wordpress\/wp-content\/uploads\/2012\/11\/25.12d.jpg\" alt=\"\" width=\"502\" height=\"376\" \/><\/a><figcaption id=\"caption-attachment-5720\" class=\"wp-caption-text\">Joulun antimia<\/figcaption><\/figure>\n<p>&nbsp;<\/p>\n<p>Jouluna ovat perheet ja suvut yhdess\u00e4 t\u00e4\u00e4ll\u00e4 koti-Suomessa. Maailmalla on toinen meno. Jouluna juhlitaan yst\u00e4vien ja naapurien kanssa yhdess\u00e4. Silloin se yksin\u00e4inenkin ja ehk\u00e4 perheest\u00e4\u00e4n erill\u00e4\u00e4n asuva voi nauttia yhteydest\u00e4 toisiin ihmisiin. Se on sellainen jouluperinne jonka Eevert on tuonut tullessaan maailman valloitusreissuiltaan. Yhteinen ilo, yhteinen juhla, kaikkien yhteinen joulu!<\/p>\n<p>&nbsp;<\/p>\n<figure id=\"attachment_5721\" aria-describedby=\"caption-attachment-5721\" style=\"width: 502px\" class=\"wp-caption aligncenter\"><a href=\"http:\/\/kinanen.fi\/wordpress\/wp-content\/uploads\/2012\/11\/25.12e.jpg\"><img decoding=\"async\" class=\" wp-image-5721\" title=\"25.12e\" src=\"http:\/\/kinanen.fi\/wordpress\/wp-content\/uploads\/2012\/11\/25.12e.jpg\" alt=\"\" width=\"502\" height=\"537\" \/><\/a><figcaption id=\"caption-attachment-5721\" class=\"wp-caption-text\">Puurot ja gl\u00f6git<\/figcaption><\/figure>\n<p>&nbsp;<\/p>\n<p>Yhteisen aterian j\u00e4lkeen on tapana siirty\u00e4 saliin nauttimaan aterian p\u00e4\u00e4lle oikein maukkaat gl\u00f6git ja maistelemaan joulumakeisia. Yhdess\u00e4 ollessa on aina mukavaa my\u00f6s pelata vanhoja lautapelej\u00e4. Siin\u00e4 sit\u00e4 hurahtaa tunti jos toinenkin yhdess\u00e4 seurustellen.<\/p>\n<p>&nbsp;<\/p>\n<figure id=\"attachment_5722\" aria-describedby=\"caption-attachment-5722\" style=\"width: 503px\" class=\"wp-caption aligncenter\"><a href=\"http:\/\/kinanen.fi\/wordpress\/wp-content\/uploads\/2012\/11\/25.12f.jpg\"><img loading=\"lazy\" decoding=\"async\" class=\" wp-image-5722\" title=\"25.12f\" src=\"http:\/\/kinanen.fi\/wordpress\/wp-content\/uploads\/2012\/11\/25.12f.jpg\" alt=\"\" width=\"503\" height=\"521\" \/><\/a><figcaption id=\"caption-attachment-5722\" class=\"wp-caption-text\">Salissa<\/figcaption><\/figure>\n<p>&nbsp;<\/p>\n<p>Yhteinen jouluilo on aivan erityinen ilo.<\/p>\n<p>Niin se taisi olla siell\u00e4 tallissakin aikoinaan. Paimenten per\u00e4ss\u00e4 pient\u00e4 lasta k\u00e4vi ihastelemassa paljon muitakin kulkijoita ja kyl\u00e4n asukkaita. Ilo ja riemu oli yhteinen asia. P\u00e4ivien edetess\u00e4 yh\u00e4 kauempaa ja yh\u00e4 arvokkaampia vieraita saapui Jeesus-lapsen luo. Toivat tullessaan lahjoja. Arvokkaita lahjoja olivatkin. Niiden turvin tuo perhe selviytyi vaikean ajan yli ollessaan pakolaisina tai maahanmuuttajina vailla ty\u00f6t\u00e4 vieraassa maassa. Niin tuttua t\u00e4m\u00e4nkin p\u00e4iv\u00e4n el\u00e4m\u00e4st\u00e4.<\/p>\n<p>&nbsp;<\/p>\n<figure id=\"attachment_5723\" aria-describedby=\"caption-attachment-5723\" style=\"width: 501px\" class=\"wp-caption aligncenter\"><a href=\"http:\/\/kinanen.fi\/wordpress\/wp-content\/uploads\/2012\/11\/25.12a.jpg\"><img loading=\"lazy\" decoding=\"async\" class=\" wp-image-5723\" title=\"25.12a\" src=\"http:\/\/kinanen.fi\/wordpress\/wp-content\/uploads\/2012\/11\/25.12a.jpg\" alt=\"\" width=\"501\" height=\"441\" \/><\/a><figcaption id=\"caption-attachment-5723\" class=\"wp-caption-text\">Korttip\u00f6yt\u00e4<\/figcaption><\/figure>\n<p>&nbsp;<\/p>\n<p>P\u00e4iv\u00e4n p\u00e4\u00e4tteeksi on tapana lukea yhdess\u00e4 joulutervehdyksia ja kortteja. Niit\u00e4 on tullut melkoinen kasa. Korttien kautta tulee muistettua sellaisiakin ihmisi\u00e4 ja perheit\u00e4, joita ei niin kovin usein n\u00e4hd\u00e4. V\u00e4hint\u00e4\u00e4n jouluisin se kaukaisempikin sukulainen tulee l\u00e4helle tervehdyksen kautta. <a href=\"http:\/\/oliviaorso.blogspot.fi\/\" target=\"_blank\">Olivia ja Alberto Orso<\/a>, <a href=\"http:\/\/eijulista.blogspot.fi\/\" target=\"_blank\">Villa Charlotten Rouva<\/a>\u00a0 ja Savonmaan Pirjo ovat erityisesti muistaneet Eeverti\u00e4.<\/p>\n<p>&nbsp;<\/p>\n<figure id=\"attachment_5858\" aria-describedby=\"caption-attachment-5858\" style=\"width: 452px\" class=\"wp-caption aligncenter\"><a href=\"http:\/\/kinanen.fi\/wordpress\/wp-content\/uploads\/2012\/12\/joulukortit.jpg\"><img loading=\"lazy\" decoding=\"async\" class=\" wp-image-5858\" title=\"joulukortit\" src=\"http:\/\/kinanen.fi\/wordpress\/wp-content\/uploads\/2012\/12\/joulukortit.jpg\" alt=\"\" width=\"452\" height=\"639\" \/><\/a><figcaption id=\"caption-attachment-5858\" class=\"wp-caption-text\">Joulukortteja<\/figcaption><\/figure>\n<p>&nbsp;<\/p>\n<p>Eevertin kuusen alla on ollut salaper\u00e4isi\u00e4 paketteja. Niit\u00e4 on v\u00e4hitellen sinne ker\u00e4\u00e4ntynyt ja innolla ja silm\u00e4t hehkuen mies on niit\u00e4 katsellut koko pitk\u00e4n aattop\u00e4iv\u00e4n. Illan jo hiipuessa viimein oli aika niit\u00e4 availla.<\/p>\n<p>&nbsp;<\/p>\n<figure id=\"attachment_5859\" aria-describedby=\"caption-attachment-5859\" style=\"width: 503px\" class=\"wp-caption aligncenter\"><a href=\"http:\/\/kinanen.fi\/wordpress\/wp-content\/uploads\/2012\/12\/IMG_5145.jpg\"><img loading=\"lazy\" decoding=\"async\" class=\" wp-image-5859\" title=\"IMG_5145\" src=\"http:\/\/kinanen.fi\/wordpress\/wp-content\/uploads\/2012\/12\/IMG_5145.jpg\" alt=\"\" width=\"503\" height=\"335\" \/><\/a><figcaption id=\"caption-attachment-5859\" class=\"wp-caption-text\">Pakettien t\u00e4ytt\u00e4m\u00e4 kuusen alusta<\/figcaption><\/figure>\n<p>&nbsp;<\/p>\n<p>Ihmeellis\u00e4 lahjoja sielt\u00e4 l\u00f6ytyikin. Sukulaistytt\u00f6 oli paketoinut varsin tarpeellisen kaulahuivin talven pakkasiin. Moni lukija onkin ollut huolissaan kun ter\u00e4svaarimme on paitahihasillaan liikkeell\u00e4 s\u00e4\u00e4ss\u00e4 kun s\u00e4\u00e4ss\u00e4.\u00a0 Varsin tarpeellinen kalenteri vuodelle 2013 ja metallinen kynttil\u00e4lyhty (joka ei kuvaan osunut).<\/p>\n<p>&nbsp;<\/p>\n<figure id=\"attachment_5860\" aria-describedby=\"caption-attachment-5860\" style=\"width: 503px\" class=\"wp-caption aligncenter\"><a href=\"http:\/\/kinanen.fi\/wordpress\/wp-content\/uploads\/2012\/12\/joululahjat.jpg\"><img loading=\"lazy\" decoding=\"async\" class=\" wp-image-5860\" title=\"joululahjat\" src=\"http:\/\/kinanen.fi\/wordpress\/wp-content\/uploads\/2012\/12\/joululahjat.jpg\" alt=\"\" width=\"503\" height=\"669\" \/><\/a><figcaption id=\"caption-attachment-5860\" class=\"wp-caption-text\">Joululahjoja<\/figcaption><\/figure>\n<p>&nbsp;<\/p>\n<p>Lahjojen joukosta l\u00f6ytyi muutakin. Viehe\u00e4tt\u00e4v\u00e4 tallilyhty ja rakennusintoiselle miehelle tarpeellista tarviketta tuleviin ovien valmistuksiin. Niiden takana on vieh\u00e4tt\u00e4v\u00e4 Villa Charlotten Rouva ja h\u00e4nen edustajansa Eija. Kiitos!<\/p>\n<p>&nbsp;<\/p>\n<figure id=\"attachment_5861\" aria-describedby=\"caption-attachment-5861\" style=\"width: 501px\" class=\"wp-caption aligncenter\"><a href=\"http:\/\/kinanen.fi\/wordpress\/wp-content\/uploads\/2012\/12\/IMG_5146.jpg\"><img loading=\"lazy\" decoding=\"async\" class=\" wp-image-5861\" title=\"IMG_5146\" src=\"http:\/\/kinanen.fi\/wordpress\/wp-content\/uploads\/2012\/12\/IMG_5146.jpg\" alt=\"\" width=\"501\" height=\"334\" \/><\/a><figcaption id=\"caption-attachment-5861\" class=\"wp-caption-text\">Eijan lahjoja<\/figcaption><\/figure>\n<p>&nbsp;<\/p>\n<p>Savonmaan Pirjon paketista l\u00f6ytyi mahtava joulukranssi ja iloinen enkeli. Kiitos Pirjolle!<\/p>\n<p>&nbsp;<\/p>\n<figure id=\"attachment_5862\" aria-describedby=\"caption-attachment-5862\" style=\"width: 502px\" class=\"wp-caption aligncenter\"><a href=\"http:\/\/kinanen.fi\/wordpress\/wp-content\/uploads\/2012\/12\/IMG_5153.jpg\"><img loading=\"lazy\" decoding=\"async\" class=\" wp-image-5862\" title=\"IMG_5153\" src=\"http:\/\/kinanen.fi\/wordpress\/wp-content\/uploads\/2012\/12\/IMG_5153.jpg\" alt=\"\" width=\"502\" height=\"460\" \/><\/a><figcaption id=\"caption-attachment-5862\" class=\"wp-caption-text\">Enkeli ja kranssi<\/figcaption><\/figure>\n<p>&nbsp;<\/p>\n<p>Illan himmetess\u00e4 Eevertin vieraat l\u00e4htev\u00e4t. Hyv\u00e4stelyn hetket ovat herk\u00e4t ja halauksia vaihdellaan moneen kertaan. Eevert herkistyy oikein kiittelem\u00e4\u00e4n ikimuistoisesta joulunajasta kaikkia vieraitaan.<\/p>\n<p>&nbsp;<\/p>\n<figure id=\"attachment_5774\" aria-describedby=\"caption-attachment-5774\" style=\"width: 480px\" class=\"wp-caption aligncenter\"><a href=\"http:\/\/kinanen.fi\/wordpress\/wp-content\/uploads\/2012\/12\/jouluyo2.jpg\"><img loading=\"lazy\" decoding=\"async\" class=\"size-full wp-image-5774\" title=\"jouluyo\u03085\" src=\"http:\/\/kinanen.fi\/wordpress\/wp-content\/uploads\/2012\/12\/jouluyo2.jpg\" alt=\"\" width=\"480\" height=\"640\" \/><\/a><figcaption id=\"caption-attachment-5774\" class=\"wp-caption-text\">Y\u00f6n hetki\u00e4<\/figcaption><\/figure>\n<p>&nbsp;<\/p>\n<h4 style=\"text-align: center;\"><span style=\"color: #ffcc99;\">Hyv\u00e4\u00e4 Joulua ja kiitos yhteisest\u00e4 matkasta! <\/span><\/h4>\n<h4 style=\"text-align: center;\"><span style=\"color: #ffcc99;\">Yhdess\u00e4 on mukavampi kulkea! <\/span><\/h4>\n<h4 style=\"text-align: center;\"><span style=\"color: #ffcc99;\">Eevert<\/span><\/h4>\n<p>&nbsp;<\/p>\n<p>&nbsp;<\/p>\n<p>&nbsp;<\/p>\n<p>&nbsp;<\/p>\n<p>&nbsp;<\/p>\n","protected":false},"excerpt":{"rendered":"<p>Joulup\u00e4iv\u00e4n aamu on aina verkkainen ja viivyttelev\u00e4. Rauha ja raukeus k\u00e4y taloksi. Eevert on saanut mukavaa luettavaa joulupaketeista. Mik\u00e4 sen mukavampaa kuin istahtaa kirjan kanssa takkatulen \u00e4\u00e4reen ja uppoutua mit\u00e4 mainioimpiin seikkailuihin. &nbsp; &nbsp; Verkkaisen p\u00e4iv\u00e4n kohokohta on yhteinen jouluateria l\u00e4himpien kanssa. Eevert on tunnetusti hyv\u00e4 ruuan laittaja ja vieraat sen hyvin tiet\u00e4v\u00e4t. Eevertin p\u00f6yd\u00e4st\u00e4 [&hellip;]<\/p>\n","protected":false},"author":1,"featured_media":0,"comment_status":"open","ping_status":"open","sticky":false,"template":"","format":"standard","meta":{"footnotes":""},"categories":[],"tags":[],"class_list":["post-5333","post","type-post","status-publish","format-standard","hentry"],"_links":{"self":[{"href":"https:\/\/www.kinanen.fi\/nukkekoti\/wp-json\/wp\/v2\/posts\/5333","targetHints":{"allow":["GET"]}}],"collection":[{"href":"https:\/\/www.kinanen.fi\/nukkekoti\/wp-json\/wp\/v2\/posts"}],"about":[{"href":"https:\/\/www.kinanen.fi\/nukkekoti\/wp-json\/wp\/v2\/types\/post"}],"author":[{"embeddable":true,"href":"https:\/\/www.kinanen.fi\/nukkekoti\/wp-json\/wp\/v2\/users\/1"}],"replies":[{"embeddable":true,"href":"https:\/\/www.kinanen.fi\/nukkekoti\/wp-json\/wp\/v2\/comments?post=5333"}],"version-history":[{"count":11,"href":"https:\/\/www.kinanen.fi\/nukkekoti\/wp-json\/wp\/v2\/posts\/5333\/revisions"}],"predecessor-version":[{"id":7685,"href":"https:\/\/www.kinanen.fi\/nukkekoti\/wp-json\/wp\/v2\/posts\/5333\/revisions\/7685"}],"wp:attachment":[{"href":"https:\/\/www.kinanen.fi\/nukkekoti\/wp-json\/wp\/v2\/media?parent=5333"}],"wp:term":[{"taxonomy":"category","embeddable":true,"href":"https:\/\/www.kinanen.fi\/nukkekoti\/wp-json\/wp\/v2\/categories?post=5333"},{"taxonomy":"post_tag","embeddable":true,"href":"https:\/\/www.kinanen.fi\/nukkekoti\/wp-json\/wp\/v2\/tags?post=5333"}],"curies":[{"name":"wp","href":"https:\/\/api.w.org\/{rel}","templated":true}]}}