{"id":5337,"date":"2012-09-23T14:00:14","date_gmt":"2012-09-23T11:00:14","guid":{"rendered":"http:\/\/kinanen.fi\/wordpress\/?p=5337"},"modified":"2012-09-23T14:36:14","modified_gmt":"2012-09-23T11:36:14","slug":"talokatsaus","status":"publish","type":"post","link":"https:\/\/www.kinanen.fi\/nukkekoti\/talokatsaus\/","title":{"rendered":"Talokatsaus"},"content":{"rendered":"<p>Joku artikkeli sitten k\u00e4vij\u00e4t miettiv\u00e4t mink\u00e4 kokoisessa talossa Eevert el\u00e4\u00e4. P\u00e4\u00e4tin sitten tehd\u00e4 talokatsauksen ja tietojen p\u00e4ivitt\u00e4misen. Yl\u00e4palkin napin takana &#8221;Tietoja talosta&#8221; on alkuvaiheita ja jotakin n\u00e4kym\u00e4\u00e4kin. Ajan kuluessa my\u00f6s asiat talossa muuttuvat, joten ehk\u00e4 sen p\u00e4ivitt\u00e4misen aika onkin. T\u00e4n\u00e4\u00e4n on ollut pime\u00e4 ja sateinen p\u00e4iv\u00e4, joten valaistus ei ihan parhaimmillaan ole pienten asioiden kuvailemiseen ilman studiota. Ja nyt en sitten studiota pystytt\u00e4nyt, vaan napsin kuvia pienemm\u00e4ll\u00e4 kalustolla vain yleisesti. Taidekuvia sitten my\u00f6hemmin \ud83d\ude00<\/p>\n<p>&nbsp;<\/p>\n<figure id=\"attachment_5338\" aria-describedby=\"caption-attachment-5338\" style=\"width: 470px\" class=\"wp-caption aligncenter\"><a href=\"http:\/\/kinanen.fi\/wordpress\/wp-content\/uploads\/2012\/09\/talo.jpg\"><img fetchpriority=\"high\" decoding=\"async\" class=\"size-full wp-image-5338\" title=\"talo\" src=\"http:\/\/kinanen.fi\/wordpress\/wp-content\/uploads\/2012\/09\/talo.jpg\" alt=\"\" width=\"470\" height=\"640\" \/><\/a><figcaption id=\"caption-attachment-5338\" class=\"wp-caption-text\">Koko talo<\/figcaption><\/figure>\n<p>&nbsp;<\/p>\n<p>Yleiskuva koko talosta. Alakerrassa sauna, eteinen ja Eevertin makuukamari. N\u00e4iss\u00e4 on p\u00e4\u00e4 osin itse rakennettua kalustusta. Tavoitteena on saada tietenkin koko talo omin k\u00e4sin sisustetuksi. Viel\u00e4 on matkaa. Aika ja innostus on hakenut itse\u00e4\u00e4n.\u00a0 Ja on tullut tehdyksi ehk\u00e4 vain tarinan vaatimia asioita.<\/p>\n<p>Keskikerroksessa on kylpyhuone ja keitti\u00f6.<\/p>\n<p>Kolmas kerros on Eevertin sali eli olohuone. Kaikissa vanhoissa taloissahan oli sali. Sit\u00e4 ei ihan arkik\u00e4yt\u00f6ss\u00e4 k\u00e4ytetty, mutta Eevert viihtyy hyvin takan \u00e4\u00e4ress\u00e4.<\/p>\n<p>Ullakkokerroksessa on rengin kammari ja salainen &#8211; japanilainen kammio. Kummajainen talossa, eik\u00e4 siit\u00e4 moni taida tiet\u00e4\u00e4k\u00e4\u00e4n.<\/p>\n<p>&nbsp;<\/p>\n<p>Kurkataanpa tarkemmin:<\/p>\n<figure id=\"attachment_5339\" aria-describedby=\"caption-attachment-5339\" style=\"width: 500px\" class=\"wp-caption aligncenter\"><a href=\"http:\/\/kinanen.fi\/wordpress\/wp-content\/uploads\/2012\/09\/talo4.jpg\"><img decoding=\"async\" class=\" wp-image-5339\" title=\"talo4\" src=\"http:\/\/kinanen.fi\/wordpress\/wp-content\/uploads\/2012\/09\/talo4.jpg\" alt=\"\" width=\"500\" height=\"375\" \/><\/a><figcaption id=\"caption-attachment-5339\" class=\"wp-caption-text\">Rengin kammari<\/figcaption><\/figure>\n<p>&nbsp;<\/p>\n<p>Eevertin talon esikuvatalossa (joka ei lainkaan ole olemassa olevan talon kaltainen) oli ullkolla talon rengin pikkuinen huone. Huoneessa tuoksui vanhalle miehelle ja ty\u00f6n tekemiselle. Sarkavaatteisiin j\u00e4i aina tuoksua niin navetasta kuin mets\u00e4t\u00f6ist\u00e4kin. Huone on viel\u00e4 kesken. Pieni vesipiste on puolitekoinen ja sisustuksesta puuttuvat kaikki pikkutavarat joita olen esikuvahuoneessa muistiini taltioinut.<\/p>\n<p>&nbsp;<\/p>\n<figure id=\"attachment_5340\" aria-describedby=\"caption-attachment-5340\" style=\"width: 500px\" class=\"wp-caption aligncenter\"><a href=\"http:\/\/kinanen.fi\/wordpress\/wp-content\/uploads\/2012\/09\/talo5.jpg\"><img decoding=\"async\" class=\" wp-image-5340\" title=\"talo5\" src=\"http:\/\/kinanen.fi\/wordpress\/wp-content\/uploads\/2012\/09\/talo5.jpg\" alt=\"\" width=\"500\" height=\"375\" \/><\/a><figcaption id=\"caption-attachment-5340\" class=\"wp-caption-text\">Japanilainen kammio<\/figcaption><\/figure>\n<p>&nbsp;<\/p>\n<p>Ullakolla rengin huoneen naapurissa on japanilainen kammio. Se syntyi aikoinaan ilahduttamaan vieraita jotka tulivat sushi-illalliselle. V\u00e4hitellen rakentelin tilaa lis\u00e4\u00e4. Valokuvakehyksiin l\u00f6ytyi omia kuvia Japanin matkalta ja muistoja monesta muusta aiheeseen liittyv\u00e4st\u00e4 asiasta. T\u00e4m\u00e4 siirtynee joskus vaikka omaan boxiinsa, mutta toistaiseksi Eevert saa pit\u00e4\u00e4 salaisuuksien kammionsa ja kuka ties kutsuu sinne illanviettoon yst\u00e4vi\u00e4\u00e4n.<\/p>\n<p>Paperilampun t\u00e4ysikokoinen versio valaisee omaa olohuonettani.<\/p>\n<p>&nbsp;<\/p>\n<figure id=\"attachment_5341\" aria-describedby=\"caption-attachment-5341\" style=\"width: 500px\" class=\"wp-caption aligncenter\"><a href=\"http:\/\/kinanen.fi\/wordpress\/wp-content\/uploads\/2012\/09\/talo8.jpg\"><img loading=\"lazy\" decoding=\"async\" class=\" wp-image-5341\" title=\"talo8\" src=\"http:\/\/kinanen.fi\/wordpress\/wp-content\/uploads\/2012\/09\/talo8.jpg\" alt=\"\" width=\"500\" height=\"239\" \/><\/a><figcaption id=\"caption-attachment-5341\" class=\"wp-caption-text\">Olohuone<\/figcaption><\/figure>\n<p>&nbsp;<\/p>\n<p>Eevertin olohuone on viel\u00e4 omista tuotoksista aivan kesken. Omaa ovat Marian ohjeilla tehdyt pormestarintuolit, takka ja isompi p\u00f6yt\u00e4. Siippa maalasi oljyv\u00e4ritaulun takasein\u00e4lle. Sekalaista pient\u00e4 k\u00e4sin tehty\u00e4 on siell\u00e4 t\u00e4\u00e4ll\u00e4, mutta huonekaluissa on tehdasvalmisteisia viel\u00e4 paljon. Ehk\u00e4 kaikki ei vaihdukkaan. Sain viime joluna Siipalta lahjaksi kaappikellon joka k\u00e4y oikeasti. Se j\u00e4\u00e4 paikoilleen vaikka muuta vaihtuisikin. Katon kattolamppukammotus on ensimm\u00e4inen valaisimeni. Kuuppa ei p\u00e4\u00e4st\u00e4 valoa l\u00e4pi ja sen kanssa on saanut monet naurut pit\u00e4\u00e4. Sen verran miehinen se on ett\u00e4 on saanut olla toistaiseksi paikoillaan. Voi olla ett\u00e4 pysyykin, sill\u00e4 olen sen oikein kunnolla liimannut kattoon \ud83d\ude00<\/p>\n<p>&nbsp;<\/p>\n<figure id=\"attachment_5342\" aria-describedby=\"caption-attachment-5342\" style=\"width: 500px\" class=\"wp-caption aligncenter\"><a href=\"http:\/\/kinanen.fi\/wordpress\/wp-content\/uploads\/2012\/09\/talo2.jpg\"><img loading=\"lazy\" decoding=\"async\" class=\" wp-image-5342\" title=\"talo2\" src=\"http:\/\/kinanen.fi\/wordpress\/wp-content\/uploads\/2012\/09\/talo2.jpg\" alt=\"\" width=\"500\" height=\"536\" \/><\/a><figcaption id=\"caption-attachment-5342\" class=\"wp-caption-text\">Kylpyhuone<\/figcaption><\/figure>\n<p>&nbsp;<\/p>\n<p>Eevertin kylpyhuone on hieman sievistelev\u00e4, ainakin toistaiseksi. Kylpyhuoneen kalusto minulla on ollut olemassa jo ennen taloa. Laatoitus lattiassa on omatekoinen jokaista laattaa my\u00f6ten. Ne on yksitellen &#8221;valettu&#8221; ja maalaus on niin omintakeinen ett\u00e4 sit\u00e4 ei voi mitenk\u00e4\u00e4n toistaa mihink\u00e4\u00e4n uuteen kohteeseen. Mit\u00e4 kauemmin olen laatoitusta katsellut, sit\u00e4 enemm\u00e4n se vieh\u00e4tt\u00e4\u00e4. Lattiaa on yritetty my\u00f6s saumata paremmin, mutta saumausaineet tuppaavat upoamaan rakosiin ja n\u00e4kym\u00e4tt\u00f6miin.<\/p>\n<p>Pulsaattoripesukone on omaa tuotantoa samoin kuin l\u00e4\u00e4kekaappikin. Suihku on vanha korvanappi ja imupilli, suihkuverho bioj\u00e4tepussia.<\/p>\n<p>&nbsp;<\/p>\n<figure id=\"attachment_5343\" aria-describedby=\"caption-attachment-5343\" style=\"width: 480px\" class=\"wp-caption aligncenter\"><a href=\"http:\/\/kinanen.fi\/wordpress\/wp-content\/uploads\/2012\/09\/talo3.jpg\"><img loading=\"lazy\" decoding=\"async\" class=\"size-full wp-image-5343\" title=\"talo3\" src=\"http:\/\/kinanen.fi\/wordpress\/wp-content\/uploads\/2012\/09\/talo3.jpg\" alt=\"\" width=\"480\" height=\"640\" \/><\/a><figcaption id=\"caption-attachment-5343\" class=\"wp-caption-text\">L\u00e4\u00e4kekaappi<\/figcaption><\/figure>\n<p>&nbsp;<\/p>\n<p>L\u00e4\u00e4kekaappia suunnittelin alunperin eteiseen. Siit\u00e4 v\u00e4ritys. Koko oli vain minusta aivan liian suuri kapeaan tilaan, joten se p\u00e4\u00e4tyi kylpyhuoneeseen. Hiilitabletit ja muut l\u00e4\u00e4kkeet n\u00e4ytt\u00e4v\u00e4t olevan hyvin paikoillaan.<\/p>\n<p>&nbsp;<\/p>\n<figure id=\"attachment_5344\" aria-describedby=\"caption-attachment-5344\" style=\"width: 500px\" class=\"wp-caption aligncenter\"><a href=\"http:\/\/kinanen.fi\/wordpress\/wp-content\/uploads\/2012\/09\/talo9.jpg\"><img loading=\"lazy\" decoding=\"async\" class=\" wp-image-5344\" title=\"talo9\" src=\"http:\/\/kinanen.fi\/wordpress\/wp-content\/uploads\/2012\/09\/talo9.jpg\" alt=\"\" width=\"500\" height=\"314\" \/><\/a><figcaption id=\"caption-attachment-5344\" class=\"wp-caption-text\">Keitti\u00f6<\/figcaption><\/figure>\n<p>&nbsp;<\/p>\n<p>Keitti\u00f6 on valtaosin omaa rakennusta. Hella taitaa olla my\u00f6s niit\u00e4 ensimm\u00e4isi\u00e4 t\u00f6it\u00e4. Alkuun kauhistelin sit\u00e4kin ja ajattelin tehd\u00e4 uuden, vaan siihen se on j\u00e4\u00e4nyt ja hyvin palvellut. Kaapit ja tiskip\u00f6yt\u00e4 ovat aivan omaa &#8221;yritys ja erehdys&#8221; -mallistoani.<\/p>\n<p>&nbsp;<\/p>\n<figure id=\"attachment_5345\" aria-describedby=\"caption-attachment-5345\" style=\"width: 479px\" class=\"wp-caption aligncenter\"><a href=\"http:\/\/kinanen.fi\/wordpress\/wp-content\/uploads\/2012\/09\/talo7.jpg\"><img loading=\"lazy\" decoding=\"async\" class=\" wp-image-5345\" title=\"talo7\" src=\"http:\/\/kinanen.fi\/wordpress\/wp-content\/uploads\/2012\/09\/talo7.jpg\" alt=\"\" width=\"479\" height=\"638\" \/><\/a><figcaption id=\"caption-attachment-5345\" class=\"wp-caption-text\">Sauna<\/figcaption><\/figure>\n<p>&nbsp;<\/p>\n<p>Sauna on &#8221;valmistunut&#8221; ensimm\u00e4isen\u00e4. Niin varmaan moneen suomalaiseen taloon tai pihapiiriin. Eevertin sauna on puul\u00e4mmitteinen ja vesikin l\u00e4mmitet\u00e4\u00e4n muuripadassa. Sauna on h\u00e4m\u00e4r\u00e4 ja Eevert siell\u00e4 usein peseytyy kynttil\u00e4n valossa. Siit\u00e4 johtuen sauna on my\u00f6s \u00e4\u00e4rimm\u00e4isen hankala kuvattava.<\/p>\n<p>Rallit on rakennettu er\u00e4\u00e4n k\u00e4ym\u00e4ni kurssin kahvitikuista joita ker\u00e4ilin talteen kurssitovereiltani. Samoja tikkuja on k\u00e4ytetty my\u00f6s lauteiden rakentamiseen. Pieni mittavirhe on lauteissa suhteessa kiukaaseen, mutta t\u00e4ss\u00e4 maailmassa se ei haitanne.<\/p>\n<p>&nbsp;<\/p>\n<figure id=\"attachment_5346\" aria-describedby=\"caption-attachment-5346\" style=\"width: 480px\" class=\"wp-caption aligncenter\"><a href=\"http:\/\/kinanen.fi\/wordpress\/wp-content\/uploads\/2012\/09\/talo6.jpg\"><img loading=\"lazy\" decoding=\"async\" class=\"size-full wp-image-5346\" title=\"talo6\" src=\"http:\/\/kinanen.fi\/wordpress\/wp-content\/uploads\/2012\/09\/talo6.jpg\" alt=\"\" width=\"480\" height=\"640\" \/><\/a><figcaption id=\"caption-attachment-5346\" class=\"wp-caption-text\">Eteinen<\/figcaption><\/figure>\n<p>&nbsp;<\/p>\n<p>Talosta siirtelin v\u00e4liseini\u00e4 ja poistin kaikki portaat. Siirretyst\u00e4 v\u00e4lisein\u00e4st\u00e4 sain sopivasti erotetuksi eteisen ulko-oven kohdalle. Eteinen on omaa tuotantoa ja suunnittelua. V\u00e4rityksest\u00e4 tuli hempe\u00e4hk\u00f6 vanhalle miehelle, mutta ajatuksissahan t\u00e4m\u00e4 on Eevertin vanha perint\u00f6talo. Sill\u00e4 on siis ollut monta monituista haltijaa ennen yksin\u00e4isen miehen talouttakin.<\/p>\n<p>&nbsp;<\/p>\n<figure id=\"attachment_5347\" aria-describedby=\"caption-attachment-5347\" style=\"width: 501px\" class=\"wp-caption aligncenter\"><a href=\"http:\/\/kinanen.fi\/wordpress\/wp-content\/uploads\/2012\/09\/talo10.jpg\"><img loading=\"lazy\" decoding=\"async\" class=\" wp-image-5347\" title=\"talo10\" src=\"http:\/\/kinanen.fi\/wordpress\/wp-content\/uploads\/2012\/09\/talo10.jpg\" alt=\"\" width=\"501\" height=\"374\" \/><\/a><figcaption id=\"caption-attachment-5347\" class=\"wp-caption-text\">Makuukamari<\/figcaption><\/figure>\n<p>&nbsp;<\/p>\n<p>Eteisest\u00e4 on sujuva kulku makuukamariin. Alkujaan Eevertin makuusija oli ullkolla, nykyisen rengin huoneen paikalla. Vanha mies p\u00e4\u00e4tti kuitenkin siirty\u00e4 l\u00e4hemm\u00e4ksi maata ja muutti s\u00e4nkyns\u00e4 vaivihkaa alakerran keltaiseen huoneeseen. Siell\u00e4 sit\u00e4 on ollut hyv\u00e4 uneksia mukavia unia ja suunnitella aina seuraavaa seikkailua tai heitt\u00e4yty\u00e4 muistojen viet\u00e4v\u00e4ksi. &#8217;<\/p>\n<p>&nbsp;<\/p>\n<p>Talossa on iso joukko saatuja tai toisilta nukketaloharrastajilta ostettuja pikkutarvikkeita, elintarvikkeita tai muuta sisustukseen kuuluvaa. Ne saa sielt\u00e4 jokainen tunnistaa itse.<\/p>\n<p>&nbsp;<\/p>\n<p>Talo tuli kuvattua ilman siistimist\u00e4 tai tilojen p\u00e4ivitt\u00e4mist\u00e4.<\/p>\n<p>&nbsp;<\/p>\n<p>&nbsp;<\/p>\n<p>&nbsp;<\/p>\n<p>&nbsp;<\/p>\n<p>&nbsp;<\/p>\n","protected":false},"excerpt":{"rendered":"<p>Joku artikkeli sitten k\u00e4vij\u00e4t miettiv\u00e4t mink\u00e4 kokoisessa talossa Eevert el\u00e4\u00e4. P\u00e4\u00e4tin sitten tehd\u00e4 talokatsauksen ja tietojen p\u00e4ivitt\u00e4misen. Yl\u00e4palkin napin takana &#8221;Tietoja talosta&#8221; on alkuvaiheita ja jotakin n\u00e4kym\u00e4\u00e4kin. Ajan kuluessa my\u00f6s asiat talossa muuttuvat, joten ehk\u00e4 sen p\u00e4ivitt\u00e4misen aika onkin. T\u00e4n\u00e4\u00e4n on ollut pime\u00e4 ja sateinen p\u00e4iv\u00e4, joten valaistus ei ihan parhaimmillaan ole pienten asioiden kuvailemiseen [&hellip;]<\/p>\n","protected":false},"author":1,"featured_media":0,"comment_status":"open","ping_status":"open","sticky":false,"template":"","format":"standard","meta":{"footnotes":""},"categories":[],"tags":[],"class_list":["post-5337","post","type-post","status-publish","format-standard","hentry"],"_links":{"self":[{"href":"https:\/\/www.kinanen.fi\/nukkekoti\/wp-json\/wp\/v2\/posts\/5337","targetHints":{"allow":["GET"]}}],"collection":[{"href":"https:\/\/www.kinanen.fi\/nukkekoti\/wp-json\/wp\/v2\/posts"}],"about":[{"href":"https:\/\/www.kinanen.fi\/nukkekoti\/wp-json\/wp\/v2\/types\/post"}],"author":[{"embeddable":true,"href":"https:\/\/www.kinanen.fi\/nukkekoti\/wp-json\/wp\/v2\/users\/1"}],"replies":[{"embeddable":true,"href":"https:\/\/www.kinanen.fi\/nukkekoti\/wp-json\/wp\/v2\/comments?post=5337"}],"version-history":[{"count":6,"href":"https:\/\/www.kinanen.fi\/nukkekoti\/wp-json\/wp\/v2\/posts\/5337\/revisions"}],"predecessor-version":[{"id":5363,"href":"https:\/\/www.kinanen.fi\/nukkekoti\/wp-json\/wp\/v2\/posts\/5337\/revisions\/5363"}],"wp:attachment":[{"href":"https:\/\/www.kinanen.fi\/nukkekoti\/wp-json\/wp\/v2\/media?parent=5337"}],"wp:term":[{"taxonomy":"category","embeddable":true,"href":"https:\/\/www.kinanen.fi\/nukkekoti\/wp-json\/wp\/v2\/categories?post=5337"},{"taxonomy":"post_tag","embeddable":true,"href":"https:\/\/www.kinanen.fi\/nukkekoti\/wp-json\/wp\/v2\/tags?post=5337"}],"curies":[{"name":"wp","href":"https:\/\/api.w.org\/{rel}","templated":true}]}}