{"id":5437,"date":"2012-10-17T23:32:50","date_gmt":"2012-10-17T20:32:50","guid":{"rendered":"http:\/\/kinanen.fi\/wordpress\/?p=5437"},"modified":"2015-02-21T12:15:51","modified_gmt":"2015-02-21T10:15:51","slug":"kiitos-tyotoverille","status":"publish","type":"post","link":"https:\/\/www.kinanen.fi\/nukkekoti\/kiitos-tyotoverille\/","title":{"rendered":"Kiitos ty\u00f6toverille"},"content":{"rendered":"<p>Pienoinen tervehdys ja ajatus\u00a0 ty\u00f6toverille, kollegalle ja esimiehelle sai kuvallisen minimalistisen muodon viett\u00e4ess\u00e4ni muutaman rauhaisan p\u00e4iv\u00e4n <a href=\"https:\/\/www.hdl.fi\/fi\/palvelut\/retriittikeskus-heponiemi\" target=\"_blank\">Heponiemen<\/a> hiljaisuuden keskuksessa.<\/p>\n<p>Kelit eiv\u00e4t olleet parhaita mahdollisia. Syksy n\u00e4ytt\u00e4ytyi niin syksyisen\u00e4 kuin vain kuvitella saattoi &#8211;\u00a0 satoi ja maisemakin rosoisimmillaan. Syksyn paljaus ja lohduttomuus on yksi koskettavimmista vuodenajoista.<\/p>\n<figure id=\"attachment_5439\" aria-describedby=\"caption-attachment-5439\" style=\"width: 501px\" class=\"wp-caption aligncenter\"><a href=\"http:\/\/kinanen.fi\/wordpress\/wp-content\/uploads\/2012\/10\/syksy1.jpg\"><img fetchpriority=\"high\" decoding=\"async\" class=\" wp-image-5439\" title=\"syksy\" src=\"http:\/\/kinanen.fi\/wordpress\/wp-content\/uploads\/2012\/10\/syksy1.jpg\" alt=\"\" width=\"501\" height=\"334\" \/><\/a><figcaption id=\"caption-attachment-5439\" class=\"wp-caption-text\">Syksyinen maisema<\/figcaption><\/figure>\n<p>Ajatukset ja ty\u00f6skentely kortin kanssa eiv\u00e4t olleet aivan niin harmaita, vaan t\u00e4ynn\u00e4 muistoja ja merkitt\u00e4vi\u00e4 tilanteita. Niinp\u00e4 korttiin muotoutui kohtia niin omasta viitekehyksest\u00e4ni kuin my\u00f6s kortin saajan el\u00e4m\u00e4\u00e4 sivuavista asioista.<\/p>\n<p>Kokonaisuus lopulta n\u00e4ytti t\u00e4lt\u00e4.<\/p>\n<figure id=\"attachment_5440\" aria-describedby=\"caption-attachment-5440\" style=\"width: 486px\" class=\"wp-caption aligncenter\"><a href=\"http:\/\/kinanen.fi\/wordpress\/wp-content\/uploads\/2012\/10\/kortti3.jpg\"><img decoding=\"async\" class=\"size-full wp-image-5440\" title=\"kortti3\" src=\"http:\/\/kinanen.fi\/wordpress\/wp-content\/uploads\/2012\/10\/kortti3.jpg\" alt=\"\" width=\"486\" height=\"640\" \/><\/a><figcaption id=\"caption-attachment-5440\" class=\"wp-caption-text\">Kehys<\/figcaption><\/figure>\n<p>Kehys oli A5 kokoa. Lasin h\u00e4vitin samantien ja tyylilleni uskollisena sijoitin jotakin my\u00f6s kehyksen ulkopuolelle. Mieless\u00e4ni kuvittelin pient\u00e4 kahvilaa jossakin ihanassa paikassa, jossa on mahdollisuus katsella ikkunasta ulos avautuvaa n\u00e4kym\u00e4\u00e4 kaiken hyv\u00e4n tarjoilun ohella.<\/p>\n<figure id=\"attachment_5441\" aria-describedby=\"caption-attachment-5441\" style=\"width: 427px\" class=\"wp-caption aligncenter\"><a href=\"http:\/\/kinanen.fi\/wordpress\/wp-content\/uploads\/2012\/10\/Kortti.jpg\"><img decoding=\"async\" class=\"size-full wp-image-5441\" title=\"Kortti\" src=\"http:\/\/kinanen.fi\/wordpress\/wp-content\/uploads\/2012\/10\/Kortti.jpg\" alt=\"\" width=\"427\" height=\"640\" \/><\/a><figcaption id=\"caption-attachment-5441\" class=\"wp-caption-text\">Tuoli<\/figcaption><\/figure>\n<p>Tuoli on tuunattu valmiskaluste. Hieno pinta tuli hiottua pois ja sormilla hinkattuna hieman uutta patinaa pintaan. Tuolilla on kirja &#8211; p\u00e4iv\u00e4kirja tai el\u00e4m\u00e4nkirja, josta pilkist\u00e4\u00e4 kirjanmerkki. Juuri se hetki tai ne vuodet jotka olemme yhdess\u00e4 kulkeneet ty\u00f6tovereina ja ty\u00f6yhteis\u00f6in\u00e4 rinnakkain . Siihen voi aina palata ja siin\u00e4 kohtaa on monta muistoa kirjattuna.<\/p>\n<p>Pieni kukkaseppele syntyi kanervankukista. Hieman kaipailin niit\u00e4 kotiin j\u00e4\u00e4neit\u00e4 pinsettej\u00e4, mutta kasassa se pysyi &#8211; ainakin kortin luovuttamiseen saakka \ud83d\ude42<\/p>\n<figure id=\"attachment_5442\" aria-describedby=\"caption-attachment-5442\" style=\"width: 500px\" class=\"wp-caption aligncenter\"><a href=\"http:\/\/kinanen.fi\/wordpress\/wp-content\/uploads\/2012\/10\/kortti4.jpg\"><img loading=\"lazy\" decoding=\"async\" class=\" wp-image-5442\" title=\"kortti4\" src=\"http:\/\/kinanen.fi\/wordpress\/wp-content\/uploads\/2012\/10\/kortti4.jpg\" alt=\"\" width=\"500\" height=\"333\" \/><\/a><figcaption id=\"caption-attachment-5442\" class=\"wp-caption-text\">Kahvilan p\u00f6yt\u00e4<\/figcaption><\/figure>\n<p>Ikkunakahvilan p\u00f6yt\u00e4 syntyi tytt\u00e4ren takin napista ja parista puupalasesta. Herkkuina &#8211; niin t\u00e4ss\u00e4 kuin pieness\u00e4 pussissakin &#8211; <a href=\"http:\/\/jatanukkekodinruokia.vuodatus.net\/\" target=\"_blank\">Jatan<\/a> taiteellisia leivontaherkkuja. Kahvilan lamppu on korun osa, jonka sain muutama vuosi sitten er\u00e4\u00e4lt\u00e4\u00a0 ty\u00f6paikallani toimineelta harjoittelijalta. Pitsi on edesmenneen sukulaisen j\u00e4\u00e4mist\u00f6st\u00e4.<\/p>\n<figure id=\"attachment_5443\" aria-describedby=\"caption-attachment-5443\" style=\"width: 500px\" class=\"wp-caption aligncenter\"><a href=\"http:\/\/kinanen.fi\/wordpress\/wp-content\/uploads\/2012\/10\/kortti2.jpg\"><img loading=\"lazy\" decoding=\"async\" class=\" wp-image-5443\" title=\"kortti2\" src=\"http:\/\/kinanen.fi\/wordpress\/wp-content\/uploads\/2012\/10\/kortti2.jpg\" alt=\"\" width=\"500\" height=\"333\" \/><\/a><figcaption id=\"caption-attachment-5443\" class=\"wp-caption-text\">Enkeleit\u00e4 matkalle<\/figcaption><\/figure>\n<p>Enkeleit\u00e4 ei ole koskaan kenenk\u00e4\u00e4n matkalla liikaa, joten t\u00e4h\u00e4nkin ty\u00f6h\u00f6n p\u00e4\u00e4tyi pieni t\u00e4htienkeli mukaan siunaamaan ja varjelemaan el\u00e4m\u00e4n tiet\u00e4 eteenp\u00e4in.<\/p>\n<p>Tekstikin korttiin l\u00f6ytyi kun oikein etsi. Heponiemen kirjahylly on rikas ja moniulotteinen. Niinp\u00e4 kohtalaisen etsimisen j\u00e4lkeen l\u00f6ytyi humoristisempi ja kepe\u00e4mpi ihmisel\u00e4m\u00e4n arkisuuden ja pyhyyden monimuotoisuuden s\u00e4vytt\u00e4m\u00e4 pikkuinen tekstip\u00e4tk\u00e4 joka sopi oman yhteis\u00f6mme viitekehykseen&#8230;<\/p>\n<figure id=\"attachment_5444\" aria-describedby=\"caption-attachment-5444\" style=\"width: 500px\" class=\"wp-caption aligncenter\"><a href=\"http:\/\/kinanen.fi\/wordpress\/wp-content\/uploads\/2012\/10\/kortti5.jpg\"><img loading=\"lazy\" decoding=\"async\" class=\" wp-image-5444\" title=\"kortti5\" src=\"http:\/\/kinanen.fi\/wordpress\/wp-content\/uploads\/2012\/10\/kortti5-827x1024.jpg\" alt=\"\" width=\"500\" height=\"618\" \/><\/a><figcaption id=\"caption-attachment-5444\" class=\"wp-caption-text\">Tekstilainaus<\/figcaption><\/figure>\n<p>Teksti on Anna-Maija Raittilan k\u00e4\u00e4nn\u00f6s alkuper\u00e4isest\u00e4 muodostaan.<\/p>\n<p>Toivotan kaikkea hyv\u00e4\u00e4 ja runsasta siunausta el\u00e4m\u00e4n kulkuun ja koukeroihin t\u00e4st\u00e4kin eteenp\u00e4in. Tiet erkanevat, yhteys j\u00e4\u00e4.<\/p>\n<p>Ja juhlathan eiv\u00e4t viel\u00e4 t\u00e4h\u00e4n j\u00e4\u00e4neet. L\u00e4ht\u00f6juhlasta matka jatkui pokkaamaan ja kumartamaan omalle kohdalle osuneen 30-vuotisen uskollisen palvelijan kultaisen ansiomerkin samaiselta ty\u00f6nantajalta.<\/p>\n<p>Melkoisen juhlallinen p\u00e4iv\u00e4. Kiitos kaikille jotka ovat olleet sit\u00e4 mahdollistamassa.<\/p>\n<figure id=\"attachment_5447\" aria-describedby=\"caption-attachment-5447\" style=\"width: 480px\" class=\"wp-caption aligncenter\"><a href=\"http:\/\/kinanen.fi\/wordpress\/wp-content\/uploads\/2012\/10\/kuva.jpg\"><img loading=\"lazy\" decoding=\"async\" class=\"size-full wp-image-5447\" title=\"kuva\" src=\"http:\/\/kinanen.fi\/wordpress\/wp-content\/uploads\/2012\/10\/kuva.jpg\" alt=\"\" width=\"480\" height=\"640\" \/><\/a><figcaption id=\"caption-attachment-5447\" class=\"wp-caption-text\">Juhlap\u00f6yt\u00e4 katettuna<\/figcaption><\/figure>\n<p>T\u00e4st\u00e4 on hyv\u00e4 jatkaa eteenp\u00e4in.<\/p>\n","protected":false},"excerpt":{"rendered":"<p>Pienoinen tervehdys ja ajatus\u00a0 ty\u00f6toverille, kollegalle ja esimiehelle sai kuvallisen minimalistisen muodon viett\u00e4ess\u00e4ni muutaman rauhaisan p\u00e4iv\u00e4n Heponiemen hiljaisuuden keskuksessa. Kelit eiv\u00e4t olleet parhaita mahdollisia. Syksy n\u00e4ytt\u00e4ytyi niin syksyisen\u00e4 kuin vain kuvitella saattoi &#8211;\u00a0 satoi ja maisemakin rosoisimmillaan. Syksyn paljaus ja lohduttomuus on yksi koskettavimmista vuodenajoista. Ajatukset ja ty\u00f6skentely kortin kanssa eiv\u00e4t olleet aivan niin harmaita, [&hellip;]<\/p>\n","protected":false},"author":1,"featured_media":0,"comment_status":"open","ping_status":"open","sticky":false,"template":"","format":"standard","meta":{"footnotes":""},"categories":[],"tags":[],"class_list":["post-5437","post","type-post","status-publish","format-standard","hentry"],"_links":{"self":[{"href":"https:\/\/www.kinanen.fi\/nukkekoti\/wp-json\/wp\/v2\/posts\/5437","targetHints":{"allow":["GET"]}}],"collection":[{"href":"https:\/\/www.kinanen.fi\/nukkekoti\/wp-json\/wp\/v2\/posts"}],"about":[{"href":"https:\/\/www.kinanen.fi\/nukkekoti\/wp-json\/wp\/v2\/types\/post"}],"author":[{"embeddable":true,"href":"https:\/\/www.kinanen.fi\/nukkekoti\/wp-json\/wp\/v2\/users\/1"}],"replies":[{"embeddable":true,"href":"https:\/\/www.kinanen.fi\/nukkekoti\/wp-json\/wp\/v2\/comments?post=5437"}],"version-history":[{"count":16,"href":"https:\/\/www.kinanen.fi\/nukkekoti\/wp-json\/wp\/v2\/posts\/5437\/revisions"}],"predecessor-version":[{"id":8646,"href":"https:\/\/www.kinanen.fi\/nukkekoti\/wp-json\/wp\/v2\/posts\/5437\/revisions\/8646"}],"wp:attachment":[{"href":"https:\/\/www.kinanen.fi\/nukkekoti\/wp-json\/wp\/v2\/media?parent=5437"}],"wp:term":[{"taxonomy":"category","embeddable":true,"href":"https:\/\/www.kinanen.fi\/nukkekoti\/wp-json\/wp\/v2\/categories?post=5437"},{"taxonomy":"post_tag","embeddable":true,"href":"https:\/\/www.kinanen.fi\/nukkekoti\/wp-json\/wp\/v2\/tags?post=5437"}],"curies":[{"name":"wp","href":"https:\/\/api.w.org\/{rel}","templated":true}]}}