{"id":5492,"date":"2012-11-03T17:56:16","date_gmt":"2012-11-03T15:56:16","guid":{"rendered":"http:\/\/kinanen.fi\/wordpress\/?p=5492"},"modified":"2014-06-22T11:04:04","modified_gmt":"2014-06-22T08:04:04","slug":"pyhainpaiva-3","status":"publish","type":"post","link":"https:\/\/www.kinanen.fi\/nukkekoti\/pyhainpaiva-3\/","title":{"rendered":"Pyh\u00e4inp\u00e4iv\u00e4"},"content":{"rendered":"<figure id=\"attachment_5493\" aria-describedby=\"caption-attachment-5493\" style=\"width: 427px\" class=\"wp-caption aligncenter\"><a href=\"http:\/\/kinanen.fi\/wordpress\/wp-content\/uploads\/2012\/11\/kynttilat14.jpg\"><img fetchpriority=\"high\" decoding=\"async\" class=\"size-full wp-image-5493\" title=\"kynttila\u0308t\" src=\"http:\/\/kinanen.fi\/wordpress\/wp-content\/uploads\/2012\/11\/kynttilat14.jpg\" alt=\"\" width=\"427\" height=\"640\" \/><\/a><figcaption id=\"caption-attachment-5493\" class=\"wp-caption-text\">Pyh\u00e4inp\u00e4iv\u00e4n kynttil\u00e4t<\/figcaption><\/figure>\n<p>&nbsp;<\/p>\n<p>Pyh\u00e4inp\u00e4iv\u00e4 on sulautuma kahdesta juhlasta, kaikkien pyhien p\u00e4iv\u00e4st\u00e4 1.11. ja kaikkien uskovien vainajien muistop\u00e4iv\u00e4st\u00e4 2.11. Pyh\u00e4inp\u00e4iv\u00e4n\u00e4 muistellaan kaikkia kristikunnan marttyyreita ja muita uskossa Kristukseen kuolleita.<\/p>\n<p>Tavaksi on tullut k\u00e4yd\u00e4 sytytt\u00e4m\u00e4ss\u00e4 kynttil\u00e4 kuolleen l\u00e4heisen haudalle ja muistella h\u00e4nt\u00e4. Seurakunnissa on my\u00f6s tilaisuuksia, joissa luetaan viime pyh\u00e4inp\u00e4iv\u00e4n j\u00e4lkeen kuolleiden seurakuntalaisten nimet ja sytytet\u00e4\u00e4n jokaiselle oma kynttil\u00e4.<\/p>\n<p>T\u00e4n\u00e4 Pyh\u00e4inp\u00e4iv\u00e4n\u00e4 Eevert sytytti my\u00f6s pihalyhtyihin kynttil\u00e4t. Aika erilaiselta n\u00e4ytt\u00e4v\u00e4t illan ja y\u00f6n pimeydess\u00e4. Hyv\u00e4 on kynttil\u00f6iden valossa muistella kaikkia rakkaitaan.<\/p>\n<p>&nbsp;<\/p>\n<figure id=\"attachment_5494\" aria-describedby=\"caption-attachment-5494\" style=\"width: 500px\" class=\"wp-caption aligncenter\"><a href=\"http:\/\/kinanen.fi\/wordpress\/wp-content\/uploads\/2012\/11\/kuva-1.jpg\"><img decoding=\"async\" class=\" wp-image-5494 \" title=\"kuva-1\" src=\"http:\/\/kinanen.fi\/wordpress\/wp-content\/uploads\/2012\/11\/kuva-1.jpg\" alt=\"\" width=\"500\" height=\"480\" \/><\/a><figcaption id=\"caption-attachment-5494\" class=\"wp-caption-text\">Pihavalot<\/figcaption><\/figure>\n<p>&nbsp;<\/p>\n<p>Eevert toivottaa kaikille k\u00e4vij\u00f6illeen oikein hyv\u00e4\u00e4 ja rauhallista Pyh\u00e4inp\u00e4iv\u00e4\u00e4.<\/p>\n<p>&nbsp;<\/p>\n","protected":false},"excerpt":{"rendered":"<p>&nbsp; Pyh\u00e4inp\u00e4iv\u00e4 on sulautuma kahdesta juhlasta, kaikkien pyhien p\u00e4iv\u00e4st\u00e4 1.11. ja kaikkien uskovien vainajien muistop\u00e4iv\u00e4st\u00e4 2.11. Pyh\u00e4inp\u00e4iv\u00e4n\u00e4 muistellaan kaikkia kristikunnan marttyyreita ja muita uskossa Kristukseen kuolleita. Tavaksi on tullut k\u00e4yd\u00e4 sytytt\u00e4m\u00e4ss\u00e4 kynttil\u00e4 kuolleen l\u00e4heisen haudalle ja muistella h\u00e4nt\u00e4. Seurakunnissa on my\u00f6s tilaisuuksia, joissa luetaan viime pyh\u00e4inp\u00e4iv\u00e4n j\u00e4lkeen kuolleiden seurakuntalaisten nimet ja sytytet\u00e4\u00e4n jokaiselle oma kynttil\u00e4. [&hellip;]<\/p>\n","protected":false},"author":1,"featured_media":0,"comment_status":"open","ping_status":"open","sticky":false,"template":"","format":"standard","meta":{"footnotes":""},"categories":[],"tags":[],"class_list":["post-5492","post","type-post","status-publish","format-standard","hentry"],"_links":{"self":[{"href":"https:\/\/www.kinanen.fi\/nukkekoti\/wp-json\/wp\/v2\/posts\/5492","targetHints":{"allow":["GET"]}}],"collection":[{"href":"https:\/\/www.kinanen.fi\/nukkekoti\/wp-json\/wp\/v2\/posts"}],"about":[{"href":"https:\/\/www.kinanen.fi\/nukkekoti\/wp-json\/wp\/v2\/types\/post"}],"author":[{"embeddable":true,"href":"https:\/\/www.kinanen.fi\/nukkekoti\/wp-json\/wp\/v2\/users\/1"}],"replies":[{"embeddable":true,"href":"https:\/\/www.kinanen.fi\/nukkekoti\/wp-json\/wp\/v2\/comments?post=5492"}],"version-history":[{"count":3,"href":"https:\/\/www.kinanen.fi\/nukkekoti\/wp-json\/wp\/v2\/posts\/5492\/revisions"}],"predecessor-version":[{"id":7687,"href":"https:\/\/www.kinanen.fi\/nukkekoti\/wp-json\/wp\/v2\/posts\/5492\/revisions\/7687"}],"wp:attachment":[{"href":"https:\/\/www.kinanen.fi\/nukkekoti\/wp-json\/wp\/v2\/media?parent=5492"}],"wp:term":[{"taxonomy":"category","embeddable":true,"href":"https:\/\/www.kinanen.fi\/nukkekoti\/wp-json\/wp\/v2\/categories?post=5492"},{"taxonomy":"post_tag","embeddable":true,"href":"https:\/\/www.kinanen.fi\/nukkekoti\/wp-json\/wp\/v2\/tags?post=5492"}],"curies":[{"name":"wp","href":"https:\/\/api.w.org\/{rel}","templated":true}]}}