{"id":5801,"date":"2012-11-18T13:18:11","date_gmt":"2012-11-18T11:18:11","guid":{"rendered":"http:\/\/kinanen.fi\/wordpress\/?p=5801"},"modified":"2012-11-18T14:44:56","modified_gmt":"2012-11-18T12:44:56","slug":"mika-yhdistaa-igoria-kalifaa-ja-aminaa","status":"publish","type":"post","link":"https:\/\/www.kinanen.fi\/nukkekoti\/mika-yhdistaa-igoria-kalifaa-ja-aminaa\/","title":{"rendered":"Mik\u00e4 yhdist\u00e4\u00e4 Igoria, Kalifaa ja Aminaa"},"content":{"rendered":"<p>Viikolla Eevert sai postista paketin.<\/p>\n<p>H\u00e4mm\u00e4stys oli suuri kun mies sen avasi. Mukana oli kirje. Se piti lukea useampaan kertaan, sill\u00e4 niin koskettava se oli ett\u00e4 yhdell\u00e4 kertaa ei tullut omaksuttua kaikkea liikutuksen kyynelten t\u00e4ytt\u00e4ess\u00e4 silm\u00e4t.<\/p>\n<p>&nbsp;<\/p>\n<figure id=\"attachment_5802\" aria-describedby=\"caption-attachment-5802\" style=\"width: 474px\" class=\"wp-caption aligncenter\"><a href=\"http:\/\/kinanen.fi\/wordpress\/wp-content\/uploads\/2012\/11\/Heidi1.jpg\"><img fetchpriority=\"high\" decoding=\"async\" class=\"size-full wp-image-5802\" title=\"Heidi1\" src=\"http:\/\/kinanen.fi\/wordpress\/wp-content\/uploads\/2012\/11\/Heidi1.jpg\" alt=\"\" width=\"474\" height=\"640\" \/><\/a><figcaption id=\"caption-attachment-5802\" class=\"wp-caption-text\">Kirje<\/figcaption><\/figure>\n<p>Kirjeen oli toimittanut Heidi. H\u00e4n oli matkoillaan tavannut Eevertin l\u00e4heisi\u00e4 yst\u00e4vi\u00e4 kaukaa vuosien takaa. Viel\u00e4 muistivat. Tosiaan viel\u00e4 muistivat niin, ett\u00e4 olivat pyyt\u00e4neet tapaamaansa matkalaista tuomaan tuliaisia ja tervehdyksens\u00e4 ihan Eeverttil\u00e4\u00e4n saakka.<\/p>\n<p>&nbsp;<\/p>\n<p>T\u00e4m\u00e4 t\u00e4ytyy tutkia tarkasti. L\u00e4hetyksen mukana oli ikoni. Ikoneita Eevert ker\u00e4ilee ja on kotiinsakin niit\u00e4 ripotellut sinne t\u00e4nne muistuttamaan merkitt\u00e4vist\u00e4 asioista. Kauniin ikonin oli l\u00e4hett\u00e4nyt Igor.<\/p>\n<p>&nbsp;<\/p>\n<figure id=\"attachment_5803\" aria-describedby=\"caption-attachment-5803\" style=\"width: 501px\" class=\"wp-caption aligncenter\"><a href=\"http:\/\/kinanen.fi\/wordpress\/wp-content\/uploads\/2012\/11\/Heidi2.jpg\"><img decoding=\"async\" class=\" wp-image-5803\" title=\"Heidi2\" src=\"http:\/\/kinanen.fi\/wordpress\/wp-content\/uploads\/2012\/11\/Heidi2.jpg\" alt=\"\" width=\"501\" height=\"176\" \/><\/a><figcaption id=\"caption-attachment-5803\" class=\"wp-caption-text\">Igorin viesti<\/figcaption><\/figure>\n<p>&nbsp;<\/p>\n<p>Kappelia on rakennettu Iisakin kirkon malliin ja mit\u00e4 ilmeisimmin asiasta on kuulutettu my\u00f6s maailman laajuisesti. Voihan olla ett\u00e4 ei sit\u00e4 karskista merimiehest\u00e4 heti uskoisi ett\u00e4 rupeaa kirkonrakennuspuuhiin. Niin se vaan kuitenkin on ett\u00e4 kun on n\u00e4hnyt millainen on ihmisen osa koko maailmankaikkeuden keskell\u00e4, niin tulee miettineeksi monenlaisia asioita.<\/p>\n<p>Igorkin aikanaan oli hyv\u00e4 henkiyst\u00e4v\u00e4 Eevertille ja yhdess\u00e4 rukoillen ja kiitt\u00e4en oltiin monista sy\u00f6vereist\u00e4 selvitty. Luottavainen el\u00e4m\u00e4nasenne oli ollut molempien miesten vahvuus vaikeissa hetkiss\u00e4. Igoria Eevert muistaa l\u00e4mm\u00f6ll\u00e4.<\/p>\n<p>&nbsp;<\/p>\n<figure id=\"attachment_5804\" aria-describedby=\"caption-attachment-5804\" style=\"width: 501px\" class=\"wp-caption aligncenter\"><a href=\"http:\/\/kinanen.fi\/wordpress\/wp-content\/uploads\/2012\/11\/Heidi6.jpg\"><img decoding=\"async\" class=\" wp-image-5804\" title=\"Heidi6\" src=\"http:\/\/kinanen.fi\/wordpress\/wp-content\/uploads\/2012\/11\/Heidi6.jpg\" alt=\"\" width=\"501\" height=\"553\" \/><\/a><figcaption id=\"caption-attachment-5804\" class=\"wp-caption-text\">Ikoni<\/figcaption><\/figure>\n<p>&nbsp;<\/p>\n<p>Eevert jatkoi kirjeen lukemista h\u00e4mmentyneen\u00e4. Samassa kirjeess\u00e4 kerrotiin Kalifasta. Miehest\u00e4 joka kulki muutaman vuoden merill\u00e4 yht\u00e4aikaa Eevertin kanssa. Kalifasta muodostui laivan v\u00e4elle merkitt\u00e4v\u00e4 yhteisen ilon l\u00e4hde. H\u00e4nell\u00e4 oli rytmi veriss\u00e4\u00e4n ja otti h\u00e4n mit\u00e4 tahansa k\u00e4siins\u00e4 niin \u00e4kki\u00e4 oli havaittavissa mit\u00e4 mukaansatempaavin rytmi. Niill\u00e4 rytmeill\u00e4 ja Kalifan iloisella asenteella mentiin monet murheet l\u00e4pi ajanjaksoina jolloin vaikeudet olivat ainoastaan kohdattava. V\u00e4ist\u00e4mismahdollisuutta ei ollut kenell\u00e4k\u00e4\u00e4n.<\/p>\n<p>&nbsp;<\/p>\n<p>&nbsp;<\/p>\n<figure id=\"attachment_5805\" aria-describedby=\"caption-attachment-5805\" style=\"width: 503px\" class=\"wp-caption aligncenter\"><a href=\"http:\/\/kinanen.fi\/wordpress\/wp-content\/uploads\/2012\/11\/Heidi3.jpg\"><img loading=\"lazy\" decoding=\"async\" class=\" wp-image-5805\" title=\"Heidi3\" src=\"http:\/\/kinanen.fi\/wordpress\/wp-content\/uploads\/2012\/11\/Heidi3.jpg\" alt=\"\" width=\"503\" height=\"315\" \/><\/a><figcaption id=\"caption-attachment-5805\" class=\"wp-caption-text\">Kirje jatkuu<\/figcaption><\/figure>\n<p>&nbsp;<\/p>\n<p>Komea rumpu onkin, ihasteli Eevert ja varovaisesti koputteli rummun nahkapintaa. Kauniisti se kyll\u00e4 kumahtaa! Mit\u00e4h\u00e4n se Kalifa silloin opetti&#8230; sormet piti olla n\u00e4in.. ja ranne kevyen\u00e4 ja herkk\u00e4n\u00e4&#8230; tom tom tom&#8230; to tom tommmooo&#8230;<\/p>\n<p>&nbsp;<\/p>\n<figure id=\"attachment_5806\" aria-describedby=\"caption-attachment-5806\" style=\"width: 502px\" class=\"wp-caption aligncenter\"><a href=\"http:\/\/kinanen.fi\/wordpress\/wp-content\/uploads\/2012\/11\/Heidi5.jpg\"><img loading=\"lazy\" decoding=\"async\" class=\"size-full wp-image-5806\" title=\"Heidi5\" src=\"http:\/\/kinanen.fi\/wordpress\/wp-content\/uploads\/2012\/11\/Heidi5.jpg\" alt=\"\" width=\"502\" height=\"640\" \/><\/a><figcaption id=\"caption-attachment-5806\" class=\"wp-caption-text\">Rumpu<\/figcaption><\/figure>\n<p>&nbsp;<\/p>\n<p>Vai on Kalifa mennyt naimisiin. Eevert h\u00f6r\u00e4ht\u00e4\u00e4 ihan \u00e4\u00e4neen, ja ihan hyv\u00e4ntahtoisesti. Monet kerrat Kalifan kanssa oli keskusteltu siit\u00e4 ett\u00e4 voivatko merimiehet ylip\u00e4\u00e4t\u00e4\u00e4n menn\u00e4 naimisiin ja el\u00e4\u00e4 onnellista perhe-el\u00e4m\u00e4\u00e4. Nuori kirkassilm\u00e4inen Kalifa oli liikkeiss\u00e4\u00e4n niin notkea, ett\u00e4 ainakaan silloin ei olisi kuvitellut miehen ikin\u00e4 vakiintuvan.<\/p>\n<p>On tainnut Amina olla sellainen nainen joka oli Kalifalta vienyt jalat kerralla alta. Oikein hyv\u00e4, oikein hyv\u00e4, tuumii Eevert. Kalifa olikin niin loistava persoona ett\u00e4 hukkaan olisi koko mies mennyt jos olisi meriuransa j\u00e4lkeen j\u00e4\u00e4nyt jonnekin yksikseen vartioimaan majakkaa.<\/p>\n<p>Kalifan l\u00e4hett\u00e4m\u00e4n\u00e4 lahjana oli ruukku. Ruukulla on Eevertille paljon merkityst\u00e4. Aikanaan kun pitki\u00e4 matkoja seilattiin ruukkuihin s\u00e4il\u00f6ttiin niin ruokatavaroita kuin juomiakin. P\u00e4\u00e4s\u00e4\u00e4nt\u00f6isesti viinej\u00e4, sill\u00e4 ne sai hyvin s\u00e4ilym\u00e4\u00e4n vaikeissakin olosuhteissa. T\u00e4m\u00e4 ruukku muistuttaa niit\u00e4 monia joita Eevertkin on ruumasta kantanut yl\u00f6s monta monituista kertaa. Tyhjentyneet ruukut sitten luovutettiin jossakin satamassa em\u00e4nnille jotka vaihtoivat ne taas t\u00e4ysiin. Siihen aikaan jo kierr\u00e4tettiin s\u00e4ilytysastioita, v\u00e4h\u00e4n niinkuin nykyisell\u00e4\u00e4n vaikka pulloja.<\/p>\n<p>Ettei vaan t\u00e4m\u00e4 Amina nyt sitten olisi joitakin niit\u00e4 merimiesten muonittajia. Taisi olla Kairossa ainakin sellainen pitk\u00e4lettinen kaunokainen, joka ahkerasti k\u00e4vi satamassa vihanneskoreineen. Sellaiset silm\u00e4t sill\u00e4 Aminalla oli, ett\u00e4 syd\u00e4n aina hieman hyp\u00e4hti ep\u00e4tahtiin kun vaatteen lievekin vilkahti n\u00e4k\u00f6piiriss\u00e4. Vai Amina, olisikohan se juuri h\u00e4n&#8230; Siin\u00e4p\u00e4 pohtimista vanhalle merimiehelle \ud83d\ude42<\/p>\n<p>&nbsp;<\/p>\n<p>Yht\u00e4kaikki ruukku on komea. Siihen ei mit\u00e4\u00e4n s\u00e4il\u00f6t\u00e4, mutta koristeeksi ja ihanaksi muistoksi se ainakin alkuun laitetaan.<\/p>\n<p>&nbsp;<\/p>\n<figure id=\"attachment_5807\" aria-describedby=\"caption-attachment-5807\" style=\"width: 473px\" class=\"wp-caption aligncenter\"><a href=\"http:\/\/kinanen.fi\/wordpress\/wp-content\/uploads\/2012\/11\/Heidi4.jpg\"><img loading=\"lazy\" decoding=\"async\" class=\"size-full wp-image-5807\" title=\"Heidi4\" src=\"http:\/\/kinanen.fi\/wordpress\/wp-content\/uploads\/2012\/11\/Heidi4.jpg\" alt=\"\" width=\"473\" height=\"640\" \/><\/a><figcaption id=\"caption-attachment-5807\" class=\"wp-caption-text\">Aminan ruukku<\/figcaption><\/figure>\n<p>&nbsp;<\/p>\n<p>&nbsp;<\/p>\n<p>L\u00e4mmin kiitos <a href=\"http:\/\/minikartano.vuodatus.net\/\" target=\"_blank\">Heidille<\/a> viestin v\u00e4litt\u00e4misest\u00e4 ja kaikkien ihanuuksien toimittamisesta. T\u00e4\u00e4ll\u00e4 kostuu muidenkin silm\u00e4kulmat kuin Eevertin!<\/p>\n<p>&nbsp;<\/p>\n<p>&nbsp;<\/p>\n<p>&nbsp;<\/p>\n<p>&nbsp;<\/p>\n<p>&nbsp;<\/p>\n","protected":false},"excerpt":{"rendered":"<p>Viikolla Eevert sai postista paketin. H\u00e4mm\u00e4stys oli suuri kun mies sen avasi. Mukana oli kirje. Se piti lukea useampaan kertaan, sill\u00e4 niin koskettava se oli ett\u00e4 yhdell\u00e4 kertaa ei tullut omaksuttua kaikkea liikutuksen kyynelten t\u00e4ytt\u00e4ess\u00e4 silm\u00e4t. &nbsp; Kirjeen oli toimittanut Heidi. H\u00e4n oli matkoillaan tavannut Eevertin l\u00e4heisi\u00e4 yst\u00e4vi\u00e4 kaukaa vuosien takaa. Viel\u00e4 muistivat. Tosiaan viel\u00e4 [&hellip;]<\/p>\n","protected":false},"author":1,"featured_media":0,"comment_status":"open","ping_status":"open","sticky":false,"template":"","format":"standard","meta":{"footnotes":""},"categories":[],"tags":[],"class_list":["post-5801","post","type-post","status-publish","format-standard","hentry"],"_links":{"self":[{"href":"https:\/\/www.kinanen.fi\/nukkekoti\/wp-json\/wp\/v2\/posts\/5801","targetHints":{"allow":["GET"]}}],"collection":[{"href":"https:\/\/www.kinanen.fi\/nukkekoti\/wp-json\/wp\/v2\/posts"}],"about":[{"href":"https:\/\/www.kinanen.fi\/nukkekoti\/wp-json\/wp\/v2\/types\/post"}],"author":[{"embeddable":true,"href":"https:\/\/www.kinanen.fi\/nukkekoti\/wp-json\/wp\/v2\/users\/1"}],"replies":[{"embeddable":true,"href":"https:\/\/www.kinanen.fi\/nukkekoti\/wp-json\/wp\/v2\/comments?post=5801"}],"version-history":[{"count":4,"href":"https:\/\/www.kinanen.fi\/nukkekoti\/wp-json\/wp\/v2\/posts\/5801\/revisions"}],"predecessor-version":[{"id":5811,"href":"https:\/\/www.kinanen.fi\/nukkekoti\/wp-json\/wp\/v2\/posts\/5801\/revisions\/5811"}],"wp:attachment":[{"href":"https:\/\/www.kinanen.fi\/nukkekoti\/wp-json\/wp\/v2\/media?parent=5801"}],"wp:term":[{"taxonomy":"category","embeddable":true,"href":"https:\/\/www.kinanen.fi\/nukkekoti\/wp-json\/wp\/v2\/categories?post=5801"},{"taxonomy":"post_tag","embeddable":true,"href":"https:\/\/www.kinanen.fi\/nukkekoti\/wp-json\/wp\/v2\/tags?post=5801"}],"curies":[{"name":"wp","href":"https:\/\/api.w.org\/{rel}","templated":true}]}}