{"id":5813,"date":"2012-12-01T17:01:35","date_gmt":"2012-12-01T15:01:35","guid":{"rendered":"http:\/\/kinanen.fi\/wordpress\/?p=5813"},"modified":"2012-12-01T20:02:56","modified_gmt":"2012-12-01T18:02:56","slug":"adventtikalenteri","status":"publish","type":"post","link":"https:\/\/www.kinanen.fi\/nukkekoti\/adventtikalenteri\/","title":{"rendered":"Adventtikalenteri"},"content":{"rendered":"<figure id=\"attachment_5814\" aria-describedby=\"caption-attachment-5814\" style=\"width: 459px\" class=\"wp-caption aligncenter\"><a href=\"http:\/\/kinanen.fi\/wordpress\/wp-content\/uploads\/2012\/11\/Logo.jpg\"><img fetchpriority=\"high\" decoding=\"async\" class=\" wp-image-5814\" title=\"Logo\" src=\"http:\/\/kinanen.fi\/wordpress\/wp-content\/uploads\/2012\/11\/Logo.jpg\" alt=\"\" width=\"459\" height=\"651\" \/><\/a><figcaption id=\"caption-attachment-5814\" class=\"wp-caption-text\">Poimi kuva mukaasi ja linkit\u00e4 vapaasti<\/figcaption><\/figure>\n<p>&nbsp;<\/p>\n<p>Ensi sunnuntaista p\u00e4ivityy Eevertin adventtikalenteri aina joulup\u00e4iv\u00e4\u00e4n saakka. Tule mukaan seuraamaan yst\u00e4v\u00e4mme jouluun valmistautumista. Tarina etenee hiljaksiin Adventti-sunnuntaiden kautta itse juhlaan. Mukana touhussa ovat my\u00f6s pikkukoira-Tenho ja monelle tutuksi tullut Suntio.<\/p>\n<p>Ensimm\u00e4isen\u00e4 Adventtina vietet\u00e4\u00e4n my\u00f6s Kappelin vihkij\u00e4isi\u00e4. Uuden vuoden lupauksena Eevert p\u00e4\u00e4tti rakentaa oman Kappelin itselleen. Valmis se ei viel\u00e4 ole, mutta aina siell\u00e4 hyv\u00e4t juhlat voi viett\u00e4\u00e4 \ud83d\ude42<\/p>\n<p>Tervetuloa mukaan!<\/p>\n<p>Voit halutessasi viesti\u00e4 kalenterista eteenp\u00e4in. Se sopii kaikille. Keskeiset kristilliset juhla-ajat ja adventit on huomioitu teksteiss\u00e4 ja kuvissa samoin kuin muinaissuomalaiset mystiikat. Eevert tunnetaan hyvin ekumenisena ja eritt\u00e4in avarakatseisena el\u00e4m\u00e4n ihmettelij\u00e4n\u00e4, joten uskontokunnasta tai mist\u00e4\u00e4n muustakaan riippumatta jokainen on tervetullut mukaan.<\/p>\n<p>Viesteist\u00e4 ja kommentoinneista Eevert pit\u00e4\u00e4 niinkuin monet lukijatkin.<\/p>\n<p>&nbsp;<\/p>\n<p>Pian n\u00e4hd\u00e4\u00e4n!<\/p>\n<p>&nbsp;<\/p>\n<figure id=\"attachment_5815\" aria-describedby=\"caption-attachment-5815\" style=\"width: 471px\" class=\"wp-caption aligncenter\"><a href=\"http:\/\/kinanen.fi\/wordpress\/wp-content\/uploads\/2012\/11\/tonttu3.jpg\"><img decoding=\"async\" class=\"size-full wp-image-5815\" title=\"tonttu3\" src=\"http:\/\/kinanen.fi\/wordpress\/wp-content\/uploads\/2012\/11\/tonttu3.jpg\" alt=\"\" width=\"471\" height=\"640\" \/><\/a><figcaption id=\"caption-attachment-5815\" class=\"wp-caption-text\">Tonttulakkia sovittamassa<\/figcaption><\/figure>\n<p>&nbsp;<\/p>\n<p>Terveisin Eevert<\/p>\n<p>&nbsp;<\/p>\n<p>&nbsp;<\/p>\n<p>&nbsp;<\/p>\n","protected":false},"excerpt":{"rendered":"<p>&nbsp; Ensi sunnuntaista p\u00e4ivityy Eevertin adventtikalenteri aina joulup\u00e4iv\u00e4\u00e4n saakka. Tule mukaan seuraamaan yst\u00e4v\u00e4mme jouluun valmistautumista. Tarina etenee hiljaksiin Adventti-sunnuntaiden kautta itse juhlaan. Mukana touhussa ovat my\u00f6s pikkukoira-Tenho ja monelle tutuksi tullut Suntio. Ensimm\u00e4isen\u00e4 Adventtina vietet\u00e4\u00e4n my\u00f6s Kappelin vihkij\u00e4isi\u00e4. Uuden vuoden lupauksena Eevert p\u00e4\u00e4tti rakentaa oman Kappelin itselleen. Valmis se ei viel\u00e4 ole, mutta aina siell\u00e4 [&hellip;]<\/p>\n","protected":false},"author":1,"featured_media":0,"comment_status":"open","ping_status":"open","sticky":false,"template":"","format":"standard","meta":{"footnotes":""},"categories":[],"tags":[],"class_list":["post-5813","post","type-post","status-publish","format-standard","hentry"],"_links":{"self":[{"href":"https:\/\/www.kinanen.fi\/nukkekoti\/wp-json\/wp\/v2\/posts\/5813","targetHints":{"allow":["GET"]}}],"collection":[{"href":"https:\/\/www.kinanen.fi\/nukkekoti\/wp-json\/wp\/v2\/posts"}],"about":[{"href":"https:\/\/www.kinanen.fi\/nukkekoti\/wp-json\/wp\/v2\/types\/post"}],"author":[{"embeddable":true,"href":"https:\/\/www.kinanen.fi\/nukkekoti\/wp-json\/wp\/v2\/users\/1"}],"replies":[{"embeddable":true,"href":"https:\/\/www.kinanen.fi\/nukkekoti\/wp-json\/wp\/v2\/comments?post=5813"}],"version-history":[{"count":7,"href":"https:\/\/www.kinanen.fi\/nukkekoti\/wp-json\/wp\/v2\/posts\/5813\/revisions"}],"predecessor-version":[{"id":5818,"href":"https:\/\/www.kinanen.fi\/nukkekoti\/wp-json\/wp\/v2\/posts\/5813\/revisions\/5818"}],"wp:attachment":[{"href":"https:\/\/www.kinanen.fi\/nukkekoti\/wp-json\/wp\/v2\/media?parent=5813"}],"wp:term":[{"taxonomy":"category","embeddable":true,"href":"https:\/\/www.kinanen.fi\/nukkekoti\/wp-json\/wp\/v2\/categories?post=5813"},{"taxonomy":"post_tag","embeddable":true,"href":"https:\/\/www.kinanen.fi\/nukkekoti\/wp-json\/wp\/v2\/tags?post=5813"}],"curies":[{"name":"wp","href":"https:\/\/api.w.org\/{rel}","templated":true}]}}