{"id":5868,"date":"2012-12-26T12:21:01","date_gmt":"2012-12-26T10:21:01","guid":{"rendered":"http:\/\/kinanen.fi\/wordpress\/?p=5868"},"modified":"2012-12-27T18:16:09","modified_gmt":"2012-12-27T16:16:09","slug":"kalenterin-takaa","status":"publish","type":"post","link":"https:\/\/www.kinanen.fi\/nukkekoti\/kalenterin-takaa\/","title":{"rendered":"Kalenterin takaa"},"content":{"rendered":"<p>Monilla elokuvilla on p\u00e4\u00e4tteeksi jakso: N\u00e4in tehtiin&#8230;.<\/p>\n<p>Otin itselleni talteen muutaman hetken siit\u00e4 kun Eevertin t\u00e4m\u00e4nvuotinen kalenteri on valmistunut. Elet\u00e4\u00e4n er\u00e4st\u00e4 marraskuista lomaviikkoa. Siippa oli tiiviisti t\u00f6iss\u00e4 (jonkin aikaa ihan reissussa)\u00a0 ja muuta vastaanottoa tai ohjelmaa ei j\u00e4rjestetty lomalaiselle.<\/p>\n<p>Pieni keitti\u00f6 t\u00e4yttyi (hetkess\u00e4) viikoksi kaikesta siit\u00e4 mit\u00e4 kaapista l\u00f6ytyy.<\/p>\n<p>Kotistudio eli omaa el\u00e4m\u00e4\u00e4ns\u00e4 kulissien sek\u00e4 k\u00e4sikirjoitusten uumenissa ja tietysti my\u00f6s em\u00e4nt\u00e4ns\u00e4 eli t\u00e4ysin omassa maailmassaan. Jossain v\u00e4liss\u00e4 aurinko kurkisteli (=haittasi) verhojen takaa. Studioem\u00e4nt\u00e4 oitis kiristeli s\u00e4leet tiukemmalle ja j\u00e4tti ihanan houkuttelevan todellisuuden verhojen taakse \ud83d\ude00<\/p>\n<p>&nbsp;<\/p>\n<figure id=\"attachment_5870\" aria-describedby=\"caption-attachment-5870\" style=\"width: 506px\" class=\"wp-caption aligncenter\"><a href=\"http:\/\/kinanen.fi\/wordpress\/wp-content\/uploads\/2012\/12\/P10507811.jpg\"><img fetchpriority=\"high\" decoding=\"async\" class=\" wp-image-5870\" title=\"P1050781\" alt=\"\" src=\"http:\/\/kinanen.fi\/wordpress\/wp-content\/uploads\/2012\/12\/P10507811.jpg\" width=\"506\" height=\"379\" \/><\/a><figcaption id=\"caption-attachment-5870\" class=\"wp-caption-text\">Tarviketta tarjolla tasolla<\/figcaption><\/figure>\n<p>&nbsp;<\/p>\n<p>Kaappien k\u00e4tk\u00f6iss\u00e4 on runsaasti lis\u00e4materiaalia hetkeen jolloin jotakin uutta on luotava tarinaa havainnollistamaan.<\/p>\n<p>&nbsp;<\/p>\n<figure id=\"attachment_5871\" aria-describedby=\"caption-attachment-5871\" style=\"width: 500px\" class=\"wp-caption aligncenter\"><a href=\"http:\/\/kinanen.fi\/wordpress\/wp-content\/uploads\/2012\/12\/P1050784.jpg\"><img decoding=\"async\" class=\" wp-image-5871\" title=\"P1050784\" alt=\"\" src=\"http:\/\/kinanen.fi\/wordpress\/wp-content\/uploads\/2012\/12\/P1050784.jpg\" width=\"500\" height=\"375\" \/><\/a><figcaption id=\"caption-attachment-5871\" class=\"wp-caption-text\">Lis\u00e4 taso tarveskaluille<\/figcaption><\/figure>\n<p>&nbsp;<\/p>\n<p>Pikkutavaroita olen s\u00e4il\u00f6nyt <a href=\"http:\/\/kinanen.fi\/wordpress\/?s=lidl&amp;searchbtn=Etsi\" target=\"_blank\">LIDList\u00e4 hankkimiini lokerikkoihin<\/a>. Alkuun niit\u00e4 oli aivan tavaton m\u00e4\u00e4r\u00e4. Nykyisin on jo lokeropula. Yksist\u00e4\u00e4n <a href=\"http:\/\/jatanukkekodinruokia.vuodatus.net\/\" target=\"_blank\">Jatan<\/a> herkuille on varattuna yksi salkku. Nami.<\/p>\n<p>Salkkuja on useita ja kaikkia niit\u00e4 tarvittiin.<\/p>\n<p>&nbsp;<\/p>\n<figure id=\"attachment_5872\" aria-describedby=\"caption-attachment-5872\" style=\"width: 480px\" class=\"wp-caption aligncenter\"><a href=\"http:\/\/kinanen.fi\/wordpress\/wp-content\/uploads\/2012\/12\/P1050782.jpg\"><img decoding=\"async\" class=\"size-full wp-image-5872\" title=\"P1050782\" alt=\"\" src=\"http:\/\/kinanen.fi\/wordpress\/wp-content\/uploads\/2012\/12\/P1050782.jpg\" width=\"480\" height=\"640\" \/><\/a><figcaption id=\"caption-attachment-5872\" class=\"wp-caption-text\">Talo lev\u00e4ll\u00e4\u00e4n<\/figcaption><\/figure>\n<p>&nbsp;<\/p>\n<p>Lis\u00e4\u00e4 tavaraa on talon alla hyllyk\u00f6ss\u00e4. Kyll\u00e4 sit\u00e4 on saatukin ker\u00e4tyksi. Talo sai samalla suursiivouksen. Studiolamput ovat Siipan k\u00e4tk\u00f6ist\u00e4 ja palvelivat hyvin koko projektin ajan.<\/p>\n<p>&nbsp;<\/p>\n<figure id=\"attachment_5873\" aria-describedby=\"caption-attachment-5873\" style=\"width: 503px\" class=\"wp-caption aligncenter\"><a href=\"http:\/\/kinanen.fi\/wordpress\/wp-content\/uploads\/2012\/12\/P1050783.jpg\"><img loading=\"lazy\" decoding=\"async\" class=\" wp-image-5873\" title=\"P1050783\" alt=\"\" src=\"http:\/\/kinanen.fi\/wordpress\/wp-content\/uploads\/2012\/12\/P1050783.jpg\" width=\"503\" height=\"377\" \/><\/a><figcaption id=\"caption-attachment-5873\" class=\"wp-caption-text\">Kappelin tontti<\/figcaption><\/figure>\n<p>&nbsp;<\/p>\n<p>Kappelin tontti syntyi ruokap\u00f6yd\u00e4lle lakanan p\u00e4\u00e4lle ja ilahdutti siin\u00e4 koko viikon aamusta iltaan.<\/p>\n<p>&nbsp;<\/p>\n<figure id=\"attachment_5479\" aria-describedby=\"caption-attachment-5479\" style=\"width: 501px\" class=\"wp-caption aligncenter\"><img loading=\"lazy\" decoding=\"async\" class=\"size-full wp-image-5479\" alt=\"Hirsitalo\" src=\"http:\/\/kinanen.fi\/wordpress\/wp-content\/uploads\/2012\/10\/runko.jpg\" width=\"501\" height=\"334\" \/><figcaption id=\"caption-attachment-5479\" class=\"wp-caption-text\">Hirsitalo<\/figcaption><\/figure>\n<p>&nbsp;<\/p>\n<p>Syksyll\u00e4 &#8221;vahingossa&#8221; hankittu Hirsitalokin p\u00e4\u00e4si mukaan kertomuksen lavasteisiin ja palveli eriomaisesti teht\u00e4v\u00e4ss\u00e4\u00e4n. Mit\u00e4 talosta muuten syntyy on viel\u00e4 hieman usvan peitossa, mutta se on sitten ihan toinen juttu.<\/p>\n<p>&nbsp;<\/p>\n<p>Ainoa Eevertin taloista joka ei siirtynyt studioon tai mit\u00e4 ei erityisemmin muutenkaan muuteltu oli kalamaja. Se asustaa kirjahyllyss\u00e4 ja palveli sielt\u00e4 k\u00e4sin tapahtumapaikkana.<\/p>\n<p>&nbsp;<\/p>\n<figure id=\"attachment_5878\" aria-describedby=\"caption-attachment-5878\" style=\"width: 500px\" class=\"wp-caption aligncenter\"><a href=\"http:\/\/kinanen.fi\/wordpress\/wp-content\/uploads\/2012\/12\/kalamaja.jpg\"><img loading=\"lazy\" decoding=\"async\" class=\" wp-image-5878\" title=\"kalamaja\" alt=\"\" src=\"http:\/\/kinanen.fi\/wordpress\/wp-content\/uploads\/2012\/12\/kalamaja.jpg\" width=\"500\" height=\"325\" \/><\/a><figcaption id=\"caption-attachment-5878\" class=\"wp-caption-text\">Kalamaja paikoillaan<\/figcaption><\/figure>\n<p>&nbsp;<\/p>\n<p>Lunta sateli kalamajalle vain v\u00e4h\u00e4n. On vissiin hyv\u00e4ss\u00e4 suojassa kun on hyllylevy p\u00e4\u00e4ll\u00e4. \ud83d\ude42<\/p>\n<p>&nbsp;<\/p>\n<p><span style=\"color: #ffcc99;\">Lomaviikko oli t\u00e4ydellinen irtaantuminen tiivistahtisen syksyn asioista. Ja hauskaa oli kokoajan.<\/span><\/p>\n<p>&nbsp;<\/p>\n<p>&nbsp;<\/p>\n<p>&nbsp;<\/p>\n<p>&nbsp;<\/p>\n","protected":false},"excerpt":{"rendered":"<p>Monilla elokuvilla on p\u00e4\u00e4tteeksi jakso: N\u00e4in tehtiin&#8230;. Otin itselleni talteen muutaman hetken siit\u00e4 kun Eevertin t\u00e4m\u00e4nvuotinen kalenteri on valmistunut. Elet\u00e4\u00e4n er\u00e4st\u00e4 marraskuista lomaviikkoa. Siippa oli tiiviisti t\u00f6iss\u00e4 (jonkin aikaa ihan reissussa)\u00a0 ja muuta vastaanottoa tai ohjelmaa ei j\u00e4rjestetty lomalaiselle. Pieni keitti\u00f6 t\u00e4yttyi (hetkess\u00e4) viikoksi kaikesta siit\u00e4 mit\u00e4 kaapista l\u00f6ytyy. Kotistudio eli omaa el\u00e4m\u00e4\u00e4ns\u00e4 kulissien sek\u00e4 [&hellip;]<\/p>\n","protected":false},"author":1,"featured_media":0,"comment_status":"open","ping_status":"open","sticky":false,"template":"","format":"standard","meta":{"footnotes":""},"categories":[],"tags":[],"class_list":["post-5868","post","type-post","status-publish","format-standard","hentry"],"_links":{"self":[{"href":"https:\/\/www.kinanen.fi\/nukkekoti\/wp-json\/wp\/v2\/posts\/5868","targetHints":{"allow":["GET"]}}],"collection":[{"href":"https:\/\/www.kinanen.fi\/nukkekoti\/wp-json\/wp\/v2\/posts"}],"about":[{"href":"https:\/\/www.kinanen.fi\/nukkekoti\/wp-json\/wp\/v2\/types\/post"}],"author":[{"embeddable":true,"href":"https:\/\/www.kinanen.fi\/nukkekoti\/wp-json\/wp\/v2\/users\/1"}],"replies":[{"embeddable":true,"href":"https:\/\/www.kinanen.fi\/nukkekoti\/wp-json\/wp\/v2\/comments?post=5868"}],"version-history":[{"count":6,"href":"https:\/\/www.kinanen.fi\/nukkekoti\/wp-json\/wp\/v2\/posts\/5868\/revisions"}],"predecessor-version":[{"id":5925,"href":"https:\/\/www.kinanen.fi\/nukkekoti\/wp-json\/wp\/v2\/posts\/5868\/revisions\/5925"}],"wp:attachment":[{"href":"https:\/\/www.kinanen.fi\/nukkekoti\/wp-json\/wp\/v2\/media?parent=5868"}],"wp:term":[{"taxonomy":"category","embeddable":true,"href":"https:\/\/www.kinanen.fi\/nukkekoti\/wp-json\/wp\/v2\/categories?post=5868"},{"taxonomy":"post_tag","embeddable":true,"href":"https:\/\/www.kinanen.fi\/nukkekoti\/wp-json\/wp\/v2\/tags?post=5868"}],"curies":[{"name":"wp","href":"https:\/\/api.w.org\/{rel}","templated":true}]}}