{"id":5976,"date":"2013-01-12T15:36:10","date_gmt":"2013-01-12T13:36:10","guid":{"rendered":"http:\/\/kinanen.fi\/wordpress\/?p=5976"},"modified":"2013-01-12T15:48:53","modified_gmt":"2013-01-12T13:48:53","slug":"vuoden-alkua","status":"publish","type":"post","link":"https:\/\/www.kinanen.fi\/nukkekoti\/vuoden-alkua\/","title":{"rendered":"Vuoden alkua"},"content":{"rendered":"<p>Eevert on t\u00e4n\u00e4\u00e4n koonnut viimeisi\u00e4 joulutavaroitaan talosta ja asetellut ne tarkasti taas paikoilleen odottamaan seuraavaa juhla-aikaa. L\u00e4mm\u00f6ll\u00e4 ja rakkaudella mies muistelee vaiheikkaista syksy\u00e4 ja hymyilee itsekseen tyytyv\u00e4isen\u00e4.<\/p>\n<p>&nbsp;<\/p>\n<figure id=\"attachment_5977\" aria-describedby=\"caption-attachment-5977\" style=\"width: 504px\" class=\"wp-caption aligncenter\"><img fetchpriority=\"high\" decoding=\"async\" class=\"size-full wp-image-5977\" alt=\"Mies kaulaliinassa\" src=\"http:\/\/kinanen.fi\/wordpress\/wp-content\/uploads\/2013\/01\/kalenteri3.jpg\" width=\"504\" height=\"354\" \/><figcaption id=\"caption-attachment-5977\" class=\"wp-caption-text\">Mies kaulaliinassa<\/figcaption><\/figure>\n<p>&nbsp;<\/p>\n<p>Ja mit\u00e4h\u00e4n sit\u00e4 sitten tekisi &#8211; h\u00f6pisee mies hiljaisessa talossaan ja siirtyy salin seinustalle tarkastelemaan saamaansa sein\u00e4kalenteria. T\u00e4m\u00e4 se on hyv\u00e4 ajann\u00e4ytt\u00e4j\u00e4, ihastelee mies ja tutkii kaunista kuvaa joka somistaa tammikuun p\u00e4ivi\u00e4.<\/p>\n<p>&nbsp;<\/p>\n<figure id=\"attachment_5978\" aria-describedby=\"caption-attachment-5978\" style=\"width: 419px\" class=\"wp-caption aligncenter\"><img decoding=\"async\" class=\"size-full wp-image-5978\" alt=\"Kalenteri\" src=\"http:\/\/kinanen.fi\/wordpress\/wp-content\/uploads\/2013\/01\/kalenteri.jpg\" width=\"419\" height=\"640\" \/><figcaption id=\"caption-attachment-5978\" class=\"wp-caption-text\">Kalenteri<\/figcaption><\/figure>\n<p>&nbsp;<\/p>\n<p>Sukulaistytt\u00f6 on tehnyt kalenterin kuvittamalla se kahden karvaisen yst\u00e4v\u00e4ns\u00e4 puuhailuista aina vuoden aikaan sopivasti. Tammikuun kuvassa ollaa lumilla. Aurinkokin jo hieman pilkistelee ja luo kuvaan odotettua valoa!<\/p>\n<p>&nbsp;<\/p>\n<figure id=\"attachment_5979\" aria-describedby=\"caption-attachment-5979\" style=\"width: 505px\" class=\"wp-caption aligncenter\"><img decoding=\"async\" class=\"size-full wp-image-5979\" alt=\"iitu ja Werneri\" src=\"http:\/\/kinanen.fi\/wordpress\/wp-content\/uploads\/2013\/01\/Kuvankaappaus-2013-1-12-kello-15.20.36.png\" width=\"505\" height=\"375\" \/><figcaption id=\"caption-attachment-5979\" class=\"wp-caption-text\">Iitu ja Werneri<\/figcaption><\/figure>\n<p>&nbsp;<\/p>\n<p>Hauskaa tuntuu kaveruksilla olevan ja kova kiista kapulasta. Eevert naurahtelee itsekseen sen verran ett\u00e4 oma pikkukoira Tenhokin tulee vierelle katsomaan p\u00e4\u00e4 kallellaan is\u00e4nt\u00e4\u00e4ns\u00e4. Mit\u00e4h\u00e4n se vanha hassu on taas keksinyt?<\/p>\n<p>Kuulehan Tenho, t\u00e4n\u00e4\u00e4n se on hyv\u00e4 p\u00e4iv\u00e4 ryhty\u00e4 muistelemaan. Jotakin on jo pidemm\u00e4n aikaa koittanut putkahtaa mieleen, mutta hieman on antanut odotuttaa&#8230; Saunatontusta se jotenkin l\u00e4hti&#8230; Mit\u00e4p\u00e4 jos ryhdyt\u00e4\u00e4n porukalla muistelemaan? Tenho haukahtaa kuin hyv\u00e4ksy\u00e4kseen miehen jorinoinnin ja saa rapsutuksen palkakseen.<\/p>\n<p>&nbsp;<\/p>\n<p>Kunnon muisteloihin tarvitaan aina ev\u00e4st\u00e4! T\u00e4ll\u00e4kertaa ev\u00e4spaketin on laittanut Eevertille joukko vieh\u00e4tt\u00e4vi\u00e4 Rouvia. Onkin oikein kunnon hampurilainen. Tuon kun saa sy\u00f6ty\u00e4 niin saattaa sen verran ramasta, ett\u00e4 kunnon unista ja muistikuvista varmasti l\u00f6ytyy se tulollaan oleva muistokin.<\/p>\n<p>&nbsp;<\/p>\n<figure id=\"attachment_5980\" aria-describedby=\"caption-attachment-5980\" style=\"width: 503px\" class=\"wp-caption aligncenter\"><img loading=\"lazy\" decoding=\"async\" class=\"size-full wp-image-5980\" alt=\"Makea hampurilainen\" src=\"http:\/\/kinanen.fi\/wordpress\/wp-content\/uploads\/2013\/01\/kalenteri2.jpg\" width=\"503\" height=\"460\" \/><figcaption id=\"caption-attachment-5980\" class=\"wp-caption-text\">Makea hampurilainen<\/figcaption><\/figure>\n<p>&nbsp;<\/p>\n<p>Saattaa siihen muistoon liitty\u00e4 my\u00f6s jotakin punaista ja raitavaa&#8230; jokin h\u00e4iv\u00e4hdys tutusta kuosista&#8230; Aivan on kielenp\u00e4\u00e4ll\u00e4&#8230; \u00e4l\u00e4h\u00e4n Tenho h\u00e4t\u00e4ile!<\/p>\n<p>Muistoa helpottamaan Eevert ottaa esille saamiaan kankaita ja hypistelee niit\u00e4 herkill\u00e4 sormillaan. T\u00e4m\u00e4 on kuin isomummun p\u00f6yt\u00e4liinaa ja t\u00e4m\u00e4 kuin pellavainen laudeliina vanhassa savusaunassa&#8230; savusanassa&#8230; savusaunassa&#8230; Siin\u00e4 se Tenho oli! Se muisto! Nyt l\u00e4hdet\u00e4\u00e4n homiin. K\u00e4ytp\u00e4 hakemassa talutin niin l\u00e4hdet\u00e4\u00e4n pihalle!<\/p>\n<p>&nbsp;<\/p>\n<figure id=\"attachment_5981\" aria-describedby=\"caption-attachment-5981\" style=\"width: 503px\" class=\"wp-caption aligncenter\"><img loading=\"lazy\" decoding=\"async\" class=\"size-full wp-image-5981\" alt=\"Lahjakankaat\" src=\"http:\/\/kinanen.fi\/wordpress\/wp-content\/uploads\/2013\/01\/kalenteri4.jpg\" width=\"503\" height=\"516\" \/><figcaption id=\"caption-attachment-5981\" class=\"wp-caption-text\">Lahjakankaat<\/figcaption><\/figure>\n<p>&nbsp;<\/p>\n<p>Mahtavan kankaisen yll\u00e4tyksen on l\u00e4hett\u00e4nyt <a href=\"http:\/\/eijulista.blogspot.fi\/\">Eija<\/a>. L\u00e4mmin kiitos j\u00e4lleen. Muistojen taloon l\u00f6yt\u00e4\u00e4 n\u00e4m\u00e4 tiens\u00e4 ennenpitk\u00e4\u00e4.<\/p>\n<p>&nbsp;<\/p>\n<p>&nbsp;<\/p>\n<p>&nbsp;<\/p>\n","protected":false},"excerpt":{"rendered":"<p>Eevert on t\u00e4n\u00e4\u00e4n koonnut viimeisi\u00e4 joulutavaroitaan talosta ja asetellut ne tarkasti taas paikoilleen odottamaan seuraavaa juhla-aikaa. L\u00e4mm\u00f6ll\u00e4 ja rakkaudella mies muistelee vaiheikkaista syksy\u00e4 ja hymyilee itsekseen tyytyv\u00e4isen\u00e4. &nbsp; &nbsp; Ja mit\u00e4h\u00e4n sit\u00e4 sitten tekisi &#8211; h\u00f6pisee mies hiljaisessa talossaan ja siirtyy salin seinustalle tarkastelemaan saamaansa sein\u00e4kalenteria. T\u00e4m\u00e4 se on hyv\u00e4 ajann\u00e4ytt\u00e4j\u00e4, ihastelee mies ja tutkii [&hellip;]<\/p>\n","protected":false},"author":1,"featured_media":0,"comment_status":"open","ping_status":"open","sticky":false,"template":"","format":"standard","meta":{"footnotes":""},"categories":[],"tags":[],"class_list":["post-5976","post","type-post","status-publish","format-standard","hentry"],"_links":{"self":[{"href":"https:\/\/www.kinanen.fi\/nukkekoti\/wp-json\/wp\/v2\/posts\/5976","targetHints":{"allow":["GET"]}}],"collection":[{"href":"https:\/\/www.kinanen.fi\/nukkekoti\/wp-json\/wp\/v2\/posts"}],"about":[{"href":"https:\/\/www.kinanen.fi\/nukkekoti\/wp-json\/wp\/v2\/types\/post"}],"author":[{"embeddable":true,"href":"https:\/\/www.kinanen.fi\/nukkekoti\/wp-json\/wp\/v2\/users\/1"}],"replies":[{"embeddable":true,"href":"https:\/\/www.kinanen.fi\/nukkekoti\/wp-json\/wp\/v2\/comments?post=5976"}],"version-history":[{"count":4,"href":"https:\/\/www.kinanen.fi\/nukkekoti\/wp-json\/wp\/v2\/posts\/5976\/revisions"}],"predecessor-version":[{"id":5984,"href":"https:\/\/www.kinanen.fi\/nukkekoti\/wp-json\/wp\/v2\/posts\/5976\/revisions\/5984"}],"wp:attachment":[{"href":"https:\/\/www.kinanen.fi\/nukkekoti\/wp-json\/wp\/v2\/media?parent=5976"}],"wp:term":[{"taxonomy":"category","embeddable":true,"href":"https:\/\/www.kinanen.fi\/nukkekoti\/wp-json\/wp\/v2\/categories?post=5976"},{"taxonomy":"post_tag","embeddable":true,"href":"https:\/\/www.kinanen.fi\/nukkekoti\/wp-json\/wp\/v2\/tags?post=5976"}],"curies":[{"name":"wp","href":"https:\/\/api.w.org\/{rel}","templated":true}]}}