{"id":6117,"date":"2013-02-24T19:11:05","date_gmt":"2013-02-24T17:11:05","guid":{"rendered":"http:\/\/kinanen.fi\/wordpress\/?p=6117"},"modified":"2013-02-24T19:11:05","modified_gmt":"2013-02-24T17:11:05","slug":"harjakaiset","status":"publish","type":"post","link":"https:\/\/www.kinanen.fi\/nukkekoti\/harjakaiset\/","title":{"rendered":"Harjakaiset"},"content":{"rendered":"<p>Tai ei visiin ihan sellaiset, mutta talon harjasta eli rakennuksen korkeimmasta kohdasta on kuitenkin kyse.<\/p>\n<p>Kappelin katto on ollut ns. vaiheessa kohta vuoden verran. Aikanaan leikkelin <a href=\"http:\/\/kinanen.fi\/wordpress\/?p=4584\" target=\"_blank\">kattopaanut <\/a>munakennoista. Niit\u00e4 tuli kaikkiaan pari tuhatta paanua, jos ollenkaan oikein muistan. Kattopalaset ovat valmistuneet huhtikuussa 2012. Silloin jo mainitsen ett\u00e4 katon harjapalaset ovat viel\u00e4 <a href=\"http:\/\/kinanen.fi\/wordpress\/?p=4604\" target=\"_blank\">suunnittelematta.<\/a> Harjan liitoskohtaa on kokeiltu v\u00e4h\u00e4n siit\u00e4 ja t\u00e4st\u00e4 materiaalista. Mik\u00e4\u00e4n ei paanukaton tyyliin ole sopinut rakentajan mielest\u00e4. Hyl\u00e4ttyj\u00e4 ideoita on ollut lukuisia.<\/p>\n<p>No, t\u00e4n\u00e4 viikonloppuna Kappeli on saanut harjansa kuntoon. Tai ainakin viimeistely\u00e4 vaille valmiiksi.<\/p>\n<figure id=\"attachment_6118\" aria-describedby=\"caption-attachment-6118\" style=\"width: 502px\" class=\"wp-caption aligncenter\"><a href=\"http:\/\/kinanen.fi\/wordpress\/wp-content\/uploads\/2013\/02\/Harja2.jpg\"><img fetchpriority=\"high\" decoding=\"async\" class=\"size-full wp-image-6118\" alt=\"Kappelin katonharja\" src=\"http:\/\/kinanen.fi\/wordpress\/wp-content\/uploads\/2013\/02\/Harja2.jpg\" width=\"502\" height=\"347\" \/><\/a><figcaption id=\"caption-attachment-6118\" class=\"wp-caption-text\">Kappelin katonharja<\/figcaption><\/figure>\n<p>&nbsp;<\/p>\n<p>Edest\u00e4p\u00e4in se n\u00e4ytt\u00e4\u00e4 nyt t\u00e4lt\u00e4.<\/p>\n<p>Sivulta Kappelin katto n\u00e4ytt\u00e4\u00e4 t\u00e4lt\u00e4:<\/p>\n<p>&nbsp;<\/p>\n<figure id=\"attachment_6119\" aria-describedby=\"caption-attachment-6119\" style=\"width: 505px\" class=\"wp-caption aligncenter\"><a href=\"http:\/\/kinanen.fi\/wordpress\/wp-content\/uploads\/2013\/02\/Harja.jpg\"><img decoding=\"async\" class=\"size-full wp-image-6119\" alt=\"Lappeen puolelta\" src=\"http:\/\/kinanen.fi\/wordpress\/wp-content\/uploads\/2013\/02\/Harja.jpg\" width=\"505\" height=\"382\" \/><\/a><figcaption id=\"caption-attachment-6119\" class=\"wp-caption-text\">Lappeen puolelta<\/figcaption><\/figure>\n<p>&nbsp;<\/p>\n<p>Ja mist\u00e4 se sitten syntyi l\u00e4hes vuosi katon valmistumisen j\u00e4lkeen? Ihan siit\u00e4 samasta materiaalista kuin paanutkin aikanaan. Munakennosta. Kappeli on hieman pidempi kuin isoimpien kennojen pituus. Olen niit\u00e4 mutkakohtia kyll\u00e4 yritt\u00e4nyt mallailla katolle, mutta hyl\u00e4nnyt ajatuksen.<\/p>\n<p>&nbsp;<\/p>\n<figure id=\"attachment_6120\" aria-describedby=\"caption-attachment-6120\" style=\"width: 503px\" class=\"wp-caption aligncenter\"><a href=\"http:\/\/kinanen.fi\/wordpress\/wp-content\/uploads\/2013\/02\/Harja4.jpg\"><img decoding=\"async\" class=\"size-full wp-image-6120\" alt=\"Kattomateriaalia\" src=\"http:\/\/kinanen.fi\/wordpress\/wp-content\/uploads\/2013\/02\/Harja4.jpg\" width=\"503\" height=\"335\" \/><\/a><figcaption id=\"caption-attachment-6120\" class=\"wp-caption-text\">Kattomateriaalia<\/figcaption><\/figure>\n<p>&nbsp;<\/p>\n<p>Jostain syyst\u00e4 nyt viikonloppuna keksin, ett\u00e4 munakennon voi kastella. Olen kastellut niit\u00e4 monesti saadakseni pienemp\u00e4\u00e4n tilaan. Ei vain ole k\u00e4ynyt mieless\u00e4 ett\u00e4 muutakin voi m\u00e4r\u00e4ll\u00e4 kennolla tehd\u00e4. Siisp\u00e4 leikkasin keskell\u00e4 kennoa olevan yhten\u00e4isen liuskan irti kaartuvia reunoja my\u00f6ten. Kastelin ja kostutin hyvin sek\u00e4 ojentelin varovaisesti suoraksi. N\u00e4in avattuna se oli juuri saman pituinen kuin Kappelikin.<\/p>\n<p>&nbsp;<\/p>\n<figure id=\"attachment_6121\" aria-describedby=\"caption-attachment-6121\" style=\"width: 503px\" class=\"wp-caption aligncenter\"><a href=\"http:\/\/kinanen.fi\/wordpress\/wp-content\/uploads\/2013\/02\/Harja3.jpg\"><img loading=\"lazy\" decoding=\"async\" class=\"size-full wp-image-6121\" alt=\"Harjapala muotoutumassa\" src=\"http:\/\/kinanen.fi\/wordpress\/wp-content\/uploads\/2013\/02\/Harja3.jpg\" width=\"503\" height=\"335\" \/><\/a><figcaption id=\"caption-attachment-6121\" class=\"wp-caption-text\">Harjapala muotoutumassa<\/figcaption><\/figure>\n<p>&nbsp;<\/p>\n<p>Kostean siivun asettelin paanujen p\u00e4\u00e4lle Kappelin harjalle. M\u00e4rk\u00e4 munakenno taipui hyvin paikoilleen. Teippasin sen maalarinteipill\u00e4 kiinni ja annoin kuivua paikallaan. Alla olevat paanut eiv\u00e4t olleet moksiskaan yll\u00e4tt\u00e4v\u00e4st\u00e4 kosteudesta, sill\u00e4 ne on suojattu lakalla.<\/p>\n<p>Harjapalan kuivuttua se sai v\u00e4rik\u00e4sittelyn ja hieman pient\u00e4 koristerimaa reunoilleen tasamaan hieman ep\u00e4vakaata reunaa suoremmaksi. &#8221;P\u00e4\u00e4tykolmio&#8221; l\u00f6ytyi sekin munakennosta.<\/p>\n<p>Ihan hyv\u00e4. P\u00e4\u00e4lle viel\u00e4 jokup\u00e4iv\u00e4 samaa lakkaa, niin pinnasta tulee kest\u00e4v\u00e4mpi.<\/p>\n<p>&nbsp;<\/p>\n","protected":false},"excerpt":{"rendered":"<p>Tai ei visiin ihan sellaiset, mutta talon harjasta eli rakennuksen korkeimmasta kohdasta on kuitenkin kyse. Kappelin katto on ollut ns. vaiheessa kohta vuoden verran. Aikanaan leikkelin kattopaanut munakennoista. Niit\u00e4 tuli kaikkiaan pari tuhatta paanua, jos ollenkaan oikein muistan. Kattopalaset ovat valmistuneet huhtikuussa 2012. Silloin jo mainitsen ett\u00e4 katon harjapalaset ovat viel\u00e4 suunnittelematta. Harjan liitoskohtaa on [&hellip;]<\/p>\n","protected":false},"author":1,"featured_media":0,"comment_status":"open","ping_status":"open","sticky":false,"template":"","format":"standard","meta":{"footnotes":""},"categories":[],"tags":[],"class_list":["post-6117","post","type-post","status-publish","format-standard","hentry"],"_links":{"self":[{"href":"https:\/\/www.kinanen.fi\/nukkekoti\/wp-json\/wp\/v2\/posts\/6117","targetHints":{"allow":["GET"]}}],"collection":[{"href":"https:\/\/www.kinanen.fi\/nukkekoti\/wp-json\/wp\/v2\/posts"}],"about":[{"href":"https:\/\/www.kinanen.fi\/nukkekoti\/wp-json\/wp\/v2\/types\/post"}],"author":[{"embeddable":true,"href":"https:\/\/www.kinanen.fi\/nukkekoti\/wp-json\/wp\/v2\/users\/1"}],"replies":[{"embeddable":true,"href":"https:\/\/www.kinanen.fi\/nukkekoti\/wp-json\/wp\/v2\/comments?post=6117"}],"version-history":[{"count":2,"href":"https:\/\/www.kinanen.fi\/nukkekoti\/wp-json\/wp\/v2\/posts\/6117\/revisions"}],"predecessor-version":[{"id":6123,"href":"https:\/\/www.kinanen.fi\/nukkekoti\/wp-json\/wp\/v2\/posts\/6117\/revisions\/6123"}],"wp:attachment":[{"href":"https:\/\/www.kinanen.fi\/nukkekoti\/wp-json\/wp\/v2\/media?parent=6117"}],"wp:term":[{"taxonomy":"category","embeddable":true,"href":"https:\/\/www.kinanen.fi\/nukkekoti\/wp-json\/wp\/v2\/categories?post=6117"},{"taxonomy":"post_tag","embeddable":true,"href":"https:\/\/www.kinanen.fi\/nukkekoti\/wp-json\/wp\/v2\/tags?post=6117"}],"curies":[{"name":"wp","href":"https:\/\/api.w.org\/{rel}","templated":true}]}}