{"id":6238,"date":"2013-04-13T20:05:20","date_gmt":"2013-04-13T17:05:20","guid":{"rendered":"http:\/\/kinanen.fi\/wordpress\/?p=6238"},"modified":"2013-04-13T20:07:13","modified_gmt":"2013-04-13T17:07:13","slug":"kappelilla","status":"publish","type":"post","link":"https:\/\/www.kinanen.fi\/nukkekoti\/kappelilla\/","title":{"rendered":"Kappelilla"},"content":{"rendered":"<p>Eevert on viimep\u00e4ivin\u00e4 viett\u00e4nyt aikaansa Kappelilla. On kierrellyt ja kaarrellut rakennuksen vierustoilla. Piirrellyt v\u00e4lill\u00e4 muistikirjaansa jotakin t\u00e4rke\u00e4n n\u00e4k\u00f6isen\u00e4 ja istunut toisinaan kirkkotarhan penkill\u00e4 tuumimassa. Onpa useampaan otteeseen ollut my\u00f6s Suntion kanssa porisemassa. Viittil\u00f6inyt sinne t\u00e4nne ja siin\u00e4 sitten molemmat ukot ny\u00f6kytelleet vuoron per\u00e4\u00e4n hyv\u00e4ksyv\u00e4sti.<\/p>\n<p>Kappelin oven yl\u00e4puolelle on tuumailun tuloksena nikkaroitu katos. Nyt ei p\u00e4\u00e4se jokainen kes\u00e4sade kastelemaan eteisen lattiaa.<\/p>\n<p>&nbsp;<\/p>\n<figure id=\"attachment_6239\" aria-describedby=\"caption-attachment-6239\" style=\"width: 477px\" class=\"wp-caption aligncenter\"><a href=\"http:\/\/kinanen.fi\/wordpress\/wp-content\/uploads\/2013\/04\/Katos2.jpg\"><img fetchpriority=\"high\" decoding=\"async\" class=\"size-full wp-image-6239\" alt=\"Kappelin pikkukatos\" src=\"http:\/\/kinanen.fi\/wordpress\/wp-content\/uploads\/2013\/04\/Katos2.jpg\" width=\"477\" height=\"636\" \/><\/a><figcaption id=\"caption-attachment-6239\" class=\"wp-caption-text\">Kappelin pikkukatos<\/figcaption><\/figure>\n<p>&nbsp;<\/p>\n<p>Eih\u00e4n se suuren suuri ole, mutta ei ole Kappelikaan. Suntio on oikein tyytyv\u00e4inen pieneen parannusty\u00f6h\u00f6n. Siit\u00e4p\u00e4 innostuneena p\u00e4\u00e4tt\u00e4\u00e4 oitis kutsua iltakirkkoon v\u00e4ke\u00e4. Suntio asettuu paikoilleen ovenpieleen ja hyv\u00e4 on kyl\u00e4l\u00e4isten tulla pieneen iltahetkeen ja r\u00e4yst\u00e4\u00e4n vihkij\u00e4isiin.<\/p>\n<p>&nbsp;<\/p>\n<figure id=\"attachment_6240\" aria-describedby=\"caption-attachment-6240\" style=\"width: 480px\" class=\"wp-caption aligncenter\"><a href=\"http:\/\/kinanen.fi\/wordpress\/wp-content\/uploads\/2013\/04\/Katos4.jpg\"><img decoding=\"async\" class=\"size-full wp-image-6240\" alt=\"Tervetuloa, tervetuloa..\" src=\"http:\/\/kinanen.fi\/wordpress\/wp-content\/uploads\/2013\/04\/Katos4.jpg\" width=\"480\" height=\"640\" \/><\/a><figcaption id=\"caption-attachment-6240\" class=\"wp-caption-text\">Tervetuloa, tervetuloa..<\/figcaption><\/figure>\n<p>&nbsp;<\/p>\n<p>Kukkakauppias n\u00e4ytt\u00e4\u00e4 ainakin rient\u00e4neen paikalle ajoissa. Kirkkotarhassa on mukava istuskella ja lukea p\u00e4iv\u00e4n lehti samalla.<\/p>\n<p>&nbsp;<\/p>\n<figure id=\"attachment_6241\" aria-describedby=\"caption-attachment-6241\" style=\"width: 505px\" class=\"wp-caption aligncenter\"><a href=\"http:\/\/kinanen.fi\/wordpress\/wp-content\/uploads\/2013\/04\/Katos3.jpg\"><img decoding=\"async\" class=\"size-full wp-image-6241\" alt=\"Kappelin nurkalta katsottuna\" src=\"http:\/\/kinanen.fi\/wordpress\/wp-content\/uploads\/2013\/04\/Katos3.jpg\" width=\"505\" height=\"592\" \/><\/a><figcaption id=\"caption-attachment-6241\" class=\"wp-caption-text\">Kappelin nurkalta katsottuna<\/figcaption><\/figure>\n<p>&nbsp;<\/p>\n<p>Lyhdyn Suntio ripusti my\u00f6s valaisemaan portaita. On sitten vanhemmankin v\u00e4en turvallista astella portaat yl\u00f6s.<\/p>\n<p>&nbsp;<\/p>\n<p>&nbsp;<\/p>\n<figure id=\"attachment_6242\" aria-describedby=\"caption-attachment-6242\" style=\"width: 480px\" class=\"wp-caption aligncenter\"><a href=\"http:\/\/kinanen.fi\/wordpress\/wp-content\/uploads\/2013\/04\/Katos.jpg\"><img loading=\"lazy\" decoding=\"async\" class=\"size-full wp-image-6242\" alt=\"Hymyilev\u00e4 Suntio\" src=\"http:\/\/kinanen.fi\/wordpress\/wp-content\/uploads\/2013\/04\/Katos.jpg\" width=\"480\" height=\"640\" \/><\/a><figcaption id=\"caption-attachment-6242\" class=\"wp-caption-text\">Hymyilev\u00e4 Suntio<\/figcaption><\/figure>\n<p>&nbsp;<\/p>\n<p>Pian jo laulu kajahtaa Kappelissa.<\/p>\n<p>&nbsp;<\/p>\n<figure id=\"attachment_6243\" aria-describedby=\"caption-attachment-6243\" style=\"width: 480px\" class=\"wp-caption aligncenter\"><a href=\"http:\/\/kinanen.fi\/wordpress\/wp-content\/uploads\/2013\/04\/Katos5.jpg\"><img loading=\"lazy\" decoding=\"async\" class=\"size-full wp-image-6243\" alt=\"Ovenpielus toisessa valossa\" src=\"http:\/\/kinanen.fi\/wordpress\/wp-content\/uploads\/2013\/04\/Katos5.jpg\" width=\"480\" height=\"640\" \/><\/a><figcaption id=\"caption-attachment-6243\" class=\"wp-caption-text\">Ovenpielus toisessa valossa<\/figcaption><\/figure>\n<p>&nbsp;<\/p>\n<p>__________________________________<\/p>\n<p>Katos syntyi pahvinpalasta, munakennosta, tulitikuista ja kolmesta coktail-haarukasta. Lyhty on tytt\u00e4relt\u00e4 saatu joululahja. T\u00e4ytyy valoa viel\u00e4 hieman fiksailla fiksummaksi.<\/p>\n<p>&nbsp;<\/p>\n<p>&nbsp;<\/p>\n","protected":false},"excerpt":{"rendered":"<p>Eevert on viimep\u00e4ivin\u00e4 viett\u00e4nyt aikaansa Kappelilla. On kierrellyt ja kaarrellut rakennuksen vierustoilla. Piirrellyt v\u00e4lill\u00e4 muistikirjaansa jotakin t\u00e4rke\u00e4n n\u00e4k\u00f6isen\u00e4 ja istunut toisinaan kirkkotarhan penkill\u00e4 tuumimassa. Onpa useampaan otteeseen ollut my\u00f6s Suntion kanssa porisemassa. Viittil\u00f6inyt sinne t\u00e4nne ja siin\u00e4 sitten molemmat ukot ny\u00f6kytelleet vuoron per\u00e4\u00e4n hyv\u00e4ksyv\u00e4sti. Kappelin oven yl\u00e4puolelle on tuumailun tuloksena nikkaroitu katos. Nyt ei p\u00e4\u00e4se [&hellip;]<\/p>\n","protected":false},"author":1,"featured_media":0,"comment_status":"open","ping_status":"open","sticky":false,"template":"","format":"standard","meta":{"footnotes":""},"categories":[],"tags":[],"class_list":["post-6238","post","type-post","status-publish","format-standard","hentry"],"_links":{"self":[{"href":"https:\/\/www.kinanen.fi\/nukkekoti\/wp-json\/wp\/v2\/posts\/6238","targetHints":{"allow":["GET"]}}],"collection":[{"href":"https:\/\/www.kinanen.fi\/nukkekoti\/wp-json\/wp\/v2\/posts"}],"about":[{"href":"https:\/\/www.kinanen.fi\/nukkekoti\/wp-json\/wp\/v2\/types\/post"}],"author":[{"embeddable":true,"href":"https:\/\/www.kinanen.fi\/nukkekoti\/wp-json\/wp\/v2\/users\/1"}],"replies":[{"embeddable":true,"href":"https:\/\/www.kinanen.fi\/nukkekoti\/wp-json\/wp\/v2\/comments?post=6238"}],"version-history":[{"count":4,"href":"https:\/\/www.kinanen.fi\/nukkekoti\/wp-json\/wp\/v2\/posts\/6238\/revisions"}],"predecessor-version":[{"id":6247,"href":"https:\/\/www.kinanen.fi\/nukkekoti\/wp-json\/wp\/v2\/posts\/6238\/revisions\/6247"}],"wp:attachment":[{"href":"https:\/\/www.kinanen.fi\/nukkekoti\/wp-json\/wp\/v2\/media?parent=6238"}],"wp:term":[{"taxonomy":"category","embeddable":true,"href":"https:\/\/www.kinanen.fi\/nukkekoti\/wp-json\/wp\/v2\/categories?post=6238"},{"taxonomy":"post_tag","embeddable":true,"href":"https:\/\/www.kinanen.fi\/nukkekoti\/wp-json\/wp\/v2\/tags?post=6238"}],"curies":[{"name":"wp","href":"https:\/\/api.w.org\/{rel}","templated":true}]}}