{"id":6248,"date":"2013-04-14T14:33:07","date_gmt":"2013-04-14T11:33:07","guid":{"rendered":"http:\/\/kinanen.fi\/wordpress\/?p=6248"},"modified":"2013-04-14T14:45:40","modified_gmt":"2013-04-14T11:45:40","slug":"kappelilla-2","status":"publish","type":"post","link":"https:\/\/www.kinanen.fi\/nukkekoti\/kappelilla-2\/","title":{"rendered":"Kappelilla 2"},"content":{"rendered":"<p>Kappelin viimeistelyt\u00f6it\u00e4 riitt\u00e4\u00e4. T\u00e4n\u00e4\u00e4n ongelmalliset py\u00f6re\u00e4t ikkunat saivat puuttuvat lasit. Etuoven yl\u00e4puolella olevaan ikkunaan oli suunnitteilla jonkin sortin ikoni. Monia ehdotelmia on tullut omista l\u00f6yd\u00f6ist\u00e4ni kuin my\u00f6s ihanien lukijoiden kautta.<\/p>\n<p>Kappeli on rakentunut sit\u00e4 mukaa kun ideoita on tullut ja jos nyt aloittaisin alusta niin ehk\u00e4 rakentaisin sen kokonaan toisin. Erityisi\u00e4 suunnitelmia ei miss\u00e4\u00e4n vaiheessa ole juuri ollut.<\/p>\n<p>Ikkunoita olisi tietenkin pit\u00e4nyt ajatella jo alkuun \ud83d\ude42<\/p>\n<p>Viime vuodenvaihteessa l\u00f6ysin lasisen avaimenper\u00e4n jossa oli ikoni.<\/p>\n<p>&nbsp;<\/p>\n<figure id=\"attachment_6249\" aria-describedby=\"caption-attachment-6249\" style=\"width: 480px\" class=\"wp-caption aligncenter\"><a href=\"http:\/\/kinanen.fi\/wordpress\/wp-content\/uploads\/2013\/04\/pielet3.jpg\"><img fetchpriority=\"high\" decoding=\"async\" class=\"size-full wp-image-6249\" alt=\"Yl\u00e4ikkuna\" src=\"http:\/\/kinanen.fi\/wordpress\/wp-content\/uploads\/2013\/04\/pielet3.jpg\" width=\"480\" height=\"640\" \/><\/a><figcaption id=\"caption-attachment-6249\" class=\"wp-caption-text\">Yl\u00e4ikkuna<\/figcaption><\/figure>\n<p>&nbsp;<\/p>\n<p>Kyll\u00e4h\u00e4n sen ikkunaan sai ihan hyvin, mutta ei alkuunkaan niinkuin olisin mielikuvissani unelmoinut. Ja t\u00e4ll\u00e4kertaa luonnossa lopputulos on paremman n\u00e4k\u00f6inen kuin kuvassa. Valo heijastuu kappelista luonnollisemmin lasin l\u00e4pi kuin tyhj\u00e4st\u00e4 reij\u00e4st\u00e4.Takaikkuna sai my\u00f6s reunat, mutta toistaiseksi se on viel\u00e4 ilman ikkunalasia.<\/p>\n<p>Ja niinkuin ikkunasta huomaa. Se ei en\u00e4\u00e4 ty\u00f6skentelyn t\u00e4ss\u00e4 vaiheessa ole edes py\u00f6re\u00e4. Pakkeli, jolla kappeli on kauttaaltaan p\u00e4\u00e4llystetty ei ole tasaisena sen paremmin ikkuna- kuin oviaukoissakaan.<\/p>\n<p>&nbsp;<\/p>\n<figure id=\"attachment_6250\" aria-describedby=\"caption-attachment-6250\" style=\"width: 480px\" class=\"wp-caption aligncenter\"><a href=\"http:\/\/kinanen.fi\/wordpress\/wp-content\/uploads\/2013\/04\/pielet.jpg\"><img decoding=\"async\" class=\"size-full wp-image-6250\" alt=\"N\u00e4kym\u00e4\u00e4 \" src=\"http:\/\/kinanen.fi\/wordpress\/wp-content\/uploads\/2013\/04\/pielet.jpg\" width=\"480\" height=\"640\" \/><\/a><figcaption id=\"caption-attachment-6250\" class=\"wp-caption-text\">N\u00e4kym\u00e4\u00e4 toisella valolla<\/figcaption><\/figure>\n<p>&nbsp;<\/p>\n<p>Kappelissa on kahdenlaista valoa. Toinen hieman kylmempi ja on kappeli kattoon kiinnitetty led-valo. Toinen valo tulee roikalla takaikkunasta sis\u00e4\u00e4n ja on siis varsinaisesti asentamaton. N\u00e4m\u00e4 s\u00e4hk\u00f6istyksetkin pit\u00e4isi ajatella siell\u00e4 ihan alkuvaiheissa \ud83d\ude00<\/p>\n<p>&nbsp;<\/p>\n<figure id=\"attachment_6251\" aria-describedby=\"caption-attachment-6251\" style=\"width: 480px\" class=\"wp-caption aligncenter\"><a href=\"http:\/\/kinanen.fi\/wordpress\/wp-content\/uploads\/2013\/04\/pielet2.jpg\"><img decoding=\"async\" class=\"size-full wp-image-6251\" alt=\"Ovenpieli\" src=\"http:\/\/kinanen.fi\/wordpress\/wp-content\/uploads\/2013\/04\/pielet2.jpg\" width=\"480\" height=\"640\" \/><\/a><figcaption id=\"caption-attachment-6251\" class=\"wp-caption-text\">Ovenpieli<\/figcaption><\/figure>\n<p>&nbsp;<\/p>\n<p>Oviaukkokin sai viimestelyn\u00e4 (ei varmaankaan mik\u00e4\u00e4n viimeinen viimestely) oven pielet. Menetelm\u00e4n\u00e4 edelleen munakenno. T\u00e4ss\u00e4 rakennuksessa melko monessa kohdin on turvauduttu munakennoon. Melkoisen monik\u00e4ytt\u00f6inen materiaali.<\/p>\n<p>Kappeliin on olemassa my\u00f6s ovi-pala. En tied\u00e4 tuleeko se koskaan paikoilleen. Toistaiseksi se mahtuu viel\u00e4 oviaukkoon, tosin ei ihan tiivis taida olla.<\/p>\n<p>&nbsp;<\/p>\n<figure id=\"attachment_6254\" aria-describedby=\"caption-attachment-6254\" style=\"width: 480px\" class=\"wp-caption aligncenter\"><a href=\"http:\/\/kinanen.fi\/wordpress\/wp-content\/uploads\/2013\/04\/pielet4.jpg\"><img loading=\"lazy\" decoding=\"async\" class=\"size-full wp-image-6254\" alt=\"V\u00e4h\u00e4n eri kulmasta\" src=\"http:\/\/kinanen.fi\/wordpress\/wp-content\/uploads\/2013\/04\/pielet4.jpg\" width=\"480\" height=\"640\" \/><\/a><figcaption id=\"caption-attachment-6254\" class=\"wp-caption-text\">V\u00e4h\u00e4n eri kulmasta ja lyhdyn polttimokin l\u00e4htenyt omille teilleen \ud83d\ude42<\/figcaption><\/figure>\n<p>&nbsp;<\/p>\n<p>&nbsp;<\/p>\n<p>Oikein hyv\u00e4\u00e4 sunnuntaita kaikille vierailijoille.<\/p>\n<p>&nbsp;<\/p>\n<p>&nbsp;<\/p>\n<p>&nbsp;<\/p>\n","protected":false},"excerpt":{"rendered":"<p>Kappelin viimeistelyt\u00f6it\u00e4 riitt\u00e4\u00e4. T\u00e4n\u00e4\u00e4n ongelmalliset py\u00f6re\u00e4t ikkunat saivat puuttuvat lasit. Etuoven yl\u00e4puolella olevaan ikkunaan oli suunnitteilla jonkin sortin ikoni. Monia ehdotelmia on tullut omista l\u00f6yd\u00f6ist\u00e4ni kuin my\u00f6s ihanien lukijoiden kautta. Kappeli on rakentunut sit\u00e4 mukaa kun ideoita on tullut ja jos nyt aloittaisin alusta niin ehk\u00e4 rakentaisin sen kokonaan toisin. Erityisi\u00e4 suunnitelmia ei miss\u00e4\u00e4n vaiheessa [&hellip;]<\/p>\n","protected":false},"author":1,"featured_media":0,"comment_status":"open","ping_status":"open","sticky":false,"template":"","format":"standard","meta":{"footnotes":""},"categories":[],"tags":[],"class_list":["post-6248","post","type-post","status-publish","format-standard","hentry"],"_links":{"self":[{"href":"https:\/\/www.kinanen.fi\/nukkekoti\/wp-json\/wp\/v2\/posts\/6248","targetHints":{"allow":["GET"]}}],"collection":[{"href":"https:\/\/www.kinanen.fi\/nukkekoti\/wp-json\/wp\/v2\/posts"}],"about":[{"href":"https:\/\/www.kinanen.fi\/nukkekoti\/wp-json\/wp\/v2\/types\/post"}],"author":[{"embeddable":true,"href":"https:\/\/www.kinanen.fi\/nukkekoti\/wp-json\/wp\/v2\/users\/1"}],"replies":[{"embeddable":true,"href":"https:\/\/www.kinanen.fi\/nukkekoti\/wp-json\/wp\/v2\/comments?post=6248"}],"version-history":[{"count":7,"href":"https:\/\/www.kinanen.fi\/nukkekoti\/wp-json\/wp\/v2\/posts\/6248\/revisions"}],"predecessor-version":[{"id":6253,"href":"https:\/\/www.kinanen.fi\/nukkekoti\/wp-json\/wp\/v2\/posts\/6248\/revisions\/6253"}],"wp:attachment":[{"href":"https:\/\/www.kinanen.fi\/nukkekoti\/wp-json\/wp\/v2\/media?parent=6248"}],"wp:term":[{"taxonomy":"category","embeddable":true,"href":"https:\/\/www.kinanen.fi\/nukkekoti\/wp-json\/wp\/v2\/categories?post=6248"},{"taxonomy":"post_tag","embeddable":true,"href":"https:\/\/www.kinanen.fi\/nukkekoti\/wp-json\/wp\/v2\/tags?post=6248"}],"curies":[{"name":"wp","href":"https:\/\/api.w.org\/{rel}","templated":true}]}}