{"id":6455,"date":"2013-07-02T20:46:57","date_gmt":"2013-07-02T17:46:57","guid":{"rendered":"http:\/\/kinanen.fi\/wordpress\/?p=6455"},"modified":"2013-07-02T20:50:32","modified_gmt":"2013-07-02T17:50:32","slug":"maailmalle-miehen-mieli","status":"publish","type":"post","link":"https:\/\/www.kinanen.fi\/nukkekoti\/maailmalle-miehen-mieli\/","title":{"rendered":"Maailmalle miehen mieli"},"content":{"rendered":"<p>Niinkuin moni tiet\u00e4\u00e4 &#8211; Eevertin on vaikea pysy\u00e4 pitki\u00e4 aikoja paikallaan. Niinp\u00e4 yst\u00e4v\u00e4mme otti siivet alleen ja lenteli M\u00fcncheniin. Valitsi autojonosta itselleen kirkuvan punaisen BMV minin. Pienen ja tyylikk\u00e4\u00e4n avoauton, jolla aikoo huristella l\u00e4mpim\u00e4ss\u00e4 ja aurinkoisessa keliss\u00e4 vuorille ja takaisin.<\/p>\n<p>&nbsp;<\/p>\n<figure id=\"attachment_6456\" aria-describedby=\"caption-attachment-6456\" style=\"width: 505px\" class=\"wp-caption aligncenter\"><a href=\"http:\/\/kinanen.fi\/wordpress\/wp-content\/uploads\/2013\/07\/IMG_5798.jpg\"><img fetchpriority=\"high\" decoding=\"async\" class=\"size-full wp-image-6456\" alt=\"Punainen auto\" src=\"http:\/\/kinanen.fi\/wordpress\/wp-content\/uploads\/2013\/07\/IMG_5798.jpg\" width=\"505\" height=\"517\" \/><\/a><figcaption id=\"caption-attachment-6456\" class=\"wp-caption-text\">Punainen auto<\/figcaption><\/figure>\n<p>&nbsp;<\/p>\n<p>Ensimm\u00e4iseksi Eevert otti suunnan kohteeseen miss\u00e4 ei ole aikaisemmin k\u00e4ynyt. Kotkanpes\u00e4lle &#8211; Kallis kivilinna rakennettiin Martin Bormannin valvonnassa 1\u00a0834 metrin korkeuteen Kehlsteinvuoren huipulle. Vuorelle viev\u00e4 tie oli aikanaan todella vaativa rakennusprosessi, sen oli noustava parin kilometrin matka l\u00e4hes pystysuoraa sein\u00e4m\u00e4\u00e4. Se kuitenkin onnistuttiin rakentamaan kolmessatoista kuukaudessa huolimatta ep\u00e4inhimillisist\u00e4 olosuhteista ja vaatimuksista. Tie loppuu 124 metri\u00e4 ennen huippua olevalle autojen k\u00e4\u00e4nt\u00f6paikalle, viimeinen osuus noustaan vuoren sis\u00e4ll\u00e4 kulkevalla hissill\u00e4. Kotkanpes\u00e4n oli tarkoitus olla Hitlerin piilopaikka ja paikka vierailevien arvohenkil\u00f6iden viihdytt\u00e4miseen. Vaikka Kotkanpes\u00e4 sijaitsi samalla vuorella kuin Hitlerin asuintalo Berghof, Hitler k\u00e4ytti sit\u00e4 harvoin, sill\u00e4 h\u00e4n pelk\u00e4si korkeita paikkoja. On arvioitu, ett\u00e4 h\u00e4n olisi k\u00e4ytt\u00e4nyt huvimajaansa kymmenisen kertaa eik\u00e4 enemp\u00e4\u00e4 kuin puoli tuntia kerrallaan. (Wikipedia)<\/p>\n<p>&nbsp;<\/p>\n<figure id=\"attachment_6457\" aria-describedby=\"caption-attachment-6457\" style=\"width: 528px\" class=\"wp-caption aligncenter\"><a href=\"http:\/\/kinanen.fi\/wordpress\/wp-content\/uploads\/2013\/07\/IMG_5776.jpg\"><img decoding=\"async\" class=\"size-full wp-image-6457\" alt=\"Eevert Kotkanpes\u00e4ll\u00e4\" src=\"http:\/\/kinanen.fi\/wordpress\/wp-content\/uploads\/2013\/07\/IMG_5776.jpg\" width=\"528\" height=\"377\" \/><\/a><figcaption id=\"caption-attachment-6457\" class=\"wp-caption-text\">Eevert Kotkanpes\u00e4ll\u00e4<\/figcaption><\/figure>\n<p>&nbsp;<\/p>\n<p>Saksalaisella j\u00e4rjestelm\u00e4llisyydell\u00e4 vuorelle saavuttiin viidell\u00e4 per\u00e4kk\u00e4in kulkevalla bussilla. Taitavasti kuljettajat ohjasivat ajokkinsa varsin kapeaa tiet\u00e4 pitkin yl\u00f6s. Ylh\u00e4\u00e4ll\u00e4 tuli ensin varata itselleen paluuaika takaisin parkkialueille. Enint\u00e4\u00e4n aikaa vierailulla sai k\u00e4ytt\u00e4\u00e4 pari tuntia.<\/p>\n<p>Paikka toimii nykyisin isona ravintolana. Eevert istahti ensimm\u00e4iseen n\u00e4kem\u00e4\u00e4ns\u00e4 p\u00f6yt\u00e4\u00e4n jolta avautui h\u00e4kellytt\u00e4v\u00e4 maisema. Eik\u00e4 suostunut siirtym\u00e4\u00e4n siit\u00e4 ennenkuin p\u00f6yt\u00e4\u00e4n oli kannettu kulhollinen paikallista gulassia ja olut.<\/p>\n<p>&nbsp;<\/p>\n<figure id=\"attachment_6458\" aria-describedby=\"caption-attachment-6458\" style=\"width: 476px\" class=\"wp-caption aligncenter\"><a href=\"http:\/\/kinanen.fi\/wordpress\/wp-content\/uploads\/2013\/07\/kuva.jpg\"><img decoding=\"async\" class=\"size-full wp-image-6458\" alt=\"Olusilla\" src=\"http:\/\/kinanen.fi\/wordpress\/wp-content\/uploads\/2013\/07\/kuva.jpg\" width=\"476\" height=\"498\" \/><\/a><figcaption id=\"caption-attachment-6458\" class=\"wp-caption-text\">Olusilla<\/figcaption><\/figure>\n<p>&nbsp;<\/p>\n<p>Molemmat maistuivat oikein hyvilt\u00e4. Vuorella oli paljon ihmisi\u00e4 ja jatkuva virta niin hissill\u00e4 bussien parkkiaueelta kivilinnaan kuin my\u00f6s nousu ja paluukyydityksiin vuoren juurellekin.<\/p>\n<p>&nbsp;<\/p>\n<figure id=\"attachment_6459\" aria-describedby=\"caption-attachment-6459\" style=\"width: 506px\" class=\"wp-caption aligncenter\"><a href=\"http:\/\/kinanen.fi\/wordpress\/wp-content\/uploads\/2013\/07\/IMG_5779.jpg\"><img loading=\"lazy\" decoding=\"async\" class=\"size-full wp-image-6459\" alt=\"Lepohetki\" src=\"http:\/\/kinanen.fi\/wordpress\/wp-content\/uploads\/2013\/07\/IMG_5779.jpg\" width=\"506\" height=\"332\" \/><\/a><figcaption id=\"caption-attachment-6459\" class=\"wp-caption-text\">Lepohetki<\/figcaption><\/figure>\n<p>&nbsp;<\/p>\n<p>P\u00e4iv\u00e4 oli kuuma ja moni heitt\u00e4ytyi rinteille loikoilemaan ja ihailemaan maisemia. Paikka on kielt\u00e4m\u00e4tt\u00e4 taidolla valittu ainakin maisemien osalta.<\/p>\n<p>&nbsp;<\/p>\n<figure id=\"attachment_6460\" aria-describedby=\"caption-attachment-6460\" style=\"width: 427px\" class=\"wp-caption aligncenter\"><a href=\"http:\/\/kinanen.fi\/wordpress\/wp-content\/uploads\/2013\/07\/IMG_5782.jpg\"><img loading=\"lazy\" decoding=\"async\" class=\"size-full wp-image-6460\" alt=\"N\u00e4kym\u00e4 alas j\u00e4rvelle\" src=\"http:\/\/kinanen.fi\/wordpress\/wp-content\/uploads\/2013\/07\/IMG_5782.jpg\" width=\"427\" height=\"640\" \/><\/a><figcaption id=\"caption-attachment-6460\" class=\"wp-caption-text\">N\u00e4kym\u00e4 alas j\u00e4rvelle<\/figcaption><\/figure>\n<p>&nbsp;<\/p>\n<p>K\u00f6nigsee-j\u00e4rvi heijasteli mukavasti yl\u00f6s ja kimalteli kutsuvasti. Eevertin p\u00e4iv\u00e4 oli alkanut hyvin varhain aamulla, joten isompi kutsu taisi olla tutun majapaikan v\u00e4llyihin. Illan mittaan Smirnin rinteilt\u00e4 Eevert tavoittikin yst\u00e4v\u00e4llisen Herta-rouvan joka iloiten otti seikkailijamme vastaan.<\/p>\n<p>Unta ei tarvinnut kauan houkutella. Kunhan pient\u00e4 iltapalaa ja pehkuihin. Paksujen t\u00e4kkien alla ei edes huoneen viile\u00e4 ilma haitannut vaan tuuditti \u00e4kki\u00e4 miehen syv\u00e4\u00e4n uneen.<\/p>\n<p>&nbsp;<\/p>\n<p>Aamun valjetessa mieli oli virke\u00e4 ja p\u00e4\u00e4 t\u00e4ynn\u00e4 suunnitelmia. Aurinko paistoi edelleen, joten ei kun katto auki ja baanalle. Ensimm\u00e4inen nousu hissill\u00e4 ja p\u00e4iv\u00e4n viett\u00e4minen vuorilla oli hyv\u00e4 suunnitelma. Hissi kuljetti Eevertin Kreutszjochille 2000 metriin. Siell\u00e4 sitten mies kapuili reiluun 2200m ja kuvaili sen kun kereksi maisemia sinne t\u00e4nne.<\/p>\n<p>&nbsp;<\/p>\n<figure id=\"attachment_6461\" aria-describedby=\"caption-attachment-6461\" style=\"width: 427px\" class=\"wp-caption aligncenter\"><a href=\"http:\/\/kinanen.fi\/wordpress\/wp-content\/uploads\/2013\/07\/IMG_5860.jpg\"><img loading=\"lazy\" decoding=\"async\" class=\"size-full wp-image-6461\" alt=\"Viistoa rinnett\u00e4\" src=\"http:\/\/kinanen.fi\/wordpress\/wp-content\/uploads\/2013\/07\/IMG_5860.jpg\" width=\"427\" height=\"640\" \/><\/a><figcaption id=\"caption-attachment-6461\" class=\"wp-caption-text\">Viistoa rinnett\u00e4<\/figcaption><\/figure>\n<p>&nbsp;<\/p>\n<p>Vuori on helppo saavuttaa, joten v\u00e4ke\u00e4 riitti siell\u00e4kin vaikka ajoittain saikin nauttia hetkist\u00e4 jolloin kuvitteli olevansa ainut ihminen vuorten juhlallisessa hiljaisuudessa.<\/p>\n<p>Eevert rakastaa gulassia ja niinp\u00e4 h\u00e4n nautti toisen gulassinsa pieness\u00e4 vuoristomajassa. Oikein makoisaa oli t\u00e4m\u00e4kin keitto.<\/p>\n<p>&nbsp;<\/p>\n<figure id=\"attachment_6462\" aria-describedby=\"caption-attachment-6462\" style=\"width: 504px\" class=\"wp-caption aligncenter\"><a href=\"http:\/\/kinanen.fi\/wordpress\/wp-content\/uploads\/2013\/07\/IMG_5879.jpg\"><img loading=\"lazy\" decoding=\"async\" class=\"size-full wp-image-6462\" alt=\"Vuoriel\u00e4imi\u00e4\" src=\"http:\/\/kinanen.fi\/wordpress\/wp-content\/uploads\/2013\/07\/IMG_5879.jpg\" width=\"504\" height=\"336\" \/><\/a><figcaption id=\"caption-attachment-6462\" class=\"wp-caption-text\">Vuoriel\u00e4imi\u00e4<\/figcaption><\/figure>\n<p>&nbsp;<\/p>\n<p>Vuorella on t\u00e4\u00e4ll\u00e4p\u00e4in paljon el\u00e4imi\u00e4. Lehm\u00e4t ja lampaat niit\u00e4 tutuimpia. T\u00e4n\u00e4\u00e4n sattui kohdalle my\u00f6s aasi, joka hinkui \u00e4\u00e4nekk\u00e4\u00e4sti vuoren rinteell\u00e4. Siit\u00e4 ei Eevert kuvaa saanut, sill\u00e4 taisi mies h\u00e4mmenty\u00e4 perinpohaisesti sen n\u00e4kemisest\u00e4 \ud83d\ude42<\/p>\n<p>&nbsp;<\/p>\n<figure id=\"attachment_6463\" aria-describedby=\"caption-attachment-6463\" style=\"width: 504px\" class=\"wp-caption aligncenter\"><a href=\"http:\/\/kinanen.fi\/wordpress\/wp-content\/uploads\/2013\/07\/IMG_5869.jpg\"><img loading=\"lazy\" decoding=\"async\" class=\"size-full wp-image-6463\" alt=\"Kukkaloistoa\" src=\"http:\/\/kinanen.fi\/wordpress\/wp-content\/uploads\/2013\/07\/IMG_5869.jpg\" width=\"504\" height=\"336\" \/><\/a><figcaption id=\"caption-attachment-6463\" class=\"wp-caption-text\">Kukkaloistoa<\/figcaption><\/figure>\n<p>&nbsp;<\/p>\n<p>Vuoret kukkivat parhaillaan. Aivan uskomaton v\u00e4riloisto on rinteill\u00e4. Isompia ja pienempi\u00e4 kukkia kilvan hehkuttavat olemassaoloaan. Moni alppikukka on my\u00f6s rohtokasvi, joten saattaa olla ett\u00e4 Eevert joku p\u00e4iv\u00e4 ker\u00e4\u00e4 mukaansa kuivattavaksi mit\u00e4 merkillisimpi\u00e4 ihanuuksia. Rohtokukkia voi laittaa my\u00f6s suolan sekaan ja n\u00e4in saa vaikkapa vuorisuolaan yhdistettyn\u00e4 varsin armomirikasta vivahdetta kotiruokap\u00f6yt\u00e4\u00e4n.<\/p>\n<p>&nbsp;<\/p>\n<figure id=\"attachment_6464\" aria-describedby=\"caption-attachment-6464\" style=\"width: 427px\" class=\"wp-caption aligncenter\"><a href=\"http:\/\/kinanen.fi\/wordpress\/wp-content\/uploads\/2013\/07\/IMG_5924.jpg\"><img loading=\"lazy\" decoding=\"async\" class=\"size-full wp-image-6464\" alt=\"N\u00e4kym\u00e4 laaksoon\" src=\"http:\/\/kinanen.fi\/wordpress\/wp-content\/uploads\/2013\/07\/IMG_5924.jpg\" width=\"427\" height=\"640\" \/><\/a><figcaption id=\"caption-attachment-6464\" class=\"wp-caption-text\">N\u00e4kym\u00e4 laaksoon<\/figcaption><\/figure>\n<p>&nbsp;<\/p>\n<p>Pilvien ker\u00e4\u00e4ntyess\u00e4 taivaanrantaan evert p\u00e4\u00e4tti viimein laskeutua alas ja suunnata takaisin kotim\u00f6kkiins\u00e4. P\u00e4iv\u00e4 oli antoisa ja rikas monella tapaa. On t\u00e4m\u00e4 maailma vain niin kaunis paikka!<\/p>\n<p>&nbsp;<\/p>\n<p>&nbsp;<\/p>\n","protected":false},"excerpt":{"rendered":"<p>Niinkuin moni tiet\u00e4\u00e4 &#8211; Eevertin on vaikea pysy\u00e4 pitki\u00e4 aikoja paikallaan. Niinp\u00e4 yst\u00e4v\u00e4mme otti siivet alleen ja lenteli M\u00fcncheniin. Valitsi autojonosta itselleen kirkuvan punaisen BMV minin. Pienen ja tyylikk\u00e4\u00e4n avoauton, jolla aikoo huristella l\u00e4mpim\u00e4ss\u00e4 ja aurinkoisessa keliss\u00e4 vuorille ja takaisin. &nbsp; &nbsp; Ensimm\u00e4iseksi Eevert otti suunnan kohteeseen miss\u00e4 ei ole aikaisemmin k\u00e4ynyt. Kotkanpes\u00e4lle &#8211; Kallis [&hellip;]<\/p>\n","protected":false},"author":1,"featured_media":0,"comment_status":"open","ping_status":"open","sticky":false,"template":"","format":"standard","meta":{"footnotes":""},"categories":[],"tags":[],"class_list":["post-6455","post","type-post","status-publish","format-standard","hentry"],"_links":{"self":[{"href":"https:\/\/www.kinanen.fi\/nukkekoti\/wp-json\/wp\/v2\/posts\/6455","targetHints":{"allow":["GET"]}}],"collection":[{"href":"https:\/\/www.kinanen.fi\/nukkekoti\/wp-json\/wp\/v2\/posts"}],"about":[{"href":"https:\/\/www.kinanen.fi\/nukkekoti\/wp-json\/wp\/v2\/types\/post"}],"author":[{"embeddable":true,"href":"https:\/\/www.kinanen.fi\/nukkekoti\/wp-json\/wp\/v2\/users\/1"}],"replies":[{"embeddable":true,"href":"https:\/\/www.kinanen.fi\/nukkekoti\/wp-json\/wp\/v2\/comments?post=6455"}],"version-history":[{"count":3,"href":"https:\/\/www.kinanen.fi\/nukkekoti\/wp-json\/wp\/v2\/posts\/6455\/revisions"}],"predecessor-version":[{"id":6466,"href":"https:\/\/www.kinanen.fi\/nukkekoti\/wp-json\/wp\/v2\/posts\/6455\/revisions\/6466"}],"wp:attachment":[{"href":"https:\/\/www.kinanen.fi\/nukkekoti\/wp-json\/wp\/v2\/media?parent=6455"}],"wp:term":[{"taxonomy":"category","embeddable":true,"href":"https:\/\/www.kinanen.fi\/nukkekoti\/wp-json\/wp\/v2\/categories?post=6455"},{"taxonomy":"post_tag","embeddable":true,"href":"https:\/\/www.kinanen.fi\/nukkekoti\/wp-json\/wp\/v2\/tags?post=6455"}],"curies":[{"name":"wp","href":"https:\/\/api.w.org\/{rel}","templated":true}]}}