{"id":6506,"date":"2013-07-11T12:07:51","date_gmt":"2013-07-11T09:07:51","guid":{"rendered":"http:\/\/kinanen.fi\/wordpress\/?p=6506"},"modified":"2013-07-11T12:32:21","modified_gmt":"2013-07-11T09:32:21","slug":"pikku-heidi","status":"publish","type":"post","link":"https:\/\/www.kinanen.fi\/nukkekoti\/pikku-heidi\/","title":{"rendered":"Pikku-Heidi"},"content":{"rendered":"<p>Eevertin p\u00e4iv\u00e4t kuluvat sukkelaan ihmetelless\u00e4 kaunista maailmaa ja sulatellessa kaikkea kokemaansa. Vieh\u00e4tt\u00e4v\u00e4 em\u00e4nt\u00e4 Herta l\u00e4hti er\u00e4\u00e4n\u00e4 p\u00e4iv\u00e4n\u00e4 opastamaan Eeverti\u00e4 vuorille. Suuntana oli pikkuinen vuorisotomaja ja l\u00e4heisen vuore huiputus. Retki oli jo monet kerrat siirtynyt koska vuorilla oli pilvist\u00e4 ja sateista, vaikka laaksossa olikin oikein hyv\u00e4 keli. Oikeastaan retki oli siirtynyt jo vuodella, sill\u00e4 Eevertin retkikohteisiin se kuului jo vuosi sitten.<\/p>\n<p>Alkuun siirryttiin autolla hieman ylemm\u00e4s. Se tuntui oikein hyv\u00e4lt\u00e4 sill\u00e4 yksityist\u00e4 ja kapeaa, jyrk\u00e4sti nousevaa tiet\u00e4 k\u00e4vellen astellen saattaisi tulla hiki.<\/p>\n<p>&nbsp;<\/p>\n<figure id=\"attachment_6507\" aria-describedby=\"caption-attachment-6507\" style=\"width: 427px\" class=\"wp-caption aligncenter\"><a href=\"http:\/\/kinanen.fi\/wordpress\/wp-content\/uploads\/2013\/07\/IMG_6702.jpg\"><img fetchpriority=\"high\" decoding=\"async\" class=\"size-full wp-image-6507\" alt=\"Hevoset\" src=\"http:\/\/kinanen.fi\/wordpress\/wp-content\/uploads\/2013\/07\/IMG_6702.jpg\" width=\"427\" height=\"640\" \/><\/a><figcaption id=\"caption-attachment-6507\" class=\"wp-caption-text\">Hevoset<\/figcaption><\/figure>\n<p>&nbsp;<\/p>\n<p>Auto pys\u00e4k\u00f6itiin pienen m\u00f6kin tuntumaan. Ensimm\u00e4isen\u00e4 tervehtim\u00e4\u00e4n tulivat yst\u00e4v\u00e4lliset ja uskomattoman kauniit hevoset. Niiden kanssa seurustellessa kului useampi hetki, sill\u00e4 vieraat kulkijat t\u00e4ytyi tarkoin tarkistella joka puolelata. Hevosten seurana oli lehmi\u00e4, vasikoita, poneja ja aasi.<br \/>\nMelkein kuin olisi taas el\u00e4intarhassa k\u00e4ynyt.<\/p>\n<p>&nbsp;<\/p>\n<figure id=\"attachment_6508\" aria-describedby=\"caption-attachment-6508\" style=\"width: 504px\" class=\"wp-caption aligncenter\"><a href=\"http:\/\/kinanen.fi\/wordpress\/wp-content\/uploads\/2013\/07\/IMG_6740.jpg\"><img decoding=\"async\" class=\"size-full wp-image-6508\" alt=\"Laitumet\" src=\"http:\/\/kinanen.fi\/wordpress\/wp-content\/uploads\/2013\/07\/IMG_6740.jpg\" width=\"504\" height=\"423\" \/><\/a><figcaption id=\"caption-attachment-6508\" class=\"wp-caption-text\">Laitumet<\/figcaption><\/figure>\n<p>&nbsp;<\/p>\n<p>Laitumilla olisi viihtynyt pidemp\u00e4\u00e4nkin. Niin kauniit maisemat sielt\u00e4 aukenivat. Sielt\u00e4kin l\u00f6ytyi vuorimaja, joka oli em\u00e4nt\u00e4mme hallinnassa. Se ei kuitenkaan ollut p\u00e4\u00e4kohteemme t\u00e4n\u00e4\u00e4n.<\/p>\n<p>&nbsp;<\/p>\n<figure id=\"attachment_6511\" aria-describedby=\"caption-attachment-6511\" style=\"width: 500px\" class=\"wp-caption aligncenter\"><a href=\"http:\/\/kinanen.fi\/wordpress\/wp-content\/uploads\/2013\/07\/IMG_6715.jpg\"><img decoding=\"async\" class=\"size-full wp-image-6511\" alt=\"Majalla\" src=\"http:\/\/kinanen.fi\/wordpress\/wp-content\/uploads\/2013\/07\/IMG_6715.jpg\" width=\"500\" height=\"333\" \/><\/a><figcaption id=\"caption-attachment-6511\" class=\"wp-caption-text\">Majalla<\/figcaption><\/figure>\n<p>&nbsp;<\/p>\n<p>Matka jatkui jalkaisin kohti huippua. Joka oli ihan tuossa vieress\u00e4. Niin t\u00e4\u00e4ll\u00e4 monesti n\u00e4ytt\u00e4\u00e4, ett\u00e4 tuossahan se&#8230; tuumi Eevert mieless\u00e4\u00e4n ja huomasi pian huomautuksensa olevan taas totta. Matkaa rinteell\u00e4 noustavaksi tuli aivan tarpeeksi vaikka autolla huristettiinkin alkumatka.<\/p>\n<p>&nbsp;<\/p>\n<figure id=\"attachment_6510\" aria-describedby=\"caption-attachment-6510\" style=\"width: 427px\" class=\"wp-caption aligncenter\"><a href=\"http:\/\/kinanen.fi\/wordpress\/wp-content\/uploads\/2013\/07\/IMG_6743.jpg\"><img loading=\"lazy\" decoding=\"async\" class=\"size-full wp-image-6510\" alt=\"Rinnett\u00e4 pitkin yl\u00f6s\" src=\"http:\/\/kinanen.fi\/wordpress\/wp-content\/uploads\/2013\/07\/IMG_6743.jpg\" width=\"427\" height=\"640\" \/><\/a><figcaption id=\"caption-attachment-6510\" class=\"wp-caption-text\">Rinnett\u00e4 pitkin yl\u00f6s<\/figcaption><\/figure>\n<p>&nbsp;<\/p>\n<p>Pian silmiss\u00e4 jo siinteli pikkuinen talo suhteellisen jyrk\u00e4ss\u00e4 rinteess\u00e4. Miten ihmeess\u00e4 se onkin pysynyt paikoillaan talvet ja kaikki. Hieman korkeammalla sijaitsi my\u00f6s huippu jonne olimme suuntaamassa. Niin t\u00e4ll\u00e4 kuin useimmilla muillakin huipuilla on risti. Suunta oli siis selv\u00e4sti n\u00e4kyvill\u00e4 jo alkumatkasta.<\/p>\n<p>&nbsp;<\/p>\n<figure id=\"attachment_6509\" aria-describedby=\"caption-attachment-6509\" style=\"width: 509px\" class=\"wp-caption aligncenter\"><a href=\"http:\/\/kinanen.fi\/wordpress\/wp-content\/uploads\/2013\/07\/IMG_6747.jpg\"><img loading=\"lazy\" decoding=\"async\" class=\"size-full wp-image-6509\" alt=\"Pikku-Heidin m\u00f6kki\" src=\"http:\/\/kinanen.fi\/wordpress\/wp-content\/uploads\/2013\/07\/IMG_6747.jpg\" width=\"509\" height=\"408\" \/><\/a><figcaption id=\"caption-attachment-6509\" class=\"wp-caption-text\">Pikku-Heidin m\u00f6kki<\/figcaption><\/figure>\n<p>&nbsp;<\/p>\n<p>Hiljalleen matkan varrella ollut pikkum\u00f6kki l\u00e4heni. Se oli kuin suora poiminta Eevertin \u00e4idin kertomien Pikku-Heidi kertomusten p\u00e4\u00e4tapahtumapaikoista. Vuoriniittyj\u00e4 ja isois\u00e4n pikkuinen maja jossa Heidi vietti aikaansa pienen\u00e4 tytt\u00f6n\u00e4.<\/p>\n<p>&nbsp;<\/p>\n<p>&nbsp;<\/p>\n<figure id=\"attachment_6512\" aria-describedby=\"caption-attachment-6512\" style=\"width: 504px\" class=\"wp-caption aligncenter\"><a href=\"http:\/\/kinanen.fi\/wordpress\/wp-content\/uploads\/2013\/07\/IMG_6759.jpg\"><img loading=\"lazy\" decoding=\"async\" class=\"size-full wp-image-6512\" alt=\"Pikku-Heidin m\u00f6kill\u00e4\" src=\"http:\/\/kinanen.fi\/wordpress\/wp-content\/uploads\/2013\/07\/IMG_6759.jpg\" width=\"504\" height=\"336\" \/><\/a><figcaption id=\"caption-attachment-6512\" class=\"wp-caption-text\">Pikku-Heidin m\u00f6kill\u00e4<\/figcaption><\/figure>\n<p>&nbsp;<\/p>\n<p>T\u00e4\u00e4lt\u00e4 sit\u00e4 on hyv\u00e4 maailman menoa tutkiskella. Rauhaa ja hiljaisuutta riitti. Vuorilla on aina hiljaista &#8211; jos ei lasketa mukaan karjan kelloja ja visert\u00e4vi\u00e4 lintuja.<\/p>\n<p>Unelmissaan Eevert j\u00e4i majaan viett\u00e4m\u00e4\u00e4n p\u00e4ivi\u00e4. Suunnitteli jo laskeutuvansa majan toiselle lavetille lep\u00e4\u00e4m\u00e4\u00e4n.<\/p>\n<p>&nbsp;<\/p>\n<figure id=\"attachment_6513\" aria-describedby=\"caption-attachment-6513\" style=\"width: 505px\" class=\"wp-caption aligncenter\"><a href=\"http:\/\/kinanen.fi\/wordpress\/wp-content\/uploads\/2013\/07\/IMG_6755.jpg\"><img loading=\"lazy\" decoding=\"async\" class=\"size-full wp-image-6513\" alt=\"P\u00e4iv\u00e4unet\" src=\"http:\/\/kinanen.fi\/wordpress\/wp-content\/uploads\/2013\/07\/IMG_6755.jpg\" width=\"505\" height=\"364\" \/><\/a><figcaption id=\"caption-attachment-6513\" class=\"wp-caption-text\">P\u00e4iv\u00e4unet<\/figcaption><\/figure>\n<p>&nbsp;<\/p>\n<p>V\u00e4hint\u00e4\u00e4nkin p\u00e4iv\u00e4unille oli asettauduttava&#8230; niin houkutteleva peti siell\u00e4 odotti kauniisti sijattuna.<\/p>\n<p>&nbsp;<\/p>\n<figure id=\"attachment_6515\" aria-describedby=\"caption-attachment-6515\" style=\"width: 427px\" class=\"wp-caption aligncenter\"><a href=\"http:\/\/kinanen.fi\/wordpress\/wp-content\/uploads\/2013\/07\/IMG_6771.jpg\"><img loading=\"lazy\" decoding=\"async\" class=\"size-full wp-image-6515\" alt=\"Keitti\u00f6\" src=\"http:\/\/kinanen.fi\/wordpress\/wp-content\/uploads\/2013\/07\/IMG_6771.jpg\" width=\"427\" height=\"640\" \/><\/a><figcaption id=\"caption-attachment-6515\" class=\"wp-caption-text\">Keitti\u00f6<\/figcaption><\/figure>\n<p>&nbsp;<\/p>\n<p>Pieni tulisija oli m\u00f6kiss\u00e4 ja siin\u00e4 sit\u00e4 somasti kahvit keitt\u00e4isi ja vaikka pienen sopan. Puita ei juuri t\u00e4ll\u00e4 korkeudella ollut, joten ne joutuu kulija tuomaan mukanaan.<\/p>\n<figure id=\"attachment_6516\" aria-describedby=\"caption-attachment-6516\" style=\"width: 509px\" class=\"wp-caption aligncenter\"><a href=\"http:\/\/kinanen.fi\/wordpress\/wp-content\/uploads\/2013\/07\/IMG_6789.jpg\"><img loading=\"lazy\" decoding=\"async\" class=\"size-full wp-image-6516\" alt=\"Huippua kohti\" src=\"http:\/\/kinanen.fi\/wordpress\/wp-content\/uploads\/2013\/07\/IMG_6789.jpg\" width=\"509\" height=\"339\" \/><\/a><figcaption id=\"caption-attachment-6516\" class=\"wp-caption-text\">Huippua kohti<\/figcaption><\/figure>\n<p>&nbsp;<\/p>\n<p>Majalta suunnistettiin huipulle. Ottenspizin 2200m korkeuteen oli selv\u00e4 suunta. Harjannetta pitkin yl\u00f6s. Mit\u00e4 pidemm\u00e4lle p\u00e4\u00e4si niin sit\u00e4 enemm\u00e4n askel painoi. Eevertkin joutui jo useamman kerran pyyhkim\u00e4\u00e4n hike\u00e4 matkan varrella.<\/p>\n<p>Lopulta huippu saavutettin ja ev\u00e4\u00e4t sy\u00f6tiin asianmukaisella hartaudella. Huipulla oleminen pist\u00e4\u00e4 ihmisen hiljaiseksi. Kovin on pieni ihminen t\u00e4ss\u00e4 maailmassa.<\/p>\n<p>&nbsp;<\/p>\n<figure id=\"attachment_6518\" aria-describedby=\"caption-attachment-6518\" style=\"width: 502px\" class=\"wp-caption aligncenter\"><a href=\"http:\/\/kinanen.fi\/wordpress\/wp-content\/uploads\/2013\/07\/IMG_6795.jpg\"><img loading=\"lazy\" decoding=\"async\" class=\"size-full wp-image-6518\" alt=\"P\u00f6yt\u00e4\" src=\"http:\/\/kinanen.fi\/wordpress\/wp-content\/uploads\/2013\/07\/IMG_6795.jpg\" width=\"502\" height=\"347\" \/><\/a><figcaption id=\"caption-attachment-6518\" class=\"wp-caption-text\">P\u00f6yt\u00e4<\/figcaption><\/figure>\n<p>&nbsp;<\/p>\n<p>Huipulla oli p\u00f6yt\u00e4. Em\u00e4nt\u00e4 Herta kertoi, ett\u00e4 siell\u00e4 pidet\u00e4\u00e4n vuosittain messu ja p\u00f6yt\u00e4 toimii alttarip\u00f6yt\u00e4n\u00e4. Eevertille j\u00e4i ep\u00e4selv\u00e4ksi mist\u00e4 messusta on kysymys ja kuinka laajasti kyl\u00e4n v\u00e4ke\u00e4 siihen osallistuu. It\u00e4valta on hyvin katolinen tai uskonnollinen maa ja se n\u00e4kyy my\u00f6s arjen keskell\u00e4. Peltotilkkujen varrella ja teiden vierilt\u00e4 l\u00f6ytyy pieni\u00e4 kappeleita tai muistotauluja risteineen.<\/p>\n<p>&nbsp;<\/p>\n<figure id=\"attachment_6517\" aria-describedby=\"caption-attachment-6517\" style=\"width: 427px\" class=\"wp-caption aligncenter\"><a href=\"http:\/\/kinanen.fi\/wordpress\/wp-content\/uploads\/2013\/07\/IMG_6801.jpg\"><img loading=\"lazy\" decoding=\"async\" class=\"size-full wp-image-6517\" alt=\"Huippusnapsit\" src=\"http:\/\/kinanen.fi\/wordpress\/wp-content\/uploads\/2013\/07\/IMG_6801.jpg\" width=\"427\" height=\"640\" \/><\/a><figcaption id=\"caption-attachment-6517\" class=\"wp-caption-text\">Huippusnapsit<\/figcaption><\/figure>\n<p>&nbsp;<\/p>\n<p>Leiv\u00e4n ja viinin sijasta huipun p\u00f6yd\u00e4lle asetettiin snapsilasit ja pullo. T\u00e4\u00e4ll\u00e4p\u00e4in on tapana ottaa pienet is\u00e4nt\u00e4v\u00e4en snapsit huiputellessa. Ja hyv\u00e4lt\u00e4 t\u00e4m\u00e4 aprikoosit\u00f6mssy maisui Eevertinkin suussa.<\/p>\n<p>Hetken aikaa etsittiin alppiruusua, mutta se ei t\u00e4ll\u00e4kertaa kulkijoille paljastanut kasvupaikkaansa. Seuraavalla kerralla sitten.<\/p>\n<p>Aikansa nautittuaan maisemista alkoi laskeutuminen, joka t\u00e4ll\u00e4kin kertaa osoittautui kuitenkin nousua vaikeammaksi.<\/p>\n<p>&nbsp;<\/p>\n<figure id=\"attachment_6519\" aria-describedby=\"caption-attachment-6519\" style=\"width: 505px\" class=\"wp-caption aligncenter\"><a href=\"http:\/\/kinanen.fi\/wordpress\/wp-content\/uploads\/2013\/07\/IMG_67621.jpg\"><img loading=\"lazy\" decoding=\"async\" class=\"size-full wp-image-6519\" alt=\"Hattu p\u00e4\u00e4h\u00e4n\" src=\"http:\/\/kinanen.fi\/wordpress\/wp-content\/uploads\/2013\/07\/IMG_67621.jpg\" width=\"505\" height=\"398\" \/><\/a><figcaption id=\"caption-attachment-6519\" class=\"wp-caption-text\">Hattu p\u00e4\u00e4h\u00e4n<\/figcaption><\/figure>\n<p>&nbsp;<\/p>\n<p>Paluumatkalla poikettiin uudelleen majalla ja istuttiin viel\u00e4 hetki puhdasta ilmaa haistellen. M\u00f6kin hyv\u00e4stelyt olivat hell\u00e4t ja se j\u00e4tti varmasti j\u00e4lkens\u00e4 Eevertin mieleen.<\/p>\n<p>&nbsp;<\/p>\n<figure id=\"attachment_6520\" aria-describedby=\"caption-attachment-6520\" style=\"width: 427px\" class=\"wp-caption aligncenter\"><a href=\"http:\/\/kinanen.fi\/wordpress\/wp-content\/uploads\/2013\/07\/IMG_6758.jpg\"><img loading=\"lazy\" decoding=\"async\" class=\"size-full wp-image-6520\" alt=\"Herta-rouva ja Eevert\" src=\"http:\/\/kinanen.fi\/wordpress\/wp-content\/uploads\/2013\/07\/IMG_6758.jpg\" width=\"427\" height=\"640\" \/><\/a><figcaption id=\"caption-attachment-6520\" class=\"wp-caption-text\">Herta-rouva ja Eevert<\/figcaption><\/figure>\n<p>&nbsp;<\/p>\n<p>L\u00e4mmin kiitos Herta-rouvalle hyv\u00e4st\u00e4 opastuksesta ja mahdollisuudesta n\u00e4hd\u00e4 jotakin aitoa ja koskettavaa.<\/p>\n<p>Pieni kooste viel\u00e4 tuvasta kaikille k\u00e4vij\u00f6ille.<\/p>\n<p>&nbsp;<\/p>\n<figure id=\"attachment_6521\" aria-describedby=\"caption-attachment-6521\" style=\"width: 452px\" class=\"wp-caption aligncenter\"><a href=\"http:\/\/kinanen.fi\/wordpress\/wp-content\/uploads\/2013\/07\/Page_1.jpg\"><img loading=\"lazy\" decoding=\"async\" class=\"size-full wp-image-6521\" alt=\"Tupa edest\u00e4 ja takaa\" src=\"http:\/\/kinanen.fi\/wordpress\/wp-content\/uploads\/2013\/07\/Page_1.jpg\" width=\"452\" height=\"640\" \/><\/a><figcaption id=\"caption-attachment-6521\" class=\"wp-caption-text\">Tupa edest\u00e4 ja takaa<\/figcaption><\/figure>\n<p>&nbsp;<\/p>\n<p>&nbsp;<\/p>\n","protected":false},"excerpt":{"rendered":"<p>Eevertin p\u00e4iv\u00e4t kuluvat sukkelaan ihmetelless\u00e4 kaunista maailmaa ja sulatellessa kaikkea kokemaansa. Vieh\u00e4tt\u00e4v\u00e4 em\u00e4nt\u00e4 Herta l\u00e4hti er\u00e4\u00e4n\u00e4 p\u00e4iv\u00e4n\u00e4 opastamaan Eeverti\u00e4 vuorille. Suuntana oli pikkuinen vuorisotomaja ja l\u00e4heisen vuore huiputus. Retki oli jo monet kerrat siirtynyt koska vuorilla oli pilvist\u00e4 ja sateista, vaikka laaksossa olikin oikein hyv\u00e4 keli. Oikeastaan retki oli siirtynyt jo vuodella, sill\u00e4 Eevertin retkikohteisiin [&hellip;]<\/p>\n","protected":false},"author":1,"featured_media":0,"comment_status":"open","ping_status":"open","sticky":false,"template":"","format":"standard","meta":{"footnotes":""},"categories":[],"tags":[],"class_list":["post-6506","post","type-post","status-publish","format-standard","hentry"],"_links":{"self":[{"href":"https:\/\/www.kinanen.fi\/nukkekoti\/wp-json\/wp\/v2\/posts\/6506","targetHints":{"allow":["GET"]}}],"collection":[{"href":"https:\/\/www.kinanen.fi\/nukkekoti\/wp-json\/wp\/v2\/posts"}],"about":[{"href":"https:\/\/www.kinanen.fi\/nukkekoti\/wp-json\/wp\/v2\/types\/post"}],"author":[{"embeddable":true,"href":"https:\/\/www.kinanen.fi\/nukkekoti\/wp-json\/wp\/v2\/users\/1"}],"replies":[{"embeddable":true,"href":"https:\/\/www.kinanen.fi\/nukkekoti\/wp-json\/wp\/v2\/comments?post=6506"}],"version-history":[{"count":10,"href":"https:\/\/www.kinanen.fi\/nukkekoti\/wp-json\/wp\/v2\/posts\/6506\/revisions"}],"predecessor-version":[{"id":6531,"href":"https:\/\/www.kinanen.fi\/nukkekoti\/wp-json\/wp\/v2\/posts\/6506\/revisions\/6531"}],"wp:attachment":[{"href":"https:\/\/www.kinanen.fi\/nukkekoti\/wp-json\/wp\/v2\/media?parent=6506"}],"wp:term":[{"taxonomy":"category","embeddable":true,"href":"https:\/\/www.kinanen.fi\/nukkekoti\/wp-json\/wp\/v2\/categories?post=6506"},{"taxonomy":"post_tag","embeddable":true,"href":"https:\/\/www.kinanen.fi\/nukkekoti\/wp-json\/wp\/v2\/tags?post=6506"}],"curies":[{"name":"wp","href":"https:\/\/api.w.org\/{rel}","templated":true}]}}