{"id":6532,"date":"2013-07-11T22:59:10","date_gmt":"2013-07-11T19:59:10","guid":{"rendered":"http:\/\/kinanen.fi\/wordpress\/?p=6532"},"modified":"2013-07-11T23:23:17","modified_gmt":"2013-07-11T20:23:17","slug":"jubileumweg","status":"publish","type":"post","link":"https:\/\/www.kinanen.fi\/nukkekoti\/jubileumweg\/","title":{"rendered":"Jubileumweg"},"content":{"rendered":"<p>Eevert lojui aamup\u00e4iv\u00e4n rasittuneena edellisten p\u00e4ivien vaelluksista ja l\u00e4hti vasta iltap\u00e4iv\u00e4ll\u00e4 hieman ulos. Tarkoituksena ja suuntana oli tarkastella ihan vain t\u00e4t\u00e4 l\u00e4hirinnett\u00e4 ja kulkea kappaleen matkaa tiet\u00e4 pitkin yl\u00f6sp\u00e4in\u00a0 ja palata sitten takaisin.<\/p>\n<p>Tie nousi jyrk\u00e4sti yl\u00f6sp\u00e4in ja p\u00e4iv\u00e4 oli helteinen. Pikkuhiljaa askeleisiin vanhakin mies tottuu ja tasaisesti &#8211; joskin hitaasti matka taittui aina vaan ylemm\u00e4s.<\/p>\n<p>&nbsp;<\/p>\n<figure id=\"attachment_6533\" aria-describedby=\"caption-attachment-6533\" style=\"width: 504px\" class=\"wp-caption aligncenter\"><a href=\"http:\/\/kinanen.fi\/wordpress\/wp-content\/uploads\/2013\/07\/IMG_6963.jpg\"><img fetchpriority=\"high\" decoding=\"async\" class=\"size-full wp-image-6533\" alt=\"Kotim\u00f6kki\" src=\"http:\/\/kinanen.fi\/wordpress\/wp-content\/uploads\/2013\/07\/IMG_6963.jpg\" width=\"504\" height=\"336\" \/><\/a><figcaption id=\"caption-attachment-6533\" class=\"wp-caption-text\">Kotim\u00f6kki<\/figcaption><\/figure>\n<p>&nbsp;<\/p>\n<p>Aikansa noustuaan kotim\u00f6kki muuttui yh\u00e4 pienemm\u00e4ksi ja lopulta j\u00e4i mutkaisen tien taakse n\u00e4kym\u00e4tt\u00f6miin.<\/p>\n<p>&nbsp;<\/p>\n<figure id=\"attachment_6534\" aria-describedby=\"caption-attachment-6534\" style=\"width: 503px\" class=\"wp-caption aligncenter\"><a href=\"http:\/\/kinanen.fi\/wordpress\/wp-content\/uploads\/2013\/07\/IMG_6972.jpg\"><img decoding=\"async\" class=\"size-full wp-image-6534\" alt=\"N\u00e4kym\u00e4\" src=\"http:\/\/kinanen.fi\/wordpress\/wp-content\/uploads\/2013\/07\/IMG_6972.jpg\" width=\"503\" height=\"336\" \/><\/a><figcaption id=\"caption-attachment-6534\" class=\"wp-caption-text\">N\u00e4kym\u00e4<\/figcaption><\/figure>\n<p>&nbsp;<\/p>\n<p>Avautuvat n\u00e4kym\u00e4t huumasivat miehen niin ett\u00e4 pikainen paluu takaisin kotilaaksoon h\u00e4visi jonnekin ihmetyksen tunteen alle ja matka jatkui aina vain ylemm\u00e4ksi. Retkiev\u00e4\u00e4n\u00e4 oli Eevertill\u00e4 1,5 litran pullollinen j\u00e4\u00e4teet\u00e4. Mit\u00e4p\u00e4 sit\u00e4 muuta tarvitsisi hellep\u00e4iv\u00e4n\u00e4 kuin juotavaa.<\/p>\n<p>Juotava hupeni melko tiuhaan ja pian jo pullon pohja n\u00e4kyi uhkaavan selke\u00e4sti. Vuorilla kun ollaan niin onneksi on vuoripuroja joiden raikas vesi virvoittaa kulkijan. Viis siit\u00e4 vaikka tiet\u00e4\u00e4kin purojen tulevan alas laidunmaiden l\u00e4pi.<\/p>\n<p>&nbsp;<\/p>\n<figure id=\"attachment_6535\" aria-describedby=\"caption-attachment-6535\" style=\"width: 503px\" class=\"wp-caption aligncenter\"><a href=\"http:\/\/kinanen.fi\/wordpress\/wp-content\/uploads\/2013\/07\/IMG_6969.jpg\"><img decoding=\"async\" class=\"size-full wp-image-6535\" alt=\"Virkistyst\u00e4 tien vierest\u00e4\" src=\"http:\/\/kinanen.fi\/wordpress\/wp-content\/uploads\/2013\/07\/IMG_6969.jpg\" width=\"503\" height=\"335\" \/><\/a><figcaption id=\"caption-attachment-6535\" class=\"wp-caption-text\">Virkistyst\u00e4 tien vierest\u00e4<\/figcaption><\/figure>\n<p>&nbsp;<\/p>\n<p>Jano oli kova joten hyvin kelpasi sek\u00e4 pieni suihku ett\u00e4 juominen tien vierustan pienest\u00e4 vesiputouksesta. Kummasti sit\u00e4 kuivakin mies huomaa elpyv\u00e4ns\u00e4 kun saa riitt\u00e4v\u00e4sti vett\u00e4 juotua. Siisp\u00e4 t\u00e4m\u00e4nkin j\u00e4lkeen Eevertin jalat kuljettivat h\u00e4nt\u00e4 yh\u00e4 ylemm\u00e4ksi.<\/p>\n<p>&nbsp;<\/p>\n<figure id=\"attachment_6536\" aria-describedby=\"caption-attachment-6536\" style=\"width: 503px\" class=\"wp-caption aligncenter\"><a href=\"http:\/\/kinanen.fi\/wordpress\/wp-content\/uploads\/2013\/07\/IMG_6988.jpg\"><img loading=\"lazy\" decoding=\"async\" class=\"size-full wp-image-6536\" alt=\"Taukopaikka\" src=\"http:\/\/kinanen.fi\/wordpress\/wp-content\/uploads\/2013\/07\/IMG_6988.jpg\" width=\"503\" height=\"335\" \/><\/a><figcaption id=\"caption-attachment-6536\" class=\"wp-caption-text\">Taukopaikka<\/figcaption><\/figure>\n<p>&nbsp;<\/p>\n<p>Lopulta laakso oli j\u00e4\u00e4nyt niin kauas ja niin alas ett\u00e4 karttaa tutkittuaan mies katsoi parhaimmaksi tehd\u00e4 retkest\u00e4\u00e4n rengasmatkan ja jatkaa viel\u00e4 hieman eteenp\u00e4in ja laskeutua sitten hieman jyrkemp\u00e4\u00e4 rinnett\u00e4 takaisin laaksoon.<\/p>\n<p>Juoma oli jo tyystin loppu joten pullo oli t\u00e4ytett\u00e4v\u00e4 el\u00e4inten ja kulkijoiden juoma-altaasta. Aikaa oli kulunut jo sen verran ett\u00e4 hieman jo hiukopalaakin olisi kaivannut. Repusta ei kuitenkaan l\u00f6ytynyt murenaakaan.<\/p>\n<p>&nbsp;<\/p>\n<figure id=\"attachment_6537\" aria-describedby=\"caption-attachment-6537\" style=\"width: 427px\" class=\"wp-caption aligncenter\"><a href=\"http:\/\/kinanen.fi\/wordpress\/wp-content\/uploads\/2013\/07\/IMG_6984.jpg\"><img loading=\"lazy\" decoding=\"async\" class=\"size-full wp-image-6537\" alt=\"Kivenn\u00e4isvett\u00e4\" src=\"http:\/\/kinanen.fi\/wordpress\/wp-content\/uploads\/2013\/07\/IMG_6984.jpg\" width=\"427\" height=\"640\" \/><\/a><figcaption id=\"caption-attachment-6537\" class=\"wp-caption-text\">Kivenn\u00e4isvett\u00e4<\/figcaption><\/figure>\n<p>&nbsp;<\/p>\n<p>Vesipullon t\u00e4ytetty\u00e4\u00e4n mies jatkoi matkaansa.<\/p>\n<p>&nbsp;<\/p>\n<figure id=\"attachment_6538\" aria-describedby=\"caption-attachment-6538\" style=\"width: 504px\" class=\"wp-caption aligncenter\"><a href=\"http:\/\/kinanen.fi\/wordpress\/wp-content\/uploads\/2013\/07\/IMG_6990.jpg\"><img loading=\"lazy\" decoding=\"async\" class=\"size-full wp-image-6538\" alt=\"Nousu jatkuu\" src=\"http:\/\/kinanen.fi\/wordpress\/wp-content\/uploads\/2013\/07\/IMG_6990.jpg\" width=\"504\" height=\"336\" \/><\/a><figcaption id=\"caption-attachment-6538\" class=\"wp-caption-text\">Nousu jatkuu<\/figcaption><\/figure>\n<p>&nbsp;<\/p>\n<p>Viel\u00e4 oli noustava melkoinen matka ennenkuin p\u00e4\u00e4sisi alas laaksoon viev\u00e4lle polulle.<\/p>\n<p>&nbsp;<\/p>\n<figure id=\"attachment_6539\" aria-describedby=\"caption-attachment-6539\" style=\"width: 504px\" class=\"wp-caption aligncenter\"><a href=\"http:\/\/kinanen.fi\/wordpress\/wp-content\/uploads\/2013\/07\/IMG_6991.jpg\"><img loading=\"lazy\" decoding=\"async\" class=\"size-full wp-image-6539\" alt=\"N\u00e4k\u00f6alaoja riitti\" src=\"http:\/\/kinanen.fi\/wordpress\/wp-content\/uploads\/2013\/07\/IMG_6991.jpg\" width=\"504\" height=\"336\" \/><\/a><figcaption id=\"caption-attachment-6539\" class=\"wp-caption-text\">N\u00e4k\u00f6alaoja riitti<\/figcaption><\/figure>\n<p>&nbsp;<\/p>\n<p>Tuntui silt\u00e4 kuin paluu polku ei koskaan tulisi vastaan. Jatkuvasti tie vei eteenp\u00e4in ja yl\u00f6sp\u00e4in. Vastap\u00e4iselt\u00e4 rinteelt\u00e4 Eevert tunnisti tuttuja taloja. Nekin olivat melko korkealla laakoa ajatellen. Kuinkahan kauas olenkaan tullut, miettii Eevert tallustaessaan helteess\u00e4 yh\u00e4 vain eteenp\u00e4in.<\/p>\n<p>&nbsp;<\/p>\n<figure id=\"attachment_6540\" aria-describedby=\"caption-attachment-6540\" style=\"width: 427px\" class=\"wp-caption aligncenter\"><a href=\"http:\/\/kinanen.fi\/wordpress\/wp-content\/uploads\/2013\/07\/IMG_7003.jpg\"><img loading=\"lazy\" decoding=\"async\" class=\"size-full wp-image-6540\" alt=\"Jyrkk\u00e4 polku\" src=\"http:\/\/kinanen.fi\/wordpress\/wp-content\/uploads\/2013\/07\/IMG_7003.jpg\" width=\"427\" height=\"640\" \/><\/a><figcaption id=\"caption-attachment-6540\" class=\"wp-caption-text\">Jyrkk\u00e4 polku<\/figcaption><\/figure>\n<p>&nbsp;<\/p>\n<p>Lopulta l\u00f6ytyi merkki alas viev\u00e4st\u00e4 polusta. Polkua oli vaikea havaita maastosta k\u00e4sin, mutta onneksi se oli hyvin merkitty. Alasp\u00e4in oli hyvin vaikeaa ja hidasta kulkea l\u00e4hes pystysuoraa rinnett\u00e4. Jokainen askel tuli tarkasti katsoa ja varmistaa sauvoilla ettei vain jalka lipsahtaisi jolloin koko mies kierisi lujaa vauhtia alasp\u00e4in.<\/p>\n<p>Synkemm\u00e4n osuuden aikana kuului my\u00f6s melkoista rymin\u00e4\u00e4 yht\u00e4kki\u00e4 mets\u00e4st\u00e4. kaksi komeaa gemssi\u00e4 rymisteli vauhdilla Eevertin ohitse. Oli se vain hirmuista juoksemista n\u00e4inkin vaikeassa maastossa.<\/p>\n<p>Suoraa alastuloa oli tultu l\u00e4hemm\u00e4s pari tuntia kun viimein h\u00e4\u00e4m\u00f6tti pieni tie mets\u00e4n reunassa. Sit\u00e4 kohden!<\/p>\n<p>Alhaalla tiell\u00e4 Eevert kohtasi Marian. Alkuun mies ep\u00e4ili n\u00e4kev\u00e4ns\u00e4 jo v\u00e4symyksen, n\u00e4l\u00e4n ja janon ohella jo n\u00e4kyj\u00e4. Pieni hetki vieh\u00e4tt\u00e4v\u00e4ss\u00e4 seurassa palkitsi kulkijan. \u00c4iti maa antoi pian parastaan ja johdatti Eevertin uskomattomien mets\u00e4mannsikkapaikkojen kohdalle. Kourakaupalla sai Eevert seurueineen makustella marjoja ja saada voimia loppumatkalle.<\/p>\n<p>&nbsp;<\/p>\n<figure id=\"attachment_6541\" aria-describedby=\"caption-attachment-6541\" style=\"width: 508px\" class=\"wp-caption aligncenter\"><a href=\"http:\/\/kinanen.fi\/wordpress\/wp-content\/uploads\/2013\/07\/IMG_7029.jpg\"><img loading=\"lazy\" decoding=\"async\" class=\"size-full wp-image-6541\" alt=\"Kohtaaminen\" src=\"http:\/\/kinanen.fi\/wordpress\/wp-content\/uploads\/2013\/07\/IMG_7029.jpg\" width=\"508\" height=\"419\" \/><\/a><figcaption id=\"caption-attachment-6541\" class=\"wp-caption-text\">Kohtaaminen<\/figcaption><\/figure>\n<p>&nbsp;<\/p>\n<p>Melkoisesti oli viel\u00e4 alastulevia askeleita. Viimein p\u00e4\u00e4stiin sent\u00e4\u00e4n jo kohtaan jossa laakson kirkko komeili ilta-auringossa. Se oli juhlallinen hetki.<\/p>\n<p>&nbsp;<\/p>\n<p>&nbsp;<\/p>\n<figure id=\"attachment_6542\" aria-describedby=\"caption-attachment-6542\" style=\"width: 507px\" class=\"wp-caption aligncenter\"><a href=\"http:\/\/kinanen.fi\/wordpress\/wp-content\/uploads\/2013\/07\/IMG_7033.jpg\"><img loading=\"lazy\" decoding=\"async\" class=\"size-full wp-image-6542\" alt=\"Schmirnin kirkko\" src=\"http:\/\/kinanen.fi\/wordpress\/wp-content\/uploads\/2013\/07\/IMG_7033.jpg\" width=\"507\" height=\"338\" \/><\/a><figcaption id=\"caption-attachment-6542\" class=\"wp-caption-text\">Schmirnin kirkko<\/figcaption><\/figure>\n<p>&nbsp;<\/p>\n<p>Alas tielle olisi suunta. Sinne oli viel\u00e4 matkaa, mutta toiveikkaana askellus jatkui aina kotitalolle saakka.<\/p>\n<p>&nbsp;<\/p>\n<p>Eevertille tuli suoraan ja yht\u00e4jaksoisesti yl\u00f6s menevi\u00e4 askeleita 11 300 ja alasp\u00e4in hieman enemm\u00e4n. P\u00e4iv\u00e4n saldo oli kaikkiaan n.24 000 askelta, joka tuntui enenmm\u00e4n kuin riitt\u00e4v\u00e4lt\u00e4 n\u00e4iss\u00e4 maastoissa. Nousua korkeusk\u00e4yrill\u00e4 siin\u00e4 reilu 700m Sumpfkopfille.<\/p>\n<p>Hieno p\u00e4iv\u00e4 ja monenlaista kokemusta kivist\u00e4vist\u00e4 lihaksista huolimatta.<\/p>\n<p>Retken opetus: \u00c4l\u00e4 koskaan\u00a0 &#8211; ikin\u00e4 &#8211; usko vuorten h\u00f6yr\u00e4ytt\u00e4m\u00e4n miehen ehdotusta siit\u00e4 ett\u00e4 l\u00e4hdet\u00e4\u00e4n vain pikkuisen katsomaan t\u00e4t\u00e4 l\u00e4hirinnett\u00e4. Tai jos uskotkin niin varaa mukaan hieman ev\u00e4st\u00e4 tai v\u00e4hint\u00e4\u00e4n pari ravitsevaa patukkaa.<\/p>\n<p>&nbsp;<\/p>\n","protected":false},"excerpt":{"rendered":"<p>Eevert lojui aamup\u00e4iv\u00e4n rasittuneena edellisten p\u00e4ivien vaelluksista ja l\u00e4hti vasta iltap\u00e4iv\u00e4ll\u00e4 hieman ulos. Tarkoituksena ja suuntana oli tarkastella ihan vain t\u00e4t\u00e4 l\u00e4hirinnett\u00e4 ja kulkea kappaleen matkaa tiet\u00e4 pitkin yl\u00f6sp\u00e4in\u00a0 ja palata sitten takaisin. Tie nousi jyrk\u00e4sti yl\u00f6sp\u00e4in ja p\u00e4iv\u00e4 oli helteinen. Pikkuhiljaa askeleisiin vanhakin mies tottuu ja tasaisesti &#8211; joskin hitaasti matka taittui aina vaan [&hellip;]<\/p>\n","protected":false},"author":1,"featured_media":0,"comment_status":"open","ping_status":"open","sticky":false,"template":"","format":"standard","meta":{"footnotes":""},"categories":[],"tags":[],"class_list":["post-6532","post","type-post","status-publish","format-standard","hentry"],"_links":{"self":[{"href":"https:\/\/www.kinanen.fi\/nukkekoti\/wp-json\/wp\/v2\/posts\/6532","targetHints":{"allow":["GET"]}}],"collection":[{"href":"https:\/\/www.kinanen.fi\/nukkekoti\/wp-json\/wp\/v2\/posts"}],"about":[{"href":"https:\/\/www.kinanen.fi\/nukkekoti\/wp-json\/wp\/v2\/types\/post"}],"author":[{"embeddable":true,"href":"https:\/\/www.kinanen.fi\/nukkekoti\/wp-json\/wp\/v2\/users\/1"}],"replies":[{"embeddable":true,"href":"https:\/\/www.kinanen.fi\/nukkekoti\/wp-json\/wp\/v2\/comments?post=6532"}],"version-history":[{"count":4,"href":"https:\/\/www.kinanen.fi\/nukkekoti\/wp-json\/wp\/v2\/posts\/6532\/revisions"}],"predecessor-version":[{"id":6544,"href":"https:\/\/www.kinanen.fi\/nukkekoti\/wp-json\/wp\/v2\/posts\/6532\/revisions\/6544"}],"wp:attachment":[{"href":"https:\/\/www.kinanen.fi\/nukkekoti\/wp-json\/wp\/v2\/media?parent=6532"}],"wp:term":[{"taxonomy":"category","embeddable":true,"href":"https:\/\/www.kinanen.fi\/nukkekoti\/wp-json\/wp\/v2\/categories?post=6532"},{"taxonomy":"post_tag","embeddable":true,"href":"https:\/\/www.kinanen.fi\/nukkekoti\/wp-json\/wp\/v2\/tags?post=6532"}],"curies":[{"name":"wp","href":"https:\/\/api.w.org\/{rel}","templated":true}]}}